{"id":2897,"date":"2025-06-12T21:14:48","date_gmt":"2025-06-12T20:14:48","guid":{"rendered":"https:\/\/pressmedias.ma\/?p=2897"},"modified":"2025-06-12T21:14:48","modified_gmt":"2025-06-12T20:14:48","slug":"la-france-reaffirme-son-soutien-au-sahara","status":"publish","type":"post","link":"https:\/\/pressmedias.ma\/?p=2897","title":{"rendered":"la France r\u00e9affirme son soutien au Sahara"},"content":{"rendered":"<p><span class=\"relative -mx-px my-[-0.2rem] rounded px-px py-[0.2rem] transition-colors duration-100 ease-in-out\">Christian Cambon, s\u00e9nateur fran\u00e7ais, a entam\u00e9 une visite de travail de quatre jours au Maroc, \u00e0 la t\u00eate d\u2019une d\u00e9l\u00e9gation de cinq s\u00e9nateurs.<\/span><\/p>\n<p><span class=\"relative -mx-px my-[-0.2rem] rounded px-px py-[0.2rem] transition-colors duration-100 ease-in-out\">Cette visite vise \u00e0 renforcer les relations bilat\u00e9rales d&rsquo;abord, et \u00e0 r\u00e9affirmer le soutien de la France \u00e0 la position marocaine concernant le Sahara.<\/span><\/p>\n<p>&nbsp;<\/p>\n","protected":false},"excerpt":{"rendered":"<p>Christian Cambon, s\u00e9nateur fran\u00e7ais, a entam\u00e9 une visite de travail de quatre jours au Maroc, \u00e0 la t\u00eate d\u2019une d\u00e9l\u00e9gation de cinq s\u00e9nateurs. Cette visite vise \u00e0 renforcer les relations bilat\u00e9rales d&rsquo;abord, et \u00e0 r\u00e9affirmer le soutien de la France \u00e0 la position marocaine concernant le Sahara. &nbsp;<\/p>\n","protected":false},"author":1,"featured_media":2898,"comment_status":"open","ping_status":"open","sticky":false,"template":"","format":"standard","meta":{"footnotes":""},"categories":[24,10],"tags":[],"class_list":["post-2897","post","type-post","status-publish","format-standard","has-post-thumbnail","hentry","category-francais","category-international"],"_links":{"self":[{"href":"https:\/\/pressmedias.ma\/index.php?rest_route=\/wp\/v2\/posts\/2897","targetHints":{"allow":["GET"]}}],"collection":[{"href":"https:\/\/pressmedias.ma\/index.php?rest_route=\/wp\/v2\/posts"}],"about":[{"href":"https:\/\/pressmedias.ma\/index.php?rest_route=\/wp\/v2\/types\/post"}],"author":[{"embeddable":true,"href":"https:\/\/pressmedias.ma\/index.php?rest_route=\/wp\/v2\/users\/1"}],"replies":[{"embeddable":true,"href":"https:\/\/pressmedias.ma\/index.php?rest_route=%2Fwp%2Fv2%2Fcomments&post=2897"}],"version-history":[{"count":1,"href":"https:\/\/pressmedias.ma\/index.php?rest_route=\/wp\/v2\/posts\/2897\/revisions"}],"predecessor-version":[{"id":2899,"href":"https:\/\/pressmedias.ma\/index.php?rest_route=\/wp\/v2\/posts\/2897\/revisions\/2899"}],"wp:featuredmedia":[{"embeddable":true,"href":"https:\/\/pressmedias.ma\/index.php?rest_route=\/wp\/v2\/media\/2898"}],"wp:attachment":[{"href":"https:\/\/pressmedias.ma\/index.php?rest_route=%2Fwp%2Fv2%2Fmedia&parent=2897"}],"wp:term":[{"taxonomy":"category","embeddable":true,"href":"https:\/\/pressmedias.ma\/index.php?rest_route=%2Fwp%2Fv2%2Fcategories&post=2897"},{"taxonomy":"post_tag","embeddable":true,"href":"https:\/\/pressmedias.ma\/index.php?rest_route=%2Fwp%2Fv2%2Ftags&post=2897"}],"curies":[{"name":"wp","href":"https:\/\/api.w.org\/{rel}","templated":true}]}}