{"id":2920,"date":"2025-07-17T00:13:38","date_gmt":"2025-07-16T23:13:38","guid":{"rendered":"https:\/\/pressmedias.ma\/?p=2920"},"modified":"2025-07-17T00:13:38","modified_gmt":"2025-07-16T23:13:38","slug":"pour-insuffler-un-nouveau-dynamisme-aux-cooperatives-innovantes","status":"publish","type":"post","link":"https:\/\/pressmedias.ma\/?p=2920","title":{"rendered":"Pour insuffler un nouveau dynamisme aux coop\u00e9ratives innovantes"},"content":{"rendered":"<p>Dans le cadre de l\u2019organisation\u00a0 de la cinqui\u00e8me \u00e9dition\u00a0 du prix national \u00ab\u00a0G\u00e9n\u00e9ration solidaire\u00a0\u00bb initi\u00e9e par le minist\u00e8re du Tourisme, de l\u2019artisanat et de l\u2019\u00e9conomie sociale et solidaire, et l\u2019Office du d\u00e9veloppement de la coop\u00e9ration (ODCO), des coop\u00e9ratives de jeunes ont \u00e9t\u00e9 prim\u00e9es, mardi 8 juillet 2025, \u00e0 Sal\u00e9. La coop\u00e9rative Bio \u00a0El Yassamine qui a repr\u00e9sent\u00e9 la r\u00e9gion de Beni Mellal kh\u00e9nifra \u00a0a particip\u00e9 \u00a0\u00a0\u00e0 cette exposition qui \u00a0s\u2019assigne pour objectif de magnifier les produits et les initiatives des coop\u00e9ratives marocaines.<\/p>\n<p>D\u2019apr\u00e8s Amina Fikri , pr\u00e9sidente de la coop\u00e9rative Bio \u00a0El Yassamine , celle -ci est situ\u00e9e dans la commune de Tanougha, \u00e0 Ikhourba,, dans la province de B\u00e9ni Mellal. Elle a \u00e9t\u00e9 fond\u00e9e en ao\u00fbt 2021 et compte cinq membres, dont trois femmes et deux hommes. Elle est sp\u00e9cialis\u00e9e dans le secteur agricole, notamment dans la valorisation des plantes locales et la production de cosm\u00e9tiques naturels. Au cours des premi\u00e8res ann\u00e9es suivant sa cr\u00e9ation, a-t-elle ajout\u00e9 ,la coop\u00e9rative a b\u00e9n\u00e9fici\u00e9 de plusieurs formations dans le domaine des plantes et des produits naturels. Ces formations, organis\u00e9es dans diff\u00e9rentes villes du Royaume telles qu\u2019Agadir, Marrakech et Tanger, ont permis aux membres de la coop\u00e9rative\u00a0 d\u2019enrichir leurs connaissances\u00a0 dans le domaine des\u00a0 plantes m\u00e9dicinales et leurs bienfaits. Par la suite, la coop\u00e9rative a commenc\u00e9 \u00e0 d\u00e9velopper ses propres formules de produits sous la marque \u00ab \u00a0El Yassamine Bio \u00bb. Et de poursuivre \u00ab\u00a0Nous sommes tr\u00e8s encourag\u00e9s \u00e0 aller de l\u2019avant par le grand nombre de visiteurs et de touristes qui visitent notre coop\u00e9rative\u00a0 et par la bonne qualit\u00e9 de nos divers produits\u00a0 qui sont le fruit de nos efforts inlassables. En outre , on a particip\u00e9 \u00e0 des salons\u00a0 surtout en 2024\/2025 \u00e0 Demnat , Zaouit Chikh , Imdahen\u00a0 , Tadla , Sal\u00e9\u2026On a organis\u00e9 aussi des portes ouvertes pour encourager la commercialisation de nos produits et une d\u00e9l\u00e9gation de Djibouti a visit\u00e9 notre coop\u00e9rative \u2026\u00a0\u00bb<\/p>\n<p>S\u2019agissant des produits de la coop\u00e9rative pr\u00e9cit\u00e9e , poursuit la pr\u00e9sidente , ils portent sur des champoings , du savon , des cr\u00e8mes , des d\u00e9odorants naturels , des huiles v\u00e9g\u00e9tales naturelles\u00a0 \u00e0 base de s\u00e9same , siwak , du Kh\u00f4l\u00a0 traditionnel ainsi que d\u2019autres produits locaux de tr\u00e8s bonne qualit\u00e9 \u2026<\/p>\n<p>Notre coop\u00e9rative ,ajoute Amina, s\u2019assigne pour objectif de valoriser les produits naturels de haute qualit\u00e9 pour qu\u2019ils soient conformes aux normes internationales, en valorisant les plantes et herbes end\u00e9miques de la r\u00e9gion B\u00e9ni Mellal-Kh\u00e9nifra et de cr\u00e9er des opportunit\u00e9s d\u2019emploi pour les femmes rurales et promouvoir leur autonomisation \u00e9conomique. S\u2019exprimant sur les objectifs de la participation de la coop\u00e9rative Bio \u00a0El Yassamine \u00e0 la cinqui\u00e8me \u00e9dition du prix national \u00ab\u00a0 G\u00e9n\u00e9ration solidaire\u00a0\u00bb \u00e0 Sal\u00e9 , la pr\u00e9sidente a soulign\u00e9\u00a0 que \u00ab\u00a0A l\u2019occasion de la c\u00e9l\u00e9bration de la journ\u00e9e mondiale des coop\u00e9ratives , nous avons d\u00e9cid\u00e9 de participer \u00e0 cette rencontre\u00a0 pour partager des exp\u00e9riences avec d\u2019autres coop\u00e9ratives et faire connaitre nos divers produits\u00a0 traditionnels et de bonne qualit\u00e9\u00a0 dont regorge la r\u00e9gion de Beni Mellal kh\u00e9nifra. Qui plus est, cette exposition nous a \u00e9t\u00e9 tr\u00e8s b\u00e9n\u00e9fique car elle a port\u00e9 ses fruits. En plus, nous \u00e9tions honor\u00e9s par la visite de M Lahcen Saadi , Secr\u00e9taire d\u2019Etat charg\u00e9 de l\u2019Artisanat\u00a0 et de l\u2019\u00e9conomie sociale et solidaire qui a insuffl\u00e9 un nouveau dynamisme \u00e0 l\u2019esprit coop\u00e9ratif des jeunes. Et de conclure \u00ab\u00a0Nos efforts ont \u00e9t\u00e9 r\u00e9compens\u00e9s dans la mesure o\u00f9 on a r\u00e9ussi \u00e0 construire\u00a0 \u00a0notre \u00a0laboratoire \u00a0de haute qualit\u00e9 \u00a0pour la fabrication de nos produits \u2026Ainsi , nous esp\u00e9rons que Bio \u00a0El Yassamine sera \u00a0une coop\u00e9rative pionni\u00e8re\u00a0 dans la fabrication et la commercialisation\u00a0 des produits cosm\u00e9tiques naturels \u00a0et d\u2019autre produits au niveau national et international\u2026\u00a0\u00bb<\/p>\n<p><strong>SAID FRIX alm<\/strong><\/p>\n","protected":false},"excerpt":{"rendered":"<p>Dans le cadre de l\u2019organisation\u00a0 de la cinqui\u00e8me \u00e9dition\u00a0 du prix national \u00ab\u00a0G\u00e9n\u00e9ration solidaire\u00a0\u00bb initi\u00e9e par le minist\u00e8re du Tourisme, de l\u2019artisanat et de l\u2019\u00e9conomie sociale et solidaire, et l\u2019Office du d\u00e9veloppement de la coop\u00e9ration (ODCO), des coop\u00e9ratives de jeunes ont \u00e9t\u00e9 prim\u00e9es, mardi 8 juillet 2025, \u00e0 Sal\u00e9. La coop\u00e9rative Bio \u00a0El Yassamine qui [&hellip;]<\/p>\n","protected":false},"author":4,"featured_media":2921,"comment_status":"open","ping_status":"open","sticky":false,"template":"","format":"standard","meta":{"footnotes":""},"categories":[1],"tags":[],"class_list":["post-2920","post","type-post","status-publish","format-standard","has-post-thumbnail","hentry","category-1"],"_links":{"self":[{"href":"https:\/\/pressmedias.ma\/index.php?rest_route=\/wp\/v2\/posts\/2920","targetHints":{"allow":["GET"]}}],"collection":[{"href":"https:\/\/pressmedias.ma\/index.php?rest_route=\/wp\/v2\/posts"}],"about":[{"href":"https:\/\/pressmedias.ma\/index.php?rest_route=\/wp\/v2\/types\/post"}],"author":[{"embeddable":true,"href":"https:\/\/pressmedias.ma\/index.php?rest_route=\/wp\/v2\/users\/4"}],"replies":[{"embeddable":true,"href":"https:\/\/pressmedias.ma\/index.php?rest_route=%2Fwp%2Fv2%2Fcomments&post=2920"}],"version-history":[{"count":1,"href":"https:\/\/pressmedias.ma\/index.php?rest_route=\/wp\/v2\/posts\/2920\/revisions"}],"predecessor-version":[{"id":2922,"href":"https:\/\/pressmedias.ma\/index.php?rest_route=\/wp\/v2\/posts\/2920\/revisions\/2922"}],"wp:featuredmedia":[{"embeddable":true,"href":"https:\/\/pressmedias.ma\/index.php?rest_route=\/wp\/v2\/media\/2921"}],"wp:attachment":[{"href":"https:\/\/pressmedias.ma\/index.php?rest_route=%2Fwp%2Fv2%2Fmedia&parent=2920"}],"wp:term":[{"taxonomy":"category","embeddable":true,"href":"https:\/\/pressmedias.ma\/index.php?rest_route=%2Fwp%2Fv2%2Fcategories&post=2920"},{"taxonomy":"post_tag","embeddable":true,"href":"https:\/\/pressmedias.ma\/index.php?rest_route=%2Fwp%2Fv2%2Ftags&post=2920"}],"curies":[{"name":"wp","href":"https:\/\/api.w.org\/{rel}","templated":true}]}}