{"id":2925,"date":"2025-07-18T12:23:42","date_gmt":"2025-07-18T11:23:42","guid":{"rendered":"https:\/\/pressmedias.ma\/?p=2925"},"modified":"2025-07-18T12:23:42","modified_gmt":"2025-07-18T11:23:42","slug":"4914-cooperatives-et-82455-adherents-au-niveau-de-la-region-de-beni-mellal-khenifra","status":"publish","type":"post","link":"https:\/\/pressmedias.ma\/?p=2925","title":{"rendered":"4914 coop\u00e9ratives et 82455 adh\u00e9rents  au niveau de la R\u00e9gion de Beni Mellal kh\u00e9nifra"},"content":{"rendered":"<p>Dans le cadre de la c\u00e9l\u00e9bration de la journ\u00e9e internationale des coop\u00e9ratives\u00a0 et en coordination avec le comit\u00e9 provincial de l\u2019Initiative nationale pour le D\u00e9veloppement Humain ( INDH ) et le Centre Aabir\u00a0 , la D\u00e9l\u00e9gation r\u00e9gionale \u00a0de l\u2019Office du d\u00e9veloppement de la coop\u00e9ration R\u00e9gion de Beni Mellal kh\u00e9nifra a organis\u00e9 , jeudi 10 juillet 2025 , \u00e0 la chambre d\u2019Agriculture , de Beni Mellal une rencontre r\u00e9gionale sous le th\u00e8me \u00ab\u00a0 Les coop\u00e9ratives , des solutions globales et durables pour un monde meilleur\u00a0\u00bb<\/p>\n<p>Lors de son intervention , Taoufik Riad ,d\u00e9l\u00e9gu\u00e9 r\u00e9gional a mis l\u2019accent sur les objectifs de cette rencontre qui met en exergue la valorisation du mouvement coop\u00e9ratif , la mise en avant\u00a0 des r\u00e9alisations des coop\u00e9ratives\u00a0 dans la r\u00e9gion et la promotion des \u00e9changes entre les diff\u00e9rents acteurs concern\u00e9s. Apr\u00e8s avoir cit\u00e9\u00a0 les cadre r\u00e9f\u00e9rentiels\u00a0 du secteur coop\u00e9ratif qui\u00a0 sont les Orientations Royales, les programmes du gouvernement et le Nouveau Mod\u00e8le de D\u00e9veloppement ( NMD ), M le D\u00e9l\u00e9gu\u00e9 r\u00e9gional a pass\u00e9 en revue la r\u00e9partition du secteur coop\u00e9ratif au niveau national . Concernant\u00a0 le nombre des coop\u00e9ratives dans\u00a0 provinces relevant de la r\u00e9gion de Beni Mellal kh\u00e9nifra ,\u00a0 Khouribga est au premier rang avec 1137 coop\u00e9ratives\u00a0 et 17110 adh\u00e9rents ( 27%) \u00a0suivie d\u2019Azilal avec 1250 coop\u00e9ratives et 14315 adh\u00e9rents ( 25% ) , Kh\u00e9nifra 809 coop\u00e9ratives ( 8899 adh\u00e9rents ) ( 17% ) , Fkih Ben Salah avec 772 coop\u00e9ratives ( 22837 adh\u00e9rents ) ( 16% ) \u00a0et Beni Mellal 746 coop\u00e9ratives et 19294 \u00a0adh\u00e9rents ) ( 15% ) . Ainsi , le nombre global des coop\u00e9ratives au niveau de Beni Mellal kh\u00e9nifra\u00a0 est de 4914 coop\u00e9ratives et 82455 adh\u00e9rents . Au niveau de la r\u00e9partition des coop\u00e9ratives \u00a0selon les \u00a0secteurs , en 2024, l\u2019on distingue le domaine agricole au premier rang avec 3192 coop\u00e9ratives et 66539 adh\u00e9rents\u00a0 suivi de l\u2019Artisanat avec 997 coop\u00e9ratives et 7409 adh\u00e9rents , pour ce qui est de la r\u00e9partition des coop\u00e9ratives f\u00e9minines\u00a0 selon les provinces , Azilal avec\u00a0 128 coop\u00e9ratives et 11273 adh\u00e9rentes , Beni Mellal 126 coop\u00e9ratives\u00a0 ( 1421 adh\u00e9rentes ), Fkih Ben Salah avec 77 coop\u00e9ratives f\u00e9minines et 547 adh\u00e9rentes , Kh\u00e9nifra 111 coop\u00e9ratives et (997\u00a0 adh\u00e9rentes ) \u00a0\u00a0et\u00a0 Khouribga 111 coop\u00e9ratives et\u00a0 701 adh\u00e9rentes . Ainsi , le nombre total des coop\u00e9ratives f\u00e9minines au niveau de la r\u00e9gion Beni Mellal kh\u00e9nifra est de 553 coop\u00e9ratives\u00a0 et 4939 adh\u00e9rentes. Toujours d\u2019apr\u00e8s l\u2019intervention de M Riad , la r\u00e9partition des coop\u00e9ratives f\u00e9minines\u00a0 selon les secteurs\u00a0 classe l\u2019artisanat au premier rang avec 307 coop\u00e9ratives artisanales et 2522 membres , l\u2019agriculture avec 1945 membres et\u00a0 176 coop\u00e9ratives agricoles , autres avec 472 membres et 70 coop\u00e9ratives. Par la suite , M le d\u00e9l\u00e9gu\u00e9 r\u00e9gional a mis en exergue un grand nombre d\u2019axes , \u00e0 savoir ,les grands d\u00e9fis du secteur des coop\u00e9ratives , le Direction et la gestion, les contraintes de la commercialisation, limitation des capacit\u00e9s et des comp\u00e9tences des coop\u00e9ratives\u2026 Pour sa part , l\u2019expos\u00e9 du Chef de la DAS , Abderrahmane Jabeur a port\u00e9, en g\u00e9n\u00e9ral, sur la contribution\u00a0 de l\u2019INDH dans l\u2019autonomisation\u00a0 \u00e9conomique des coop\u00e9ratives. Ainsi , son intervention a mis l\u2019accent , d\u2019une mani\u00e8re g\u00e9n\u00e9rale ,sur un rappel des programmes\u00a0 de INDH et surtout ceux de la troisi\u00e8me phase mettant l\u2019accent sur l\u2019am\u00e9lioration du revenu\u00a0 et l\u2019affermissement\u00a0 de l\u2019int\u00e9gration \u00e9conomique des jeunes\u2026Le Responsable a ensuite mis en exergue\u00a0 le bilan\u00a0 de la mise en \u0153uvre du troisi\u00e8me programme de INDH \u00e0 la province de Beni Mellal au niveau du nombre des projets r\u00e9alis\u00e9s ( troisi\u00e8me phase de INDH 2019\/2024 ) ainsi que la r\u00e9partition des projets concr\u00e9tis\u00e9s au niveau des coop\u00e9ratives\u00a0 selon le mod\u00e8le g\u00e9ographique, les d\u00e9fis et les recommandations\u2026<\/p>\n<p>D\u2019autres interventions , \u00e0 savoir , celles du Centre Aabir , l\u2019Agence de d\u00e9veloppement social\u00a0 et la direction r\u00e9gionale de l\u2019Artisanat ont mis l\u2019accent sur un grand nombre d\u2019axes relatifs aux coop\u00e9ratives.<\/p>\n<p><strong>SAID FRIX ALM<\/strong><\/p>\n","protected":false},"excerpt":{"rendered":"<p>Dans le cadre de la c\u00e9l\u00e9bration de la journ\u00e9e internationale des coop\u00e9ratives\u00a0 et en coordination avec le comit\u00e9 provincial de l\u2019Initiative nationale pour le D\u00e9veloppement Humain ( INDH ) et le Centre Aabir\u00a0 , la D\u00e9l\u00e9gation r\u00e9gionale \u00a0de l\u2019Office du d\u00e9veloppement de la coop\u00e9ration R\u00e9gion de Beni Mellal kh\u00e9nifra a organis\u00e9 , jeudi 10 juillet [&hellip;]<\/p>\n","protected":false},"author":4,"featured_media":2926,"comment_status":"open","ping_status":"open","sticky":false,"template":"","format":"standard","meta":{"footnotes":""},"categories":[1],"tags":[],"class_list":["post-2925","post","type-post","status-publish","format-standard","has-post-thumbnail","hentry","category-1"],"_links":{"self":[{"href":"https:\/\/pressmedias.ma\/index.php?rest_route=\/wp\/v2\/posts\/2925","targetHints":{"allow":["GET"]}}],"collection":[{"href":"https:\/\/pressmedias.ma\/index.php?rest_route=\/wp\/v2\/posts"}],"about":[{"href":"https:\/\/pressmedias.ma\/index.php?rest_route=\/wp\/v2\/types\/post"}],"author":[{"embeddable":true,"href":"https:\/\/pressmedias.ma\/index.php?rest_route=\/wp\/v2\/users\/4"}],"replies":[{"embeddable":true,"href":"https:\/\/pressmedias.ma\/index.php?rest_route=%2Fwp%2Fv2%2Fcomments&post=2925"}],"version-history":[{"count":1,"href":"https:\/\/pressmedias.ma\/index.php?rest_route=\/wp\/v2\/posts\/2925\/revisions"}],"predecessor-version":[{"id":2927,"href":"https:\/\/pressmedias.ma\/index.php?rest_route=\/wp\/v2\/posts\/2925\/revisions\/2927"}],"wp:featuredmedia":[{"embeddable":true,"href":"https:\/\/pressmedias.ma\/index.php?rest_route=\/wp\/v2\/media\/2926"}],"wp:attachment":[{"href":"https:\/\/pressmedias.ma\/index.php?rest_route=%2Fwp%2Fv2%2Fmedia&parent=2925"}],"wp:term":[{"taxonomy":"category","embeddable":true,"href":"https:\/\/pressmedias.ma\/index.php?rest_route=%2Fwp%2Fv2%2Fcategories&post=2925"},{"taxonomy":"post_tag","embeddable":true,"href":"https:\/\/pressmedias.ma\/index.php?rest_route=%2Fwp%2Fv2%2Ftags&post=2925"}],"curies":[{"name":"wp","href":"https:\/\/api.w.org\/{rel}","templated":true}]}}