{"id":2943,"date":"2025-07-24T01:33:49","date_gmt":"2025-07-24T00:33:49","guid":{"rendered":"https:\/\/pressmedias.ma\/?p=2943"},"modified":"2025-07-24T01:33:49","modified_gmt":"2025-07-24T00:33:49","slug":"entretien-avec-mounia-lamkimel-artiste","status":"publish","type":"post","link":"https:\/\/pressmedias.ma\/?p=2943","title":{"rendered":"Entretien avec Mounia Lamkimel artiste"},"content":{"rendered":"<p>\u00ab\u00a0A mon avis , le succ\u00e8s en g\u00e9n\u00e9ral\u00a0 ne tient \u00e0 aucun secret. Il repose sur une formule simple : d\u2019abord, le talent, qui est un don divin. Ensuite, la formation continue\u00a0\u00bb<\/p>\n<p><strong>\u00a0<\/strong><\/p>\n<p><strong>En marge de sa participation au festival Ithrane \u00e0 Ait Attab o\u00f9 un vibrant hommage lui a \u00e9t\u00e9 rendu, l\u2019artiste Mounia Lamkimel nous livre les secrets d\u2019un parcours artistique digne de ce nom. D\u00e8s son enfance , Mounia a \u00e9t\u00e9 passionn\u00e9e par l\u2019art dramatique qui lui a ouvert , par la suite , des horizons artistiques qui brillent de mille feux. Ainsi, son parcours artistique trace l\u2019ambition d\u2019une femme qui a r\u00e9ussi \u00a0\u00a0\u00e0 i faire de ses exploits artistiques \u00a0tout un monde de cons\u00e9crations et de r\u00e9ussites.<\/strong><\/p>\n<p><strong>ALM\u00a0:<\/strong> le th\u00e9\u00e2tre \u00e9tait votre grande passion depuis votre enfance. Pourriez-vous nous parler du d\u00e9but de votre parcours artistique\u00a0?<\/p>\n<p>&nbsp;<\/p>\n<p><strong>Mounia Lamkimel\u00a0:<\/strong>tout a commenc\u00e9 \u00e0 l\u2019\u00e9cole Al-Fadila pour filles, o\u00f9 j\u2019ai fait ma scolarit\u00e9 primaire. Chaque ann\u00e9e, je participais aux c\u00e9l\u00e9brations de la F\u00eate du Tr\u00f4ne organis\u00e9es au sein de l\u2019\u00e9cole. D\u00e8s mon jeune \u00e2ge, j\u2019\u00e9tais fascin\u00e9e par cette f\u00eate ch\u00e8re au peuple marocain, empreinte de fiert\u00e9. Je faisais partie de celles \u00a0et ceux qui pr\u00e9sentaient \u00a0des sayn\u00e8tes. Et nous \u00e9tions en plus passionn\u00e9s par le travail associatif et le volontariat. J\u2019ai \u00e9galement pris part \u00e0 plusieurs activit\u00e9s, notamment le dessin et le chant, pour lesquelles j\u2019ai remport\u00e9 un prix au niveau r\u00e9gional. Ce qui m\u2019a encourag\u00e9e \u00e0 participer \u00e0 des formations au centre culturel et \u00e0 la Maison des jeunes.<\/p>\n<p>Depuis l\u2019enfance, je me suis naturellement dirig\u00e9e vers des initiatives en faveur de la jeunesse. \u00c0 l\u2019\u00e2ge de 16 ans, j\u2019ai particip\u00e9 \u00e0 une formation du minist\u00e8re de la Jeunesse et des Sports afin d\u2019encadrer et de former les cadres \u00a0des colonies de vacances. \u00c0 l\u2019issue de cette formation, \u00a0je suis devenue un cadre national .. J\u2019\u00e9tais aussi membre de l\u2019Association des enseignants de sciences de la vie et de la terre, \u00a0et d\u2019autres \u00a0associations artistiques. Par la suite , j\u2019ai \u00e9t\u00e9 sacr\u00e9e meilleure actrice\u00a0 au th\u00e9\u00e2tre municipal d\u2019El Jadida . Cette cons\u00e9cration m\u2019a incit\u00e9e d\u2019aller de l\u2019avant en vue de r\u00e9aliser les objectifs escompt\u00e9s. C\u2019\u00e9tait un v\u00e9ritable d\u00e9clic qui m\u2019a encourag\u00e9e \u00e0 envisager\u00a0 une carri\u00e8re professionnelle et des \u00e9tudes approfondies dans le domaine du th\u00e9\u00e2tre<\/p>\n<p><strong>Pourriez- vous nous d\u00e9finir la com\u00e9die\u00a0?<\/strong><\/p>\n<p>En ce qui concerne la com\u00e9die, je constate qu\u2019il existe plusieurs formes \u00a0de com\u00e9dies que le grand public ne distingue pas toujours ais\u00e9ment. Il y a le comique verbal , gestuel\u00a0; des situations qui provoquent le rire , le sarcasme , la com\u00e9die noire\u2026 Je n\u2019ai jamais cherch\u00e9 tout ce qui est verbal \u00a0pour faire rire , il y a un genre de sarcasme intelligent . En outre, je ne cherche pas \u00e0 faire rire\u00a0 \u00e0 partir d\u2019un quelconque sarcasme,\u00a0 de tout ce qui est corporel en faisant des grimaces\u2026je n\u2019aime pas ce genre de com\u00e9die, c\u2019est la situation qui fait rire.<\/p>\n<p><strong>A votre avis , le th\u00e9\u00e2tre est-il meilleur que le\u00a0 cin\u00e9ma et la t\u00e9l\u00e9vision\u00a0? Pourquoi\u00a0?<\/strong><\/p>\n<p>\u00c0 la question de savoir si je pr\u00e9f\u00e8re le cin\u00e9ma, le th\u00e9\u00e2tre ou la t\u00e9l\u00e9vision, je r\u00e9ponds que je privil\u00e9gie le th\u00e9\u00e2tre, car la lumi\u00e8re et la c\u00e9l\u00e9brit\u00e9 ne sont pas mes priorit\u00e9s. Depuis mon enfance, mon ambition a toujours \u00e9t\u00e9 de travailler dans ce domaine par passion, et non par qu\u00eate de notori\u00e9t\u00e9. Le th\u00e9\u00e2tre est un atelier de formations et de recherches riches et diversifi\u00e9es, c\u2019est le contact direct avec le public et celui qui n\u2019a pas fait de th\u00e9\u00e2tre ne pourra jamais r\u00e9ussir dans son parcours artistique. En g\u00e9n\u00e9ral , l\u2019immunit\u00e9 s\u2019acquiert\u00a0 sur\u00a0 sc\u00e8ne . <a href=\"https:\/\/citations.ouest-france.fr\/citation-sacha-guitry\/faut-etre-amoureux-theatre-faut-121838.html\">Il ne faut pas \u00eatre amoureux du th\u00e9\u00e2tre&#8230; il faut l&rsquo;adorer. Ce n&rsquo;est pas un m\u00e9tier, le th\u00e9\u00e2tre, c&rsquo;est une passion !<\/a> pour reprendre la citation de Sacha Guitry<\/p>\n<p><strong>Quel est le secret de votre r\u00e9ussite dans l\u2019univers artistique\u00a0?<\/strong><\/p>\n<p>A mon avis , le succ\u00e8s en g\u00e9n\u00e9ral \u00a0ne tient \u00e0 aucun secret. Il repose sur une formule simple : d\u2019abord, le talent, qui est un don divin. Ensuite, la formation continue, sans d\u00e9but ni fin, \u00e0 travers les ateliers, les sc\u00e8nes de th\u00e9\u00e2tre, les maisons de jeunes et les centres culturels. L\u2019humilit\u00e9 est \u00e9galement essentielle dans ce parcours.<\/p>\n<p>J\u2019ai particip\u00e9 \u00e0 de nombreuses pi\u00e8ces sur les grandes sc\u00e8nes th\u00e9\u00e2trales du Royaume. Pour moi, le v\u00e9ritable succ\u00e8s r\u00e9side dans la capacit\u00e9 \u00e0 incarner des r\u00f4les, \u00e0 leur donner vie et \u00e0 les r\u00e9ussir. La cl\u00e9 est la pers\u00e9v\u00e9rance, car le succ\u00e8s est un processus continu.<\/p>\n<p><strong>Pourriez-vous\u00a0 nous parler en quelques mots de la troupe Labsat\u00a0?<\/strong><\/p>\n<p>Concernant \u00a0la troupe Al bsat , c\u2019est un genre de \u00a0spectacle \u00a0populaire \u00a0qui est \u00a0\u00a0tr\u00e8s connu . Il s\u2019agit \u00a0de la \u00a0troupe \u00a0gr\u00e2ce \u00e0 laquelle ma passion a vu le jour lorsque j\u2019\u00e9tais encore adolescente. Des jeunes de Benslimane , des lyc\u00e9ens. Nous nous \u00e9tions rencontr\u00e9s et nous avions d\u00e9cid\u00e9 de participer \u00e0 des formations. Ainsi , nous avions poursuivi nos \u00e9tudes\u00a0 et pr\u00e9sent\u00e9 des pi\u00e8ces de th\u00e9\u00e2tres \u00e0 la maison des jeunes\u00a0 et pendant les festivals du th\u00e9\u00e2tre scolaire\u2026Rappelons que la <strong>troupe Al Bsat\u00a0 qui <\/strong>\u00a0a \u00e9t\u00e9 fond\u00e9e en <strong>1999<\/strong>, \u00a0a \u00e9volu\u00e9 du th\u00e9\u00e2tre scolaire et jeunesse vers le th\u00e9\u00e2tre professionnel. Ainsi , cette troupe a repr\u00e9sent\u00e9 le Maroc \u00e0 plusieurs reprises au niveau arabe et international , au <strong>Kowe\u00eft<\/strong>, en <strong>Tunisie<\/strong> et en <strong>Cor\u00e9e du Sud<\/strong>, \u00a0et a remport\u00e9 des <strong>prix prestigieux<\/strong> lors du Festival national du th\u00e9\u00e2tre de jeunesse dans six \u00e9ditions sur dix. La troupe a \u00a0sillonn\u00e9 \u00a0les diff\u00e9rentes r\u00e9gions du Royaume avec des pi\u00e8ces \u00a0comme <em>\u00ab\u202fInfertilit\u00e9 d\u2019illusion\u202f\u00bb<\/em>, <em>\u00ab\u202fLa Tente\u202f\u00bb<\/em>, <em>\u00ab\u202fLes Rames du Vent\u202f\u00bb<\/em>, <em>\u2026<\/em><\/p>\n<p><em>Said frix ALM<\/em><\/p>\n","protected":false},"excerpt":{"rendered":"<p>\u00ab\u00a0A mon avis , le succ\u00e8s en g\u00e9n\u00e9ral\u00a0 ne tient \u00e0 aucun secret. Il repose sur une formule simple : d\u2019abord, le talent, qui est un don divin. Ensuite, la formation continue\u00a0\u00bb \u00a0 En marge de sa participation au festival Ithrane \u00e0 Ait Attab o\u00f9 un vibrant hommage lui a \u00e9t\u00e9 rendu, l\u2019artiste Mounia Lamkimel [&hellip;]<\/p>\n","protected":false},"author":4,"featured_media":2944,"comment_status":"open","ping_status":"open","sticky":false,"template":"","format":"standard","meta":{"footnotes":""},"categories":[1],"tags":[],"class_list":["post-2943","post","type-post","status-publish","format-standard","has-post-thumbnail","hentry","category-1"],"_links":{"self":[{"href":"https:\/\/pressmedias.ma\/index.php?rest_route=\/wp\/v2\/posts\/2943","targetHints":{"allow":["GET"]}}],"collection":[{"href":"https:\/\/pressmedias.ma\/index.php?rest_route=\/wp\/v2\/posts"}],"about":[{"href":"https:\/\/pressmedias.ma\/index.php?rest_route=\/wp\/v2\/types\/post"}],"author":[{"embeddable":true,"href":"https:\/\/pressmedias.ma\/index.php?rest_route=\/wp\/v2\/users\/4"}],"replies":[{"embeddable":true,"href":"https:\/\/pressmedias.ma\/index.php?rest_route=%2Fwp%2Fv2%2Fcomments&post=2943"}],"version-history":[{"count":1,"href":"https:\/\/pressmedias.ma\/index.php?rest_route=\/wp\/v2\/posts\/2943\/revisions"}],"predecessor-version":[{"id":2945,"href":"https:\/\/pressmedias.ma\/index.php?rest_route=\/wp\/v2\/posts\/2943\/revisions\/2945"}],"wp:featuredmedia":[{"embeddable":true,"href":"https:\/\/pressmedias.ma\/index.php?rest_route=\/wp\/v2\/media\/2944"}],"wp:attachment":[{"href":"https:\/\/pressmedias.ma\/index.php?rest_route=%2Fwp%2Fv2%2Fmedia&parent=2943"}],"wp:term":[{"taxonomy":"category","embeddable":true,"href":"https:\/\/pressmedias.ma\/index.php?rest_route=%2Fwp%2Fv2%2Fcategories&post=2943"},{"taxonomy":"post_tag","embeddable":true,"href":"https:\/\/pressmedias.ma\/index.php?rest_route=%2Fwp%2Fv2%2Ftags&post=2943"}],"curies":[{"name":"wp","href":"https:\/\/api.w.org\/{rel}","templated":true}]}}