{"id":2956,"date":"2025-08-03T12:18:07","date_gmt":"2025-08-03T11:18:07","guid":{"rendered":"https:\/\/pressmedias.ma\/?p=2956"},"modified":"2025-08-03T12:18:07","modified_gmt":"2025-08-03T11:18:07","slug":"un-festival-au-service-du-developpement-socioeconomique-et-touristique","status":"publish","type":"post","link":"https:\/\/pressmedias.ma\/?p=2956","title":{"rendered":"Un festival au service du d\u00e9veloppement socio\u00e9conomique et touristique"},"content":{"rendered":"<p><strong>A l\u2019occasion de la c\u00e9l\u00e9bration de <\/strong><strong>la F\u00eate du Tr\u00f4ne<\/strong>, <strong>marquant le 26\u1d49 anniversaire de l\u2019intronisation de Sa Majest\u00e9 le Roi Mohammed VI, que Dieu L\u2019assiste, en comm\u00e9moration<\/strong> <strong>de<\/strong> <strong>la Journ\u00e9e nationale du migrant<\/strong> <strong>et\u00a0 en partenariat avec la commune de<\/strong> <strong>Moulay A\u00efssa Ben Driss<\/strong>, <strong>le<\/strong> <strong>Minist\u00e8re de la Jeunesse, de la Culture et de la Communication \u2013 secteur de la culture<\/strong>, <strong>du<\/strong> <strong>Conseil r\u00e9gional de B\u00e9ni Mellal-Kh\u00e9nifra<\/strong>, <strong>la<\/strong> <strong>Direction r\u00e9gionale de la culture de B\u00e9ni Mellal-Kh\u00e9nifra<\/strong> <strong>et d\u2019autres acteurs concern\u00e9s\u00a0; l\u2019Association Ithrane pour la cr\u00e9ation th\u00e9\u00e2trale ,l\u2019animation culturelle et les arts de la rue \u00e0 A\u00eft Aatab a organis\u00e9 les 10, 11 et 12 juillet 2025<\/strong> <strong>la quatri\u00e8me \u00e9dition du Festival national \u00a0sous le th\u00e8me \u00ab\u00a0Le th\u00e9\u00e2tre viendra chez vous\u00a0\u00bb<\/strong>.<\/p>\n<p>En s\u2019inscrivant dans une dynamique de <strong>tradition artistique et culturelle annuelle dans la r\u00e9gion<\/strong>, Le Festival Ithrane, \u00a0vise \u00e0 <strong>renforcer la dynamique de d\u00e9veloppement que conna\u00eet le Maroc<\/strong> \u00e0 travers la consolidation de la sc\u00e8ne th\u00e9\u00e2trale et artistique, consid\u00e9r\u00e9e comme l\u2019un de ses enjeux majeurs. Parmi ses objectifs prioritaires figurent la <strong>mise en valeur de la culture de la r\u00e9gion B\u00e9ni Mellal-Kh\u00e9nifra<\/strong><strong>,<\/strong> la <strong>cr\u00e9ation d\u2019un espace d\u2019expression et de rencontre pour les artistes et les com\u00e9diens<\/strong> dans un esprit de respect de la diversit\u00e9, ainsi que <strong>la promotion du tourisme<\/strong> au sein de la r\u00e9gion et particuli\u00e8rement dans la province d\u2019Azilal et la localit\u00e9 d\u2019A\u00eft Aatab. Ainsi, cette quatri\u00e8me \u00e9dition de ce festival a port\u00e9 , entre autres , sur des repr\u00e9sentations th\u00e9\u00e2trales , des ateliers de formation,\u00a0 des master class , des expositions des produits de terroir et d\u2019artisanat local , des spectacles artistiques , un carnaval musical , des chansons folkloriques , Ahidous\u2026La c\u00e9r\u00e9monie de cl\u00f4ture s\u2019est distingu\u00e9e par des prestations musicales \u00e9blouissantes, m\u00ealant cr\u00e9ativit\u00e9 patrimoniale authentique et influences contemporaines. Le groupe <em>Taymat<\/em> de Zagora a enchant\u00e9 le public avec une performance impr\u00e9gn\u00e9e de rythmes sahariens et de sonorit\u00e9s traditionnelles. Il a \u00e9t\u00e9 suivi par le groupe <em>A\u00eft Wassif<\/em>, qui a pr\u00e9sent\u00e9 des tableaux musicaux inspir\u00e9s du riche h\u00e9ritage amazigh local, dans une parfaite harmonie entre authenticit\u00e9 et renouveau. Et le public qui a assist\u00e9 aux diff\u00e9rents spectacles a exprim\u00e9 sa profonde admiration pour les diff\u00e9rentes s\u00e9quences de la soir\u00e9e de cl\u00f4ture, dans une ambiance refl\u00e9tant l\u2019attachement croissant des habitants de la r\u00e9gion \u00e0 cet \u00e9v\u00e9nement culturel et artistique devenu un rendez-vous annuel tr\u00e8s attendu.<\/p>\n<p>\u00ab\u00a0La soir\u00e9e de cl\u00f4ture s\u2019est d\u00e9roul\u00e9e dans une atmosph\u00e8re festive et joyeuse, illustrant le grand succ\u00e8s qu\u2019a connu cette \u00e9dition tout au long de ses journ\u00e9es, tant par la richesse de sa programmation artistique que par l\u2019engouement du public, dans un cadre estival des plus agr\u00e9ables.\u00a0\u00bb a soulign\u00e9 un homme d\u2019Ait Aatab<\/p>\n<p>S\u2019exprimant au sujet de ce festival , Abdessamad Najimi , Directeur artistique du festival \u00a0a not\u00e9 \u00a0que cette soir\u00e9e a \u00e9galement \u00e9t\u00e9 marqu\u00e9e par la remise d\u2019attestations honorifiques et de certificats de participation aux coop\u00e9ratives exposantes au salon des produits du terroir, ainsi qu\u2019aux membres du comit\u00e9 d\u2019organisation et \u00e0 la direction du festival.\u00a0\u00ab\u00a0 \u00c0 cette occasion, le centre d\u2019A\u00eft Aatab a vu la r\u00e9alisation de magnifiques fresques murales, qui ont embelli l\u2019espace public. Celles-ci sont le fruit de la cr\u00e9ativit\u00e9 des artistes plasticiens Lahbib El Hajjamy et Abderrahmane Amzilen, dans le cadre d\u2019une initiative visant \u00e0 valoriser l\u2019esth\u00e9tique des espaces publics et \u00e0 d\u00e9velopper le sens artistique des habitants, en particulier chez les jeunes. Cette soir\u00e9e a \u00e9t\u00e9 aussi marqu\u00e9e par l\u2019hommage rendu \u00e0 l\u2019artiste Mounia Lamkimel et \u00e0 l\u2019acteur Youssef El Joundi.\u00a0\u00bb a-t-il conclu<\/p>\n<p>D\u2019apr\u00e8s les organisateurs du festival pr\u00e9cit\u00e9 , L\u2019association r\u00e9it\u00e8re enfin son engagement \u00e0 poursuivre ses efforts pour ancrer durablement des traditions culturelles et artistiques \u00e0 A\u00eft Aatab, et pour renforcer la position du festival en tant que passerelle de dialogue entre les g\u00e9n\u00e9rations et les cultures, et en tant qu\u2019espace vivant de c\u00e9l\u00e9bration de la cr\u00e9ativit\u00e9 sous toutes ses formes. Le festival mise ainsi sur le th\u00e9\u00e2tre et l\u2019action culturelle et artistique comme leviers essentiels de rayonnement et de d\u00e9veloppement culturel et touristique de toute la r\u00e9gion.<\/p>\n<p><strong>SAID FRIX ALM<\/strong><\/p>\n","protected":false},"excerpt":{"rendered":"<p>A l\u2019occasion de la c\u00e9l\u00e9bration de la F\u00eate du Tr\u00f4ne, marquant le 26\u1d49 anniversaire de l\u2019intronisation de Sa Majest\u00e9 le Roi Mohammed VI, que Dieu L\u2019assiste, en comm\u00e9moration de la Journ\u00e9e nationale du migrant et\u00a0 en partenariat avec la commune de Moulay A\u00efssa Ben Driss, le Minist\u00e8re de la Jeunesse, de la Culture et de [&hellip;]<\/p>\n","protected":false},"author":4,"featured_media":0,"comment_status":"open","ping_status":"open","sticky":false,"template":"","format":"standard","meta":{"footnotes":""},"categories":[1],"tags":[],"class_list":["post-2956","post","type-post","status-publish","format-standard","hentry","category-1"],"_links":{"self":[{"href":"https:\/\/pressmedias.ma\/index.php?rest_route=\/wp\/v2\/posts\/2956","targetHints":{"allow":["GET"]}}],"collection":[{"href":"https:\/\/pressmedias.ma\/index.php?rest_route=\/wp\/v2\/posts"}],"about":[{"href":"https:\/\/pressmedias.ma\/index.php?rest_route=\/wp\/v2\/types\/post"}],"author":[{"embeddable":true,"href":"https:\/\/pressmedias.ma\/index.php?rest_route=\/wp\/v2\/users\/4"}],"replies":[{"embeddable":true,"href":"https:\/\/pressmedias.ma\/index.php?rest_route=%2Fwp%2Fv2%2Fcomments&post=2956"}],"version-history":[{"count":1,"href":"https:\/\/pressmedias.ma\/index.php?rest_route=\/wp\/v2\/posts\/2956\/revisions"}],"predecessor-version":[{"id":2966,"href":"https:\/\/pressmedias.ma\/index.php?rest_route=\/wp\/v2\/posts\/2956\/revisions\/2966"}],"wp:attachment":[{"href":"https:\/\/pressmedias.ma\/index.php?rest_route=%2Fwp%2Fv2%2Fmedia&parent=2956"}],"wp:term":[{"taxonomy":"category","embeddable":true,"href":"https:\/\/pressmedias.ma\/index.php?rest_route=%2Fwp%2Fv2%2Fcategories&post=2956"},{"taxonomy":"post_tag","embeddable":true,"href":"https:\/\/pressmedias.ma\/index.php?rest_route=%2Fwp%2Fv2%2Ftags&post=2956"}],"curies":[{"name":"wp","href":"https:\/\/api.w.org\/{rel}","templated":true}]}}