{"id":2958,"date":"2025-08-03T12:17:12","date_gmt":"2025-08-03T11:17:12","guid":{"rendered":"https:\/\/pressmedias.ma\/?p=2958"},"modified":"2025-08-03T12:17:13","modified_gmt":"2025-08-03T11:17:13","slug":"une-distinction-mondiale-honorable-pour-med-v-robotics-du-lycee-technique-mohammed-v-a-eindhoven","status":"publish","type":"post","link":"https:\/\/pressmedias.ma\/?p=2958","title":{"rendered":"Une distinction mondiale honorable pour \u00ab MED V Robotics \u00bb du Lyc\u00e9e Technique Mohammed V \u00e0 Eindhoven"},"content":{"rendered":"<p>L\u2019\u00e9quipe de robotique \u00ab MED V Robotics \u00bb, relevant du Lyc\u00e9e Technique Mohammed V de Beni Mellal, a brillamment repr\u00e9sent\u00e9 le Maroc en r\u00e9alisant une performance des plus honorables lors de la comp\u00e9tition internationale qui s\u2019est tenue \u00e0 Eindhoven, aux Pays-Bas, du 1er au 5 juillet 2025. Gr\u00e2ce \u00e0 ses efforts soutenus, l\u2019\u00e9quipe a su se hisser \u00e0 un rang avanc\u00e9, surpassant plusieurs \u00e9quipes africaines, arabes et marocaines participantes, affirmant ainsi son potentiel prometteur sur la sc\u00e8ne internationale.<\/p>\n<p>Le Directeur du Lyc\u00e9e Technique Mohammed V de Beni Mellal\u00a0 et responsable de l\u2019\u00e9quipe robotique pr\u00e9cit\u00e9e\u00a0 a soulign\u00e9 que cette \u00e9quipe avait r\u00e9alis\u00e9 une performance mondiale des plus honorables aux Pays-Bas lors de sa participation \u00e0 la comp\u00e9tition internationale, qui s\u2019est tenue du 1er au 5 juillet 2025 et que ce sacre n\u2019a pas \u00e9t\u00e9 facile \u00e0 obtenir : il est le fruit d\u2019efforts consid\u00e9rables et d\u2019un travail collectif harmonieux, marqu\u00e9 par l\u2019implication enthousiaste et comp\u00e9tente des \u00e9l\u00e8ves, sous l\u2019encadrement de deux enseignantes remarquables, Mme Widad Mahboub et Mme Sa\u00e2dia La\u00e2ssili et\u00a0 le soutien apport\u00e9 par l\u2019Association des parents d\u2019\u00e9l\u00e8ves ainsi que par plusieurs partenaires et acteurs \u00e9ducatifs<\/p>\n<p>Et d\u2019ajouter \u00ab\u00a0Et malgr\u00e9 les grandes disparit\u00e9s de moyens par rapport \u00e0 certaines \u00e9quipes europ\u00e9ennes et am\u00e9ricaines, notre \u00e9quipe a su faire preuve d\u2019un excellent niveau technique, alli\u00e9 \u00e0 une remarquable force mentale, ce qui lui a permis de surpasser de nombreuses \u00e9quipes africaines, arabes et m\u00eame internationales, et de d\u00e9crocher un classement tr\u00e8s honorable. C\u2019est une v\u00e9ritable source de fiert\u00e9 pour toute la province.\u00a0\u00bb<\/p>\n<p>Ce succ\u00e8s, a-t-il poursuivi , ne constitue pas uniquement une distinction pour l\u2019\u00e9quipe, mais porte \u00e9galement un message d\u2019espoir : la jeunesse marocaine, lorsqu\u2019elle en a la possibilit\u00e9, est capable de relever les d\u00e9fis et d\u2019atteindre l\u2019excellence \u00e0 l\u2019\u00e9chelle mondiale. Il est toutefois essentiel de mettre en place des conditions mat\u00e9rielles favorables, notamment par un financement ad\u00e9quat de ces comp\u00e9titions internationales.<\/p>\n<p>D\u2019apr\u00e8s M Bouhouta , il \u00a0est ind\u00e9niable que certaines \u00e9quipes europ\u00e9ennes et am\u00e9ricaines b\u00e9n\u00e9ficient encore d\u2019un avantage relatif, principalement en raison des moyens financiers importants dont elles disposent, leur permettant de d\u00e9velopper des recherches de pointe et de concevoir des robots hautement sophistiqu\u00e9s. Toutefois, la remarquable performance de notre \u00e9quipe constitue une source d\u2019inspiration et d\u2019espoir, et t\u00e9moigne du fait que le Maroc regorge de talents capables de se d\u00e9marquer et de rivaliser avec les meilleurs \u00e0 l\u2019\u00e9chelle mondiale.<\/p>\n<p>\u00ab\u00a0Enfin, nous adressons nos sinc\u00e8res remerciements \u00e0 toutes les personnes qui ont contribu\u00e9, de pr\u00e8s ou de loin, \u00e0 la r\u00e9alisation de cet exploit. Nous aspirons \u00e0 poursuivre cette dynamique d\u2019excellence et \u00e0 hisser haut les couleurs du Maroc dans toutes les manifestations internationales. Notre \u00e9quipe a brillamment d\u00e9croch\u00e9 la <strong>premi\u00e8re place au niveau africain et dans le monde arabe<\/strong>, dans une comp\u00e9tition qui a rassembl\u00e9 de nombreuses \u00e9quipes issues des diff\u00e9rentes r\u00e9gions du globe. F\u00e9licitations chaleureuses \u00e0 l\u2019\u00e9quipe \u00ab MED V Robotics \u00bb pour cette performance \u00e9clatante ! Vous \u00eates, sans conteste, la fiert\u00e9 du Lyc\u00e9e Technique Mohammed V et de tout le Royaume ! Merci \u00e0 toutes les personnes ayant contribu\u00e9 \u00e0 ce succ\u00e8s, qui n\u2019est pas une fin en soi, mais bien un <strong>point de d\u00e9part vers davantage de rayonnement et d\u2019innovation\u00a0\u00bb a conclu M le Directeur du Lyc\u00e9e susmentionn\u00e9.<\/strong><\/p>\n<p>Notons que la \u00a0qualification pour la participation internationale est intervenue \u00e0 l\u2019issue d\u2019une comp\u00e9tition nationale de robotique, organis\u00e9e par le minist\u00e8re de l\u2019\u00c9ducation nationale en partenariat avec l\u2019association Loop For Science\u00a0 And Technology , le 15 f\u00e9vrier 2025 \u00e0 l\u2019\u00c9cole Nationale Sup\u00e9rieure des Arts et M\u00e9tiers de Rabat. \u00c0 l\u2019issue de cet \u00e9v\u00e9nement, trois \u00e9quipes ont \u00e9t\u00e9 s\u00e9lectionn\u00e9es pour repr\u00e9senter le Maroc \u00e0 Eindhoven, aux Pays-Bas.<\/p>\n<p><strong>SAID FRIX<\/strong><\/p>\n","protected":false},"excerpt":{"rendered":"<p>L\u2019\u00e9quipe de robotique \u00ab MED V Robotics \u00bb, relevant du Lyc\u00e9e Technique Mohammed V de Beni Mellal, a brillamment repr\u00e9sent\u00e9 le Maroc en r\u00e9alisant une performance des plus honorables lors de la comp\u00e9tition internationale qui s\u2019est tenue \u00e0 Eindhoven, aux Pays-Bas, du 1er au 5 juillet 2025. Gr\u00e2ce \u00e0 ses efforts soutenus, l\u2019\u00e9quipe a su [&hellip;]<\/p>\n","protected":false},"author":4,"featured_media":2962,"comment_status":"open","ping_status":"open","sticky":false,"template":"","format":"standard","meta":{"footnotes":""},"categories":[1],"tags":[],"class_list":["post-2958","post","type-post","status-publish","format-standard","has-post-thumbnail","hentry","category-1"],"_links":{"self":[{"href":"https:\/\/pressmedias.ma\/index.php?rest_route=\/wp\/v2\/posts\/2958","targetHints":{"allow":["GET"]}}],"collection":[{"href":"https:\/\/pressmedias.ma\/index.php?rest_route=\/wp\/v2\/posts"}],"about":[{"href":"https:\/\/pressmedias.ma\/index.php?rest_route=\/wp\/v2\/types\/post"}],"author":[{"embeddable":true,"href":"https:\/\/pressmedias.ma\/index.php?rest_route=\/wp\/v2\/users\/4"}],"replies":[{"embeddable":true,"href":"https:\/\/pressmedias.ma\/index.php?rest_route=%2Fwp%2Fv2%2Fcomments&post=2958"}],"version-history":[{"count":2,"href":"https:\/\/pressmedias.ma\/index.php?rest_route=\/wp\/v2\/posts\/2958\/revisions"}],"predecessor-version":[{"id":2963,"href":"https:\/\/pressmedias.ma\/index.php?rest_route=\/wp\/v2\/posts\/2958\/revisions\/2963"}],"wp:featuredmedia":[{"embeddable":true,"href":"https:\/\/pressmedias.ma\/index.php?rest_route=\/wp\/v2\/media\/2962"}],"wp:attachment":[{"href":"https:\/\/pressmedias.ma\/index.php?rest_route=%2Fwp%2Fv2%2Fmedia&parent=2958"}],"wp:term":[{"taxonomy":"category","embeddable":true,"href":"https:\/\/pressmedias.ma\/index.php?rest_route=%2Fwp%2Fv2%2Fcategories&post=2958"},{"taxonomy":"post_tag","embeddable":true,"href":"https:\/\/pressmedias.ma\/index.php?rest_route=%2Fwp%2Fv2%2Ftags&post=2958"}],"curies":[{"name":"wp","href":"https:\/\/api.w.org\/{rel}","templated":true}]}}