{"id":2983,"date":"2025-08-16T12:50:22","date_gmt":"2025-08-16T11:50:22","guid":{"rendered":"https:\/\/pressmedias.ma\/?p=2983"},"modified":"2025-08-16T12:50:22","modified_gmt":"2025-08-16T11:50:22","slug":"mesures-proactives-prises-face-a-la-vague-de-chaleur-a-de-beni-mellal-khenifra","status":"publish","type":"post","link":"https:\/\/pressmedias.ma\/?p=2983","title":{"rendered":"Mesures proactives prises  face \u00e0 la vague de chaleur  \u00e0  de B\u00e9ni Mellal-Kh\u00e9nifra"},"content":{"rendered":"<p>Dans le cadre des pr\u00e9paratifs visant \u00e0 faire face \u00e0 la vague de chaleur que conna\u00eet actuellement la r\u00e9gion de B\u00e9ni Mellal-Kh\u00e9nifra, avec des temp\u00e9ratures d\u00e9passant parfois les 48 \u00b0C, la Direction r\u00e9gionale de la Sant\u00e9 et de la Protection sociale a mis en place un ensemble de mesures anticipatives. Ces actions sont men\u00e9es en coordination \u00e9troite avec les d\u00e9l\u00e9gations provinciales de la sant\u00e9, les autorit\u00e9s locales, les partenaires institutionnels ainsi que les associations de la soci\u00e9t\u00e9 civile.<\/p>\n<p>Ce dispositif a pour objectif de renforcer la vigilance et la sensibilisation quant \u00e0 l\u2019importance d\u2019\u00e9viter l\u2019exposition prolong\u00e9e au soleil, et de r\u00e9duire les effets n\u00e9fastes des coups de chaleur, qui peuvent, dans certains cas, entra\u00eener la mort. Parmi les principales mesures prises, on distingue la cr\u00e9ation d\u2019un comit\u00e9 r\u00e9gional pr\u00e9sid\u00e9 par le directeur r\u00e9gional\u00a0 de la sant\u00e9 et de la protection sociale charg\u00e9 du suivi des cas et de la coordination\u00a0 des interventions sur le terrain, le renforcement de la coordination continue entre la Direction r\u00e9gionale et les cellules de veille sanitaire au niveau des provinces de B\u00e9ni Mellal, Kh\u00e9nifra, Azilal, Fqih Ben Salah et Khouribga, en vue d\u2019assurer une d\u00e9tection rapide des cas et une r\u00e9ponse imm\u00e9diate en cas de besoin. D\u2019autres mesures anticipatives portent sur l\u2019activation des plans d\u2019urgence dans les h\u00f4pitaux et services des urgences \u00e0 proximit\u00e9, afin d\u2019assurer une pleine disponibilit\u00e9 pour l\u2019accueil des cas li\u00e9s aux vagues de chaleur, le suivi quotidien des bulletins m\u00e9t\u00e9orologiques et des alertes officielles, pour une r\u00e9action rapide \u00e0 toute \u00e9volution,. la mobilisation et la sensibilisation du personnel de sant\u00e9 aux interventions \u00e0 adopter en p\u00e9riode de chaleur extr\u00eame, avec un renforcement de leurs capacit\u00e9s \u00e0 prendre en charge les cas critiques, l\u2019attention particuli\u00e8re port\u00e9e aux populations vuln\u00e9rables, tels que les nouveau-n\u00e9s, les personnes \u00e2g\u00e9es, les femmes enceintes et les personnes atteintes de maladies chroniques, la garantie de la disponibilit\u00e9 des dispositifs de refroidissement dans les \u00e9tablissements de sant\u00e9, ainsi que le bon fonctionnement de la climatisation et la disponibilit\u00e9 des m\u00e9dicaments essentiels, la prise de mesures sp\u00e9cifiques pour la prise en charge\u00a0 rapide des victimes\u00a0 de piq\u00fbres\u00a0 de scorpion\u00a0 ou de morsures de serpent dans le cadre de la mise en \u0153uvre de la strat\u00e9gie nationale de lutte contre les intoxications, l\u2019organisation de campagnes de sensibilisation \u00e0 destination des populations, sur les risques li\u00e9s aux fortes chaleurs et les moyens de pr\u00e9vention des coups de chaleur et des intoxications, le renforcement de la coordination op\u00e9rationnelle avec les autorit\u00e9s locales, les conseils \u00e9lus et les services de la protection civile, afin de garantir une r\u00e9ponse int\u00e9gr\u00e9e et efficace pour pr\u00e9server la sant\u00e9 des citoyens.<\/p>\n<p>Dans ce contexte, la Direction r\u00e9gionale de la Sant\u00e9 et de la Protection sociale appelle l\u2019ensemble des citoyens et citoyennes de la r\u00e9gion \u00e0 suivre les recommandations pr\u00e9ventives, en particulier durant les p\u00e9riodes de fortes chaleurs, \u00e0 savoir , \u00e9viter l\u2019exposition directe au soleil notamment entre 11h et 16h ,\u00a0 boire r\u00e9guli\u00e8rement de l\u2019eau m\u00eame en absence de sensation de soif\u00a0 , porter des v\u00eatements l\u00e9gers , amples et de couleur claire ,rester autant que possible dans des endroits ombrag\u00e9s\u00a0 ou climatis\u00e9s\u00a0 , surveiller de mani\u00e8re continue les enfants et les personnes \u00e2g\u00e9es\u00a0 surtout pendant les p\u00e9riodes de forte chaleur , se rendre au centre de sant\u00e9 le plus proche\u00a0 en cas d\u2019apparition de sympt\u00f4mes\u00a0 d\u2019un coup de chaleur\u00a0: vertiges , maux de t\u00eate , transpiration\u00a0 excessive ou perte de connaissance\u2026<\/p>\n<p>ALM<\/p>\n","protected":false},"excerpt":{"rendered":"<p>Dans le cadre des pr\u00e9paratifs visant \u00e0 faire face \u00e0 la vague de chaleur que conna\u00eet actuellement la r\u00e9gion de B\u00e9ni Mellal-Kh\u00e9nifra, avec des temp\u00e9ratures d\u00e9passant parfois les 48 \u00b0C, la Direction r\u00e9gionale de la Sant\u00e9 et de la Protection sociale a mis en place un ensemble de mesures anticipatives. Ces actions sont men\u00e9es en [&hellip;]<\/p>\n","protected":false},"author":4,"featured_media":2520,"comment_status":"open","ping_status":"open","sticky":false,"template":"","format":"standard","meta":{"footnotes":""},"categories":[1],"tags":[],"class_list":["post-2983","post","type-post","status-publish","format-standard","has-post-thumbnail","hentry","category-1"],"_links":{"self":[{"href":"https:\/\/pressmedias.ma\/index.php?rest_route=\/wp\/v2\/posts\/2983","targetHints":{"allow":["GET"]}}],"collection":[{"href":"https:\/\/pressmedias.ma\/index.php?rest_route=\/wp\/v2\/posts"}],"about":[{"href":"https:\/\/pressmedias.ma\/index.php?rest_route=\/wp\/v2\/types\/post"}],"author":[{"embeddable":true,"href":"https:\/\/pressmedias.ma\/index.php?rest_route=\/wp\/v2\/users\/4"}],"replies":[{"embeddable":true,"href":"https:\/\/pressmedias.ma\/index.php?rest_route=%2Fwp%2Fv2%2Fcomments&post=2983"}],"version-history":[{"count":1,"href":"https:\/\/pressmedias.ma\/index.php?rest_route=\/wp\/v2\/posts\/2983\/revisions"}],"predecessor-version":[{"id":2984,"href":"https:\/\/pressmedias.ma\/index.php?rest_route=\/wp\/v2\/posts\/2983\/revisions\/2984"}],"wp:featuredmedia":[{"embeddable":true,"href":"https:\/\/pressmedias.ma\/index.php?rest_route=\/wp\/v2\/media\/2520"}],"wp:attachment":[{"href":"https:\/\/pressmedias.ma\/index.php?rest_route=%2Fwp%2Fv2%2Fmedia&parent=2983"}],"wp:term":[{"taxonomy":"category","embeddable":true,"href":"https:\/\/pressmedias.ma\/index.php?rest_route=%2Fwp%2Fv2%2Fcategories&post=2983"},{"taxonomy":"post_tag","embeddable":true,"href":"https:\/\/pressmedias.ma\/index.php?rest_route=%2Fwp%2Fv2%2Ftags&post=2983"}],"curies":[{"name":"wp","href":"https:\/\/api.w.org\/{rel}","templated":true}]}}