{"id":2986,"date":"2025-08-16T12:50:02","date_gmt":"2025-08-16T11:50:02","guid":{"rendered":"https:\/\/pressmedias.ma\/?p=2986"},"modified":"2025-08-16T12:50:02","modified_gmt":"2025-08-16T11:50:02","slug":"des-infrastructures-routieres-pour-stimuler-le-developpement-socioeconomique","status":"publish","type":"post","link":"https:\/\/pressmedias.ma\/?p=2986","title":{"rendered":"Des infrastructures routi\u00e8res pour stimuler le d\u00e9veloppement socio\u00e9conomique"},"content":{"rendered":"<p style=\"text-align: right;\">\n<p><strong>\u00c0 l\u2019occasion de la comm\u00e9moration du 26\u1d49 anniversaire \u00a0de la f\u00eate du tr\u00f4ne, et en application des Hautes Instructions Royales appelant \u00e0 une politique de proximit\u00e9 r\u00e9pondant aux pr\u00e9occupations et besoins r\u00e9els des citoyens, M. Nizar Baraka, ministre de l\u2019\u00c9quipement et de l\u2019Eau, a effectu\u00e9 une visite dans la r\u00e9gion de B\u00e9ni Mellal-Kh\u00e9nifra, lundi 28 juillet 2025,\u00a0 o\u00f9 il a proc\u00e9d\u00e9 au lancement\u00a0 des travaux du renforcement,\u00a0 du d\u00e9doublement\u00a0 et de\u00a0 la modernisation d\u2019infrastructures routi\u00e8res.<\/strong><\/p>\n<p><strong>Dans une d\u00e9claration , M Nizar Baraka ,ministre de l\u2019\u00c9quipement et de l\u2019eau a soulign\u00e9 <\/strong>\u00a0qu\u2019\u00e0 l\u2019occasion de la c\u00e9l\u00e9bration de la\u00a0 f\u00eate du tr\u00f4ne,\u00a0 cette visite \u00e0 Beni Mellal kh\u00e9nifra\u00a0 dans le cadre\u00a0 du suivi des travaux des infrastructures routi\u00e8res au niveau r\u00e9gional . \u00ab\u00a0Ainsi , un grand nombre de projets\u00a0 a \u00e9t\u00e9 r\u00e9alis\u00e9 dans l\u2019ensemble des provinces de la r\u00e9gion.\u00a0Les investissements allou\u00e9s \u00e0 la r\u00e9alisation de ces projets de grande envergure portant sur les infrastructures routi\u00e8res, permettront \u00a0de r\u00e9duire les disparit\u00e9s territoriales au sein de la r\u00e9gion, notamment par le biais des infrastructures routi\u00e8res concern\u00e9es par cette dynamique. Je voudrais insister sur trois points essentiels \u00e0 savoir , dans cette optique de r\u00e9duction des in\u00e9galit\u00e9s, la priorit\u00e9 sera donn\u00e9e \u00e0 la province de Kh\u00e9nifra, qui b\u00e9n\u00e9ficiera\u00a0 du 1\/3 de ce budget, suivie de la province d\u2019Azilal, puis des autres provinces de la r\u00e9gion, Khouribga , Beni Mellal et Fkih Ben Salah.\u00a0\u00bb<\/p>\n<p>Et d\u2019ajouter \u00ab\u00a0 Nous sommes actuellement engag\u00e9s dans une d\u00e9marche de d\u00e9senclavement territorial, en renfor\u00e7ant les liaisons entre les zones recul\u00e9es et les centres urbains. Ce programme ambitieux permettra d&rsquo;am\u00e9liorer l&rsquo;acc\u00e8s des populations rurales aux services administratifs et sociaux, de stimuler le d\u00e9veloppement \u00e9conomique local, et de mettre en valeur le potentiel touristique de la r\u00e9gion. Nous disposons \u00e9galement d\u2019un grand nombre de\u00a0 programmes importants pour l\u2019entretien du r\u00e9seau routier, en raison du fait que la densit\u00e9 des infrastructures dans la r\u00e9gion est inf\u00e9rieure \u00e0 la moyenne. Ainsi , notre objectif est qu\u2019elle atteigne la moyenne nationale \u2026\u00a0\u00bb<\/p>\n<p>Pour sa part, le pr\u00e9sident de la commune territoriale de Ouled Mbark , Mustapha Dahouk a not\u00e9 \u00ab\u00a0qu\u2019il s\u2019agit aujourd\u2019hui d\u2019un \u00e9v\u00e8nement historique o\u00f9 M Nizar Barak\u00a0 a donn\u00e9 le coup d\u2019envoi au lancement des travaux de la r\u00e9alisation d\u2019un grand nombre d\u2019infrastructures routi\u00e8res \u00e0 la R\u00e9gion de Beni Mellal kh\u00e9nifra. C\u2019est une valeur ajout\u00e9e pour notre commune ainsi que la r\u00e9gion. A cette occasion\u00a0 , je remercie M le Ministre\u00a0 pour les efforts inlassables qu\u2019il ne cesse de d\u00e9ployer et l\u2019importance qu\u2019il accorde \u00e0 notre commune territoriale et je rends un vibrant hommage \u00e0 M le Wali , aux pr\u00e9sidents des conseils r\u00e9gional et provincial et \u00e0 toutes les autorit\u00e9s locales qui ne m\u00e9nagent aucun effort pour que notre commune r\u00e9alise les objectifs escompt\u00e9s\u2026\u00a0\u00bb<\/p>\n<p>Accompagn\u00e9 du wali de la r\u00e9gion, du gouverneur de la province de Khouribga, ainsi que du pr\u00e9sident du conseil \u00a0r\u00e9gional et provincial et de plusieurs \u00e9lus, le ministre a proc\u00e9d\u00e9 au lancement des travaux de r\u00e9alisation de la route \u00e0 \u00a0\u00e0 double voies, reliant les r\u00e9gions B\u00e9ni Mellal-Kh\u00e9nifra et Rabat-Sal\u00e9-K\u00e9nitra. Dans ce cadre, il a donn\u00e9 le coup d\u2019envoi \u00a0du lancement de la premi\u00e8re tranche d\u2019un tron\u00e7on de la route nationale 25 \u00a0sur une distance de 15 Km de 15 kilom\u00e8tres reliant Oued Zem \u00e0 Rommani, pour un co\u00fbt global d\u00e9passant 180 millions de dirhams. Ce projet vise \u00e0 faciliter le transport des personnes et des marchandises vers Rabat, via Khouribga, sans passer par Casablanca, permettant ainsi de r\u00e9duire le temps de trajet d\u2019environ 40 minutes pour les voitures particuli\u00e8res et de 30 minutes pour les camions.<\/p>\n<p>Par ailleurs, le ministre a lanc\u00e9 les travaux d\u2019un autre tron\u00e7on de la route nationale n\u00b025 reliant Oued Zem \u00e0\u00a0 fkih ben salah, sur une longueur de 14,5 kilom\u00e8tres\u00a0 avec un co\u00fbt de 44 millions de dirhams. Il a \u00e9galement donn\u00e9 le coup d\u2019envoi des travaux de renforcement et de modernisation de la route nationale n\u00b012 \u00a0reliant \u00a0\u00a0Khouribga et Boujniba, sur une distance de 10 km, pour un montant total de 15 millions de dirhams.<\/p>\n<p>Ces projets permettront \u00e0 la fois de pr\u00e9server le patrimoine routier, d\u2019en am\u00e9liorer la qualit\u00e9, de renforcer les indicateurs de s\u00e9curit\u00e9 routi\u00e8re et de contribuer au d\u00e9veloppement \u00e9conomique et social de la population locale.<\/p>\n<p>Dans le cadre de la politique de proximit\u00e9 du minist\u00e8re, et afin d\u2019am\u00e9liorer les infrastructures routi\u00e8res en milieu rural, une convention a \u00e9t\u00e9 sign\u00e9e pour la construction d\u2019un ensemble de routes et pistes rurales dans la province de Khouribga. Ces travaux concerneront 20 communes \u00a0au niveau de la province\u00a0 sur une distance de \u00a0146 kilom\u00e8tres, pour un investissement estim\u00e9 \u00e0 128,5 millions de dirhams. La contribution du conseil provincial s\u2019\u00e9l\u00e8ve \u00e0 30 %, tandis que le minist\u00e8re de l\u2019\u00c9quipement et de l\u2019Eau en assurera 70 %.<\/p>\n<p>Ce programme ambitieux permettra d&rsquo;am\u00e9liorer l&rsquo;acc\u00e8s des populations rurales aux services administratifs et sociaux, de stimuler le d\u00e9veloppement \u00e9conomique local, et de mettre en valeur le potentiel touristique de la r\u00e9gion.<\/p>\n<p>Lundi\u00a0 28 juillet , M. le ministre s\u2019est rendu, \u00e0 la commune de Ouled Mbarek dans la province de B\u00e9ni Mellal, pour prendre connaissance de l\u2019\u00e9tat d\u2019avancement des projets routiers mis en \u0153uvre dans la r\u00e9gion. Le total des investissements r\u00e9alis\u00e9s ou en cours de concr\u00e9tisation \u00a0entre 2021 et 2025 s\u2019\u00e9l\u00e8ve \u00e0 environ 2 milliards de dirhams, \u00a0et ont port\u00e9\u00a0 sur la r\u00e9alisation et la maintenance de plus de \u00a01 200 kilom\u00e8tres de routes construites \u00a0ainsi que 25 ouvrages d\u2019art r\u00e9alis\u00e9s dans le cadre d\u2019une approche d\u2019\u00e9quit\u00e9 territoriale couvrant les cinq provinces de la r\u00e9gion.<\/p>\n<p>Ces investissements ont permis de moderniser \u00a0le \u00a0r\u00e9seau routier r\u00e9gional, de l\u2019adapter aux \u00e9volutions \u00e9conomiques, sociales et touristiques, et d\u2019am\u00e9liorer les indicateurs de s\u00e9curit\u00e9 routi\u00e8re. Pour les ann\u00e9es 2026 et 2027, les investissements pr\u00e9vus s\u2019\u00e9l\u00e8vent \u00e0 1,8 milliard de dirhams.<\/p>\n<p>Enfin, le ministre a visit\u00e9 un projet strat\u00e9gique de renforcement et de modernisation de la route nationale n\u00b08 reliant la commune de kasbat Tadla au centre de Bled A\u00efch dans la province de B\u00e9ni Mellal, sur une longueur de 15 kilom\u00e8tres et une \u0153uvre d\u2019art sur Oued Derna \u00a0pour un co\u00fbt total de 160 millions de dirhams. Ce projet vise \u00e0 relier Tadla et les zones avoisinantes \u00e0 la capitale de la r\u00e9gion \u00a0\u00a0via un axe rapide r\u00e9pondant aux exigences du d\u00e9veloppement \u00a0de \u00a0ce corridor routier important, emprunt\u00e9 quotidiennement par plus de 7 300 v\u00e9hicules.<\/p>\n<p>Enfin, M. le ministre a proc\u00e9d\u00e9 au lancement officiel des travaux de renforcement et de modernisation de la route nationale n\u00b08, reliant Ouled Mbarek \u00e0 Afourar, sur une longueur de 7 kilom\u00e8tres, pour un co\u00fbt d\u2019environ 15 millions de dirhams.<\/p>\n<p><strong>SAID FRIX<\/strong><\/p>\n","protected":false},"excerpt":{"rendered":"<p>\u00c0 l\u2019occasion de la comm\u00e9moration du 26\u1d49 anniversaire \u00a0de la f\u00eate du tr\u00f4ne, et en application des Hautes Instructions Royales appelant \u00e0 une politique de proximit\u00e9 r\u00e9pondant aux pr\u00e9occupations et besoins r\u00e9els des citoyens, M. Nizar Baraka, ministre de l\u2019\u00c9quipement et de l\u2019Eau, a effectu\u00e9 une visite dans la r\u00e9gion de B\u00e9ni Mellal-Kh\u00e9nifra, lundi 28 [&hellip;]<\/p>\n","protected":false},"author":4,"featured_media":2987,"comment_status":"open","ping_status":"open","sticky":false,"template":"","format":"standard","meta":{"footnotes":""},"categories":[1],"tags":[],"class_list":["post-2986","post","type-post","status-publish","format-standard","has-post-thumbnail","hentry","category-1"],"_links":{"self":[{"href":"https:\/\/pressmedias.ma\/index.php?rest_route=\/wp\/v2\/posts\/2986","targetHints":{"allow":["GET"]}}],"collection":[{"href":"https:\/\/pressmedias.ma\/index.php?rest_route=\/wp\/v2\/posts"}],"about":[{"href":"https:\/\/pressmedias.ma\/index.php?rest_route=\/wp\/v2\/types\/post"}],"author":[{"embeddable":true,"href":"https:\/\/pressmedias.ma\/index.php?rest_route=\/wp\/v2\/users\/4"}],"replies":[{"embeddable":true,"href":"https:\/\/pressmedias.ma\/index.php?rest_route=%2Fwp%2Fv2%2Fcomments&post=2986"}],"version-history":[{"count":2,"href":"https:\/\/pressmedias.ma\/index.php?rest_route=\/wp\/v2\/posts\/2986\/revisions"}],"predecessor-version":[{"id":3001,"href":"https:\/\/pressmedias.ma\/index.php?rest_route=\/wp\/v2\/posts\/2986\/revisions\/3001"}],"wp:featuredmedia":[{"embeddable":true,"href":"https:\/\/pressmedias.ma\/index.php?rest_route=\/wp\/v2\/media\/2987"}],"wp:attachment":[{"href":"https:\/\/pressmedias.ma\/index.php?rest_route=%2Fwp%2Fv2%2Fmedia&parent=2986"}],"wp:term":[{"taxonomy":"category","embeddable":true,"href":"https:\/\/pressmedias.ma\/index.php?rest_route=%2Fwp%2Fv2%2Fcategories&post=2986"},{"taxonomy":"post_tag","embeddable":true,"href":"https:\/\/pressmedias.ma\/index.php?rest_route=%2Fwp%2Fv2%2Ftags&post=2986"}],"curies":[{"name":"wp","href":"https:\/\/api.w.org\/{rel}","templated":true}]}}