{"id":2990,"date":"2025-08-16T12:49:35","date_gmt":"2025-08-16T11:49:35","guid":{"rendered":"https:\/\/pressmedias.ma\/?p=2990"},"modified":"2025-08-16T12:49:35","modified_gmt":"2025-08-16T11:49:35","slug":"beni-mellal-celebre-le-26e-anniversaire-de-la-fete-du-trone-des-activites-culturelles-artistiques-et-sportives-du-20-au-30-juillet-2025","status":"publish","type":"post","link":"https:\/\/pressmedias.ma\/?p=2990","title":{"rendered":"B\u00e9ni Mellal c\u00e9l\u00e8bre le 26e anniversaire de la F\u00eate du Tr\u00f4ne : des activit\u00e9s culturelles, artistiques et sportives du 20 au 30 juillet 2025"},"content":{"rendered":"<p>Sous le th\u00e8me: <strong>\u00ab <\/strong>Les habitants de B\u00e9ni Mellal : une fid\u00e9lit\u00e9 renouvel\u00e9e et une coh\u00e9sion ind\u00e9fectible<strong> \u00bb<\/strong>. et\u00a0 dans le cadre des festivit\u00e9s marquant le 26e anniversaire de l\u2019accession de Sa Majest\u00e9 le Roi Mohammed VI, que Dieu L\u2019assiste, au Tr\u00f4ne de Ses glorieux anc\u00eatres, et dans une optique de valorisation du patrimoine culturel et artistique, ainsi que de promotion des potentialit\u00e9s r\u00e9gionales, la ville de B\u00e9ni Mellal \u00a0abrite, du 20 au 30 juillet 2025, un programme riche et vari\u00e9 d\u2019activit\u00e9s sportives, culturelles et artistiques.<\/p>\n<p>Pour ce qui est des activit\u00e9s sportives ,, le programme \u00a0porte sur \u00a0un tournoi de football regroupant des \u00e9quipes repr\u00e9sentant diff\u00e9rentes communes de la province, ainsi qu\u2019un tournoi de mini-football entre \u00e9coles sportives, des comp\u00e9titions de tir au plateau, de p\u00e9tanque, et la course de Ain Asserdoun qui devrait rassembler pr\u00e8s de 800 coureuses et coureurs. En outre, des conf\u00e9rences scientifiques porteront sur des th\u00e9matiques \u00e0 savoir , la r\u00e9gionalisation avanc\u00e9e\u00a0: une politique\u00a0 publique territoriale prometteuse , l\u2019Initiative Royale\u00a0 et l\u2019acc\u00e8s aux pays du Sahel\u00a0: lecture contextuelle et prospective , douze si\u00e8cles d\u2019\u00e9volution\u00a0 Royaume Ch\u00e9rifien\u00a0:grands jalons du progr\u00e8s. Au niveau des activit\u00e9s artistiques et festives , on distingue Des spectacles de fantasia traditionnelle (tbourida) sur la place Ba\u00e2lal, du 26 au 30 juillet, avec la participation de 26 troupes repr\u00e9sentant diff\u00e9rentes r\u00e9gions du Royaume , Un carnaval des arts populaires le 27 juillet avec la participation de 26 troupes locales, r\u00e9gionales et nationales. Des soir\u00e9es artistiques seront \u00a0respectivement organis\u00e9es \u00e0 la place El Massira les 28 , 29 et 30 juillet 2025 avec Salah Eddine Majdouli , Saida Charaf , Idriss Boumia, le Groupe Hasba Groove , Abdelaziz Ahouzar , Soufiane Afkir , Badr Abbi , Mous Maher , Ahmed Fettane\u00a0 et Rachida Talal. Une autre soir\u00e9e chorale intitul\u00e9e \u00ab\u00a0Venez chanter avec le maestro Ahmed Berrahou\u00a0\u00bb\u00a0 sera organis\u00e9e le 29 juillet au Club \u00e9questre et des animations folkloriques\u00a0 seront anim\u00e9es du 25 au 30 juillet 2025 par 10 groupes sp\u00e9cialis\u00e9s dans les arts\u00a0 de la gha\u00eeta , Ahidous et Aounyate. Le programme pr\u00e9voit \u00e9galement une exposition de l\u2019artisanat et des produits du terroir, du 26 au 30 juillet \u00e0 la place Ba\u00e2lal, avec 80 stands, dont 10 d\u00e9di\u00e9s aux produits phares de la province<strong> , <\/strong>des activit\u00e9s ludiques pour enfants, organis\u00e9es du 25 au 30 juillet dans le parc de Ain Asserdoun et dans divers quartiers et un festival national\u00a0 des arts plastiques organis\u00e9 par la direction r\u00e9gionale de la Jeunesse, du 28 au 30 juillet dans l\u2019espace d\u2019exposition du Palais de Ain Asserdoun. Ainsi , pendant dix jours , la ville de B\u00e9ni Mellal se transformera en une v\u00e9ritable vitrine ouverte sur les atouts \u00e9conomiques, les richesses culturelles et le patrimoine civilisationnel de la r\u00e9gion B\u00e9ni Mellal-Kh\u00e9nifra. Une fresque vivante mettant en lumi\u00e8re la diversit\u00e9 culturelle du Royaume, dans le cadre de son unit\u00e9 territoriale, politique et religieuse, et illustrant l\u2019union sacr\u00e9e entre le Tr\u00f4ne et le peuple pour le d\u00e9veloppement de la nation et la d\u00e9fense de ses causes justes.<\/p>\n<p>Cet ensemble d\u2019activit\u00e9s sportives , culturelles et artistique \u00a0est organis\u00e9 par la Wilaya de la r\u00e9gion B\u00e9ni Mellal-Kh\u00e9nifra, en partenariat avec le Conseil r\u00e9gional, le Conseil provincial de B\u00e9ni Mellal, la commune de B\u00e9ni Mellal, la Soci\u00e9t\u00e9 r\u00e9gionale Atlas pour le d\u00e9veloppement touristique B\u00e9ni Mellal-Kh\u00e9nifra, et le minist\u00e8re de la Jeunesse, de la Culture et de la Communication. L\u2019\u00e9v\u00e9nement b\u00e9n\u00e9ficie \u00e9galement du concours de plusieurs partenaires issus de d\u00e9partements minist\u00e9riels et d\u2019institutions non gouvernementales.<\/p>\n<p>SAID FRIX ALM<\/p>\n","protected":false},"excerpt":{"rendered":"<p>Sous le th\u00e8me: \u00ab Les habitants de B\u00e9ni Mellal : une fid\u00e9lit\u00e9 renouvel\u00e9e et une coh\u00e9sion ind\u00e9fectible \u00bb. et\u00a0 dans le cadre des festivit\u00e9s marquant le 26e anniversaire de l\u2019accession de Sa Majest\u00e9 le Roi Mohammed VI, que Dieu L\u2019assiste, au Tr\u00f4ne de Ses glorieux anc\u00eatres, et dans une optique de valorisation du patrimoine culturel [&hellip;]<\/p>\n","protected":false},"author":4,"featured_media":2949,"comment_status":"open","ping_status":"open","sticky":false,"template":"","format":"standard","meta":{"footnotes":""},"categories":[1],"tags":[],"class_list":["post-2990","post","type-post","status-publish","format-standard","has-post-thumbnail","hentry","category-1"],"_links":{"self":[{"href":"https:\/\/pressmedias.ma\/index.php?rest_route=\/wp\/v2\/posts\/2990","targetHints":{"allow":["GET"]}}],"collection":[{"href":"https:\/\/pressmedias.ma\/index.php?rest_route=\/wp\/v2\/posts"}],"about":[{"href":"https:\/\/pressmedias.ma\/index.php?rest_route=\/wp\/v2\/types\/post"}],"author":[{"embeddable":true,"href":"https:\/\/pressmedias.ma\/index.php?rest_route=\/wp\/v2\/users\/4"}],"replies":[{"embeddable":true,"href":"https:\/\/pressmedias.ma\/index.php?rest_route=%2Fwp%2Fv2%2Fcomments&post=2990"}],"version-history":[{"count":1,"href":"https:\/\/pressmedias.ma\/index.php?rest_route=\/wp\/v2\/posts\/2990\/revisions"}],"predecessor-version":[{"id":2991,"href":"https:\/\/pressmedias.ma\/index.php?rest_route=\/wp\/v2\/posts\/2990\/revisions\/2991"}],"wp:featuredmedia":[{"embeddable":true,"href":"https:\/\/pressmedias.ma\/index.php?rest_route=\/wp\/v2\/media\/2949"}],"wp:attachment":[{"href":"https:\/\/pressmedias.ma\/index.php?rest_route=%2Fwp%2Fv2%2Fmedia&parent=2990"}],"wp:term":[{"taxonomy":"category","embeddable":true,"href":"https:\/\/pressmedias.ma\/index.php?rest_route=%2Fwp%2Fv2%2Fcategories&post=2990"},{"taxonomy":"post_tag","embeddable":true,"href":"https:\/\/pressmedias.ma\/index.php?rest_route=%2Fwp%2Fv2%2Ftags&post=2990"}],"curies":[{"name":"wp","href":"https:\/\/api.w.org\/{rel}","templated":true}]}}