{"id":2993,"date":"2025-08-16T12:49:11","date_gmt":"2025-08-16T11:49:11","guid":{"rendered":"https:\/\/pressmedias.ma\/?p=2993"},"modified":"2025-08-16T12:49:11","modified_gmt":"2025-08-16T11:49:11","slug":"pour-laffermissement-de-la-democratie-participative","status":"publish","type":"post","link":"https:\/\/pressmedias.ma\/?p=2993","title":{"rendered":"Pour l\u2019affermissement de la d\u00e9mocratie participative"},"content":{"rendered":"<p>Dans le cadre du projet \u00ab\u00a0Changeons par l&rsquo;art\u00a0\u00bb visant \u00e0 promouvoir une participation active des jeunes \u00e0 la gestion des affaires publiques locales, et en partenariat avec le minist\u00e8re d\u00e9l\u00e9gu\u00e9 aupr\u00e8s du Chef du Gouvernement charg\u00e9 des relations avec le Parlement, l&rsquo;Association \u00a0qualification des jeunes ( AQJ ) \u00a0a organis\u00e9 ,Mercredi 18 Juin 2025, \u00e0 Beni Mellal\u00a0; un forum r\u00e9gional sur la jeunesse et les m\u00e9canismes de la d\u00e9mocratie participative, en s&rsquo;appuyant sur la m\u00e9thodologie des laboratoires d&rsquo;innovation et d\u2019intelligence collective dans la r\u00e9gion de B\u00e9ni Mellal-Kh\u00e9nifra.<\/p>\n<p>&nbsp;<\/p>\n<p>Dans une d\u00e9claration \u00e0 ALM , le Directeur ex\u00e9cutif de AQJ , Rachid El Habib a soulign\u00e9 que l\u2019organisation du <strong>Forum r\u00e9gional sur la jeunesse et les m\u00e9canismes de la d\u00e9mocratie participative<\/strong>, s\u2019inscrit dans le cadre du projet <em>\u00a0\u00bb changeons par l\u2019art\u00a0\u00bb<\/em>, un projet n\u00e9 d\u2019un partenariat entre \u00a0notre association \u00a0et le minist\u00e8re d\u00e9l\u00e9gu\u00e9 aupr\u00e8s du Chef du gouvernement, charg\u00e9 des relations avec le Parlement.<\/p>\n<p>Et d\u2019ajouter \u00ab\u00a0Ce projet, qui s\u2019est \u00e9tal\u00e9 sur une p\u00e9riode de plus de 18 mois, adopte une approche innovante reposant sur <strong>l\u2019art comme levier de transformation sociale<\/strong><strong>,<\/strong> notamment \u00e0 travers l\u2019utilisation d\u2019outils artistiques et participatifs pour impulser un changement au sein de la soci\u00e9t\u00e9. La premi\u00e8re phase a consist\u00e9 en une s\u00e9rie de formations destin\u00e9es \u00e0 renforcer les capacit\u00e9s des jeunes, en leur permettant de transformer leurs id\u00e9es en projets concrets, tout en vulgarisant les notions de citoyennet\u00e9 active \u00e0 travers des tourn\u00e9es de sensibilisation dans plusieurs \u00a0provinces de la r\u00e9gion. Nous sommes aujourd\u2019hui \u00e0 la derni\u00e8re \u00e9tape de ce processus, qui a pour principal objectif <strong>de mettre en lumi\u00e8re les initiatives citoyennes port\u00e9es par des jeunes<\/strong>, notamment dans la production \u00a0des p\u00e9titions \u00a0en mati\u00e8re de participation d\u00e9mocratique. Ce forum conna\u00eet \u00e9galement la participation de plusieurs pr\u00e9sidents d\u2019instances consultatives r\u00e9gionales, afin de favoriser un \u00e9change autour des r\u00f4les, des modalit\u00e9s de fonctionnement et des perspectives de ces instances.<\/p>\n<p>&nbsp;<\/p>\n<p>Et de conclure \u00ab\u00a0L\u2019association organisatrice aspire, \u00e0 travers ce forum, \u00e0 formuler des recommandations concr\u00e8tes qui seront transmises aux autorit\u00e9s comp\u00e9tentes, en s&rsquo;appuyant sur les enseignements tir\u00e9s du terrain, les probl\u00e9matiques rencontr\u00e9es par les citoyens et les associations dans leur interaction avec les m\u00e9canismes participatifs. Ces recommandations visent \u00e0 contribuer \u00e0 une r\u00e9vision du cadre juridique r\u00e9gissant les instances de d\u00e9mocratie participative. Les objectifs du forum se d\u00e9clinent en plusieurs axes\u00a0 \u00e0 savoir sensibiliser les associations aux m\u00e9canismes d\u00e9mocratiques et \u00e0 leur mise en \u0153uvre \u00e0 l\u2019\u00e9chelle locale , encourager les jeunes et les membres de la soci\u00e9t\u00e9 civile \u00e0 participer activement aux dispositifs\u00a0 l\u00e9gislatifs et consultatifs existants , \u00e9laborer une cartographie collective\u00a0 de la participation civile au niveau r\u00e9gional , proposer une lecture critique\u00a0 et collective des exp\u00e9riences\u00a0 v\u00e9cues afin de formuler\u00a0 des recommandations repr\u00e9sentatives\u00a0 des pr\u00e9occupations des jeunes\u00a0 , de la soci\u00e9t\u00e9 civile et des acteurs politiques\u2026\u00a0\u00bb<\/p>\n<p>De son c\u00f4t\u00e9, la pr\u00e9sidente de AQJ Oumaima Ouguennous a fait savoir que dans le cadre de la dynamique\u00a0 de la participation citoyenne et de l\u2019ouverture des institutions sur les jeunes,\u00a0\u00bb Nous avons organis\u00e9 ce forum r\u00e9gional\u00a0 autour\u00a0 des jeunes et des m\u00e9canismes\u00a0 de la d\u00e9mocratie participative\u00a0 \u00e0 la r\u00e9gion Beni Mellal kh\u00e9nifra\u00a0 en partenariat avec le minist\u00e8re d\u00e9l\u00e9gu\u00e9 aupr\u00e8s du Chef du Gouvernement charg\u00e9 des relations avec le Parlement. Notre projet\u00a0 fait du th\u00e9\u00e2tre un moyen de sensibilisation\u00a0 tout en mettant l\u2019accent sur\u00a0 la participation citoyenne\u00a0 et la cr\u00e9ation d\u2019espaces \u00a0interactifs ayant pour objectif d\u2019affermir la conscience politique et civile chez les jeunes et la soci\u00e9t\u00e9 par\u00a0 la pr\u00e9sentation des pi\u00e8ces de th\u00e9\u00e2tre\u00a0 qui traitent des sujets \u00a0de la d\u00e9mocratie participative. Lors de cette rencontre , il a \u00e9t\u00e9 proc\u00e9d\u00e9 \u00e0 la pr\u00e9sentation d\u2019exp\u00e9riences d\u2019associations\u00a0 locales qui ont pr\u00e9sent\u00e9\u00a0 des p\u00e9titions\u2026\u00a0\u00bb<\/p>\n<p>SAID FRIX ALM<\/p>\n","protected":false},"excerpt":{"rendered":"<p>Dans le cadre du projet \u00ab\u00a0Changeons par l&rsquo;art\u00a0\u00bb visant \u00e0 promouvoir une participation active des jeunes \u00e0 la gestion des affaires publiques locales, et en partenariat avec le minist\u00e8re d\u00e9l\u00e9gu\u00e9 aupr\u00e8s du Chef du Gouvernement charg\u00e9 des relations avec le Parlement, l&rsquo;Association \u00a0qualification des jeunes ( AQJ ) \u00a0a organis\u00e9 ,Mercredi 18 Juin 2025, \u00e0 [&hellip;]<\/p>\n","protected":false},"author":4,"featured_media":2689,"comment_status":"open","ping_status":"open","sticky":false,"template":"","format":"standard","meta":{"footnotes":""},"categories":[1],"tags":[],"class_list":["post-2993","post","type-post","status-publish","format-standard","has-post-thumbnail","hentry","category-1"],"_links":{"self":[{"href":"https:\/\/pressmedias.ma\/index.php?rest_route=\/wp\/v2\/posts\/2993","targetHints":{"allow":["GET"]}}],"collection":[{"href":"https:\/\/pressmedias.ma\/index.php?rest_route=\/wp\/v2\/posts"}],"about":[{"href":"https:\/\/pressmedias.ma\/index.php?rest_route=\/wp\/v2\/types\/post"}],"author":[{"embeddable":true,"href":"https:\/\/pressmedias.ma\/index.php?rest_route=\/wp\/v2\/users\/4"}],"replies":[{"embeddable":true,"href":"https:\/\/pressmedias.ma\/index.php?rest_route=%2Fwp%2Fv2%2Fcomments&post=2993"}],"version-history":[{"count":1,"href":"https:\/\/pressmedias.ma\/index.php?rest_route=\/wp\/v2\/posts\/2993\/revisions"}],"predecessor-version":[{"id":2994,"href":"https:\/\/pressmedias.ma\/index.php?rest_route=\/wp\/v2\/posts\/2993\/revisions\/2994"}],"wp:featuredmedia":[{"embeddable":true,"href":"https:\/\/pressmedias.ma\/index.php?rest_route=\/wp\/v2\/media\/2689"}],"wp:attachment":[{"href":"https:\/\/pressmedias.ma\/index.php?rest_route=%2Fwp%2Fv2%2Fmedia&parent=2993"}],"wp:term":[{"taxonomy":"category","embeddable":true,"href":"https:\/\/pressmedias.ma\/index.php?rest_route=%2Fwp%2Fv2%2Fcategories&post=2993"},{"taxonomy":"post_tag","embeddable":true,"href":"https:\/\/pressmedias.ma\/index.php?rest_route=%2Fwp%2Fv2%2Ftags&post=2993"}],"curies":[{"name":"wp","href":"https:\/\/api.w.org\/{rel}","templated":true}]}}