{"id":3013,"date":"2025-09-08T13:56:43","date_gmt":"2025-09-08T12:56:43","guid":{"rendered":"https:\/\/pressmedias.ma\/?p=3013"},"modified":"2025-09-08T13:56:43","modified_gmt":"2025-09-08T12:56:43","slug":"quand-le-patrimoine-festif-ouvre-les-portes-du-developpement-durable","status":"publish","type":"post","link":"https:\/\/pressmedias.ma\/?p=3013","title":{"rendered":"Quand le patrimoine festif  ouvre les portes du d\u00e9veloppement durable"},"content":{"rendered":"<p style=\"text-align: center;\"><strong>\u00a0<\/strong><\/p>\n<p><strong>Sous le th\u00e8me \u00ab\u00a0Le patrimoine au service du d\u00e9veloppement local\u00a0\u00bb\u00a0\u00a0 et \u00e0 l\u2019occasion de la c\u00e9l\u00e9bration du 26 \u00e8 anniversaire de la f\u00eate du tr\u00f4ne , l\u2019Association de Tabia pour le d\u00e9veloppement et \u00a0la coop\u00e9ration a organis\u00e9 les 8 , 9 et 10 Aout 2025 , \u00e0 Tabia ,\u00a0 la premi\u00e8re \u00e9dition du Festival de Tabia pour la culture et les arts avec le soutien du Minist\u00e8re\u00a0 de la jeunesse , de la culture et de la communication , le Conseil r\u00e9gional de Beni Mellal kh\u00e9nifra\u00a0 et la SDR Atlas<\/strong>.<\/p>\n<p>Dans une d\u00e9claration \u00e0 ALM , Brahim Ouninach , pr\u00e9sident de la collectivit\u00e9 territoriale de Tabia a d\u00e9clar\u00e9 que la premi\u00e8re \u00e9dition de ce festival a \u00e9t\u00e9 une apoth\u00e9ose et \u00a0qu\u2019elle \u00a0a r\u00e9alis\u00e9 les objectifs escompt\u00e9s au niveau socio\u00e9conomique , artistique , culturel et touristique \u00ab\u00a0L\u2019organisation de cette premi\u00e8re \u00e9dition a \u00e9t\u00e9 au niveau des attentes des autorit\u00e9s locales et de tous les citoyens de Tabia et sa r\u00e9gion et surtout la diaspora marocaine. La dimension philosophique de l\u2019organisation de cette initiative culturelle et artistique \u00a0c\u2019est d\u2019insuffler une nouvelle dynamique au tourisme , et aux investissements \u00e0 tabia gr\u00e2ce aux efforts inlassables de tous les membres de la collectivit\u00e9 territoriale de Tabia , \u00e0 qui je rends un vibrant hommage , au soutien de M le Gouverneur de la province d\u2019Azilal, au Conseil r\u00e9gional , aux associations , aux organisateurs\u2026\u00a0\u00bb a-t-il ajout\u00e9.<\/p>\n<p>Et de poursuivre \u00ab\u00a0Cet \u00e9v\u00e9nement d\u2019envergure\u00a0 a r\u00e9uni des acteurs institutionnels, des op\u00e9rateurs \u00e9conomiques, des investisseurs nationaux autour d\u2019un programme riche et vari\u00e9. L\u2019objectif principal est de mettre en valeur le potentiel touristique et \u00e9conomique de la r\u00e9gion, tout en cr\u00e9ant un espace d\u2019\u00e9changes et de partenariats durables.\u00a0\u00bb a conclu M le pr\u00e9sident .<\/p>\n<p>Pour sa part ,Anouar Swidi , Directeur artistique du Festival de Tabia s\u2019est f\u00e9licit\u00e9 de la bonne organisation de\u00a0 cette f\u00eate artistique et patrimoniale qui a galvanis\u00e9 le public de Tabia par ses chansons , son folklore , sa musique et son divertissement estival\u00a0\u00ab\u00a0Nous souhaitons que ce genre de festival se perp\u00e9tue pour booster le rayonnement de notre contr\u00e9e\u00a0 qui a encore grand besoin d\u2019investissements , de projets touristiques et d\u2019infrastructures. Ont pris part \u00e0 ce\u00a0 festival des artistes de Tabia , de tanante\u2026Plus de 15 \u00a0troupes \u00a0de tbourida ont pr\u00e9sent\u00e9 des spectacles \u00e0 vous couper le souffle..\u00a0\u00bb<\/p>\n<p>Pendant les trois jours du festival , L\u2019animation et le suspense se sont poursuivis au \u00a0terrain de la Fantasia, qui a r\u00e9uni \u00a0un grand nombre de \u00a0troupes \u00e9questres. Ces derni\u00e8res ont offert au public, passionn\u00e9 de cet art profond\u00e9ment enracin\u00e9 dans la culture et le patrimoine de la r\u00e9gion, des spectacles captivants ponctu\u00e9s de salves synchronis\u00e9es<br \/>\nDans l\u2019espace d\u00e9di\u00e9 aux enfants, des dizaines de familles accompagn\u00e9es de leurs enfants ont afflu\u00e9, profitant d\u2019instants de jeu et de divertissement.<\/p>\n<p>Lors de la premi\u00e8re soir\u00e9e artistique, les habitants et visiteurs du festival ont eu rendez-vous avec le groupe de l\u2019artiste Kamel Stitou, natif de la ville de Tanant. Ce dernier a \u00e9t\u00e9 chaleureusement accueilli par le public, au son des youyous des femmes et des acclamations de la jeunesse, t\u00e9moignages de l\u2019affection et de la fiert\u00e9 vou\u00e9es \u00e0 l\u2019enfant du pays, qui a r\u00e9pondu sans h\u00e9sitation \u00e0 l\u2019invitation du comit\u00e9 d\u2019organisation pour prendre part \u00e0 la premi\u00e8re \u00e9dition du festival. Pendant deux heures, Stitou a interpr\u00e9t\u00e9 un r\u00e9pertoire vari\u00e9 de chansons amazighes, suscitant une vive interaction avec un public nombreux qui remplissait les abords de la sc\u00e8ne et l\u2019espace alentour, applaudissant longuement et avec enthousiasme. Pour la soir\u00e9e de cl\u00f4ture, le public \u00a0a \u00e9t\u00e9 enthousiasm\u00e9 par \u00a0l\u2019artiste Anouar Souidi, natif de la localit\u00e9 de Tabia \u00a0et directeur de la pr\u00e9sente \u00e9dition du festival, qui, avec les autres membres du comit\u00e9 d\u2019organisation, n\u2019a m\u00e9nag\u00e9 aucun effort pour assurer la r\u00e9ussite de cette premi\u00e8re \u00e9dition, veillant attentivement \u00e0 tous les aspects et d\u00e9tails logistiques.<\/p>\n<p><strong>SAID FRIX ALM<\/strong><\/p>\n","protected":false},"excerpt":{"rendered":"<p>\u00a0 Sous le th\u00e8me \u00ab\u00a0Le patrimoine au service du d\u00e9veloppement local\u00a0\u00bb\u00a0\u00a0 et \u00e0 l\u2019occasion de la c\u00e9l\u00e9bration du 26 \u00e8 anniversaire de la f\u00eate du tr\u00f4ne , l\u2019Association de Tabia pour le d\u00e9veloppement et \u00a0la coop\u00e9ration a organis\u00e9 les 8 , 9 et 10 Aout 2025 , \u00e0 Tabia ,\u00a0 la premi\u00e8re \u00e9dition du Festival [&hellip;]<\/p>\n","protected":false},"author":4,"featured_media":3014,"comment_status":"open","ping_status":"open","sticky":false,"template":"","format":"standard","meta":{"footnotes":""},"categories":[1],"tags":[],"class_list":["post-3013","post","type-post","status-publish","format-standard","has-post-thumbnail","hentry","category-1"],"_links":{"self":[{"href":"https:\/\/pressmedias.ma\/index.php?rest_route=\/wp\/v2\/posts\/3013","targetHints":{"allow":["GET"]}}],"collection":[{"href":"https:\/\/pressmedias.ma\/index.php?rest_route=\/wp\/v2\/posts"}],"about":[{"href":"https:\/\/pressmedias.ma\/index.php?rest_route=\/wp\/v2\/types\/post"}],"author":[{"embeddable":true,"href":"https:\/\/pressmedias.ma\/index.php?rest_route=\/wp\/v2\/users\/4"}],"replies":[{"embeddable":true,"href":"https:\/\/pressmedias.ma\/index.php?rest_route=%2Fwp%2Fv2%2Fcomments&post=3013"}],"version-history":[{"count":2,"href":"https:\/\/pressmedias.ma\/index.php?rest_route=\/wp\/v2\/posts\/3013\/revisions"}],"predecessor-version":[{"id":3024,"href":"https:\/\/pressmedias.ma\/index.php?rest_route=\/wp\/v2\/posts\/3013\/revisions\/3024"}],"wp:featuredmedia":[{"embeddable":true,"href":"https:\/\/pressmedias.ma\/index.php?rest_route=\/wp\/v2\/media\/3014"}],"wp:attachment":[{"href":"https:\/\/pressmedias.ma\/index.php?rest_route=%2Fwp%2Fv2%2Fmedia&parent=3013"}],"wp:term":[{"taxonomy":"category","embeddable":true,"href":"https:\/\/pressmedias.ma\/index.php?rest_route=%2Fwp%2Fv2%2Fcategories&post=3013"},{"taxonomy":"post_tag","embeddable":true,"href":"https:\/\/pressmedias.ma\/index.php?rest_route=%2Fwp%2Fv2%2Ftags&post=3013"}],"curies":[{"name":"wp","href":"https:\/\/api.w.org\/{rel}","templated":true}]}}