{"id":3029,"date":"2025-09-12T11:07:59","date_gmt":"2025-09-12T10:07:59","guid":{"rendered":"https:\/\/pressmedias.ma\/?p=3029"},"modified":"2025-09-12T11:07:59","modified_gmt":"2025-09-12T10:07:59","slug":"lancement-du-festival-national-des-jeunes-artistes-plasticiens-au-ksar-dain-asserdoune","status":"publish","type":"post","link":"https:\/\/pressmedias.ma\/?p=3029","title":{"rendered":"lancement  du Festival national des jeunes artistes plasticiens au Ksar d\u2019A\u00efn Asserdoune"},"content":{"rendered":"<p>En pr\u00e9sence du Wali de la r\u00e9gion B\u00e9ni Mellal-Kh\u00e9nifra, du directeur r\u00e9gional du secteur de la jeunesse, ainsi que de nombreuses personnalit\u00e9s officielles, acteurs culturels et artistiques, et de jeunes artistes venus de diff\u00e9rentes r\u00e9gions du Royaume, et \u00a0sous le th\u00e8me \u00ab\u00a0Une cr\u00e9ativit\u00e9 renouvel\u00e9e port\u00e9e par l\u2019esprit de la jeunesse\u00a0\u00bb , la Direction\u00a0 r\u00e9gionale du Minist\u00e8re de la jeunesse, de la culture et de la communication \u00a0, secteur de la jeunesse de Beni Mellal kh\u00e9nifra a proc\u00e9d\u00e9\u00a0 , lundi 28 Juillet 2025,2\u00a0 au \u00a0lancement officiel du Festival national des jeunes artistes plasticiens au Ksar d\u2019Ain Asserdoune<\/p>\n<p>Ce festival qui\u00a0 est Organis\u00e9 sous l\u2019\u00e9gide du minist\u00e8re de la Jeunesse, de la Culture et de la Communication \u2013 d\u00e9partement de la Jeunesse s\u2019inscrit dans le cadre du programme national des festivals de jeunesse qui s\u2019assigne pour objectif de \u00a0renforcer la pr\u00e9sence artistique et culturelle des jeunes marocains, d\u2019 offrir des espaces d\u2019expression et de cr\u00e9ativit\u00e9, et d\u2019encourager les \u00e9changes culturels entre cr\u00e9ateurs issus de divers horizons<\/p>\n<p>La c\u00e9r\u00e9monie d\u2019ouverture a \u00e9t\u00e9 marqu\u00e9e par plusieurs interventions mettant en lumi\u00e8re l\u2019importance de ce festival dans le soutien aux arts plastiques chez les jeunes, en stimulant leur potentiel cr\u00e9atif et en les incitant \u00e0 poursuivre leur parcours artistique. Le programme comprenait \u00e9galement des prestations musicales, des performances artistiques vari\u00e9es, ainsi que l\u2019inauguration d\u2019une exposition d\u2019arts plastiques pr\u00e9sentant les \u0153uvres des participants dans les domaines de la peinture, de la sculpture \u2026<\/p>\n<p>Dans son allocution, le Wali de la r\u00e9gion, M. Mohamed Benribag, a salu\u00e9 le r\u00f4le essentiel de telles manifestations dans la dynamisation de la vie culturelle et la valorisation des jeunes talents, r\u00e9affirmant le soutien des autorit\u00e9s r\u00e9gionales \u00e0 toutes les initiatives visant la promotion de l\u2019action culturelle et artistique.<\/p>\n<p>De son c\u00f4t\u00e9, le directeur r\u00e9gional du secteur de la jeunesse a exprim\u00e9 sa fiert\u00e9 quant \u00e0 l\u2019organisation de cette \u00e9dition \u00e0 B\u00e9ni Mellal, saluant les efforts d\u00e9ploy\u00e9s pour assurer son succ\u00e8s, et soulignant l\u2019ambition de faire de ce festival un rendez-vous annuel incontournable pour soutenir la cr\u00e9ativit\u00e9 plastique des jeunes.<\/p>\n<p>Les jeunes artistes participants ont, quant \u00e0 eux, exprim\u00e9 leur satisfaction de prendre part \u00e0 cet \u00e9v\u00e9nement national, qui leur offre l\u2019opportunit\u00e9 d\u2019exposer leurs \u0153uvres, d\u2019\u00e9changer avec d\u2019autres artistes venus de divers horizons, et de renforcer leur pr\u00e9sence sur la sc\u00e8ne artistique tout en d\u00e9veloppant leurs comp\u00e9tences professionnelles.<\/p>\n<p>\u00ab\u00a0J\u2019ai particip\u00e9 \u00e0 ce festival par la pr\u00e9sentation de mon tableau artistique qui \u00e9rige en pi\u00e9destal la culture marocaine authentique\u00a0 , le \u00ab\u00a0Zelij\u00a0\u00bb marocain \u00a0, la beaut\u00e9 de la calligraphie marocaine et la belle nature de Beni Mellal\u2026Ce festival est une initiative louable qui nous encouragera \u00e0 aller de l\u2019avant. Je remercie M le Wali et les autorit\u00e9s locales qui ont conjugu\u00e9 de grands efforts pour donner naissance \u00e0 cette rencontre artistique unique en son genre \u2026\u00a0\u00bb a soulign\u00e9 Khadija Rachad , une artiste qui a particip\u00e9 \u00e0 ce Festival.<\/p>\n<p>La c\u00e9r\u00e9monie d\u2019ouverture s\u2019est conclue dans une ambiance chaleureuse, empreinte de beaut\u00e9 et de cr\u00e9ativit\u00e9, annon\u00e7ant le coup d\u2019envoi d\u2019un programme riche en ateliers et activit\u00e9s qui se poursuivront dans les jours \u00e0 venir.<\/p>\n<p>Notons que le lancement de cette manifestation artistique co\u00efncide avec les festivit\u00e9s comm\u00e9morant la F\u00eate du Tr\u00f4ne, dans un contexte culturel et national particulier que conna\u00eet la r\u00e9gion, marqu\u00e9 par une s\u00e9rie d\u2019activit\u00e9s culturelles, artistiques et sportives organis\u00e9es \u00e0 cette occasion.<\/p>\n<p>FRIX ALM<\/p>\n","protected":false},"excerpt":{"rendered":"<p>En pr\u00e9sence du Wali de la r\u00e9gion B\u00e9ni Mellal-Kh\u00e9nifra, du directeur r\u00e9gional du secteur de la jeunesse, ainsi que de nombreuses personnalit\u00e9s officielles, acteurs culturels et artistiques, et de jeunes artistes venus de diff\u00e9rentes r\u00e9gions du Royaume, et \u00a0sous le th\u00e8me \u00ab\u00a0Une cr\u00e9ativit\u00e9 renouvel\u00e9e port\u00e9e par l\u2019esprit de la jeunesse\u00a0\u00bb , la Direction\u00a0 r\u00e9gionale du [&hellip;]<\/p>\n","protected":false},"author":4,"featured_media":2689,"comment_status":"open","ping_status":"open","sticky":false,"template":"","format":"standard","meta":{"footnotes":""},"categories":[1],"tags":[],"class_list":["post-3029","post","type-post","status-publish","format-standard","has-post-thumbnail","hentry","category-1"],"_links":{"self":[{"href":"https:\/\/pressmedias.ma\/index.php?rest_route=\/wp\/v2\/posts\/3029","targetHints":{"allow":["GET"]}}],"collection":[{"href":"https:\/\/pressmedias.ma\/index.php?rest_route=\/wp\/v2\/posts"}],"about":[{"href":"https:\/\/pressmedias.ma\/index.php?rest_route=\/wp\/v2\/types\/post"}],"author":[{"embeddable":true,"href":"https:\/\/pressmedias.ma\/index.php?rest_route=\/wp\/v2\/users\/4"}],"replies":[{"embeddable":true,"href":"https:\/\/pressmedias.ma\/index.php?rest_route=%2Fwp%2Fv2%2Fcomments&post=3029"}],"version-history":[{"count":1,"href":"https:\/\/pressmedias.ma\/index.php?rest_route=\/wp\/v2\/posts\/3029\/revisions"}],"predecessor-version":[{"id":3030,"href":"https:\/\/pressmedias.ma\/index.php?rest_route=\/wp\/v2\/posts\/3029\/revisions\/3030"}],"wp:featuredmedia":[{"embeddable":true,"href":"https:\/\/pressmedias.ma\/index.php?rest_route=\/wp\/v2\/media\/2689"}],"wp:attachment":[{"href":"https:\/\/pressmedias.ma\/index.php?rest_route=%2Fwp%2Fv2%2Fmedia&parent=3029"}],"wp:term":[{"taxonomy":"category","embeddable":true,"href":"https:\/\/pressmedias.ma\/index.php?rest_route=%2Fwp%2Fv2%2Fcategories&post=3029"},{"taxonomy":"post_tag","embeddable":true,"href":"https:\/\/pressmedias.ma\/index.php?rest_route=%2Fwp%2Fv2%2Ftags&post=3029"}],"curies":[{"name":"wp","href":"https:\/\/api.w.org\/{rel}","templated":true}]}}