{"id":3032,"date":"2025-09-12T11:06:48","date_gmt":"2025-09-12T10:06:48","guid":{"rendered":"https:\/\/pressmedias.ma\/?p=3032"},"modified":"2025-09-12T11:06:48","modified_gmt":"2025-09-12T10:06:48","slug":"entretien-avec-amina-majdi-presidente-de-la-cooperative-sanad-agricole","status":"publish","type":"post","link":"https:\/\/pressmedias.ma\/?p=3032","title":{"rendered":"Entretien avec Amina Majdi pr\u00e9sidente de la coop\u00e9rative Sanad agricole"},"content":{"rendered":"<p><strong>Dans le cadre de la c\u00e9l\u00e9bration de la journ\u00e9e internationale des coop\u00e9ratives<\/strong><\/p>\n<p><strong>Entretien avec Amina Majdi pr\u00e9sidente de la coop\u00e9rative Sanad agricole.<\/strong><\/p>\n<p><strong>\u00a0<\/strong><\/p>\n<p><strong>La participation de la coop\u00e9rative Sanad agricole au Salon international de l\u2019agriculture qui s\u2019est tenu \u00e0 Paris du 22 f\u00e9vrier au 2 mars 2025 \u00e0 Paris Expo Porte de Versailles a \u00e9t\u00e9 un \u00e9v\u00e8nement incontournable\u00a0 et une cons\u00e9cration gr\u00e2ce aux mesures prises par le gouvernement . Ainsi , les produits de terroir marocains ont enchant\u00e9 les professionnels du secteur et le grand public.<\/strong><\/p>\n<p><strong>ALM\u00a0: quand avez-vous cr\u00e9e la coop\u00e9rative Sanad Agricole\u00a0?<\/strong><\/p>\n<p><strong>\u00a0Amina Majdi\u00a0: c\u2019\u00e9tait en 2013 que la coop\u00e9rative Sanad a \u00e9t\u00e9 cr\u00e9\u00e9e gr\u00e2ce \u00e0 ma grande volont\u00e9 et \u00e0 celle \u00a0d\u2019un grand nombre de femmes qui voudraient\u00a0 avoir une source de revenus pour sortir de la pr\u00e9carit\u00e9 . Ainsi , mon objectif a \u00e9t\u00e9\u00a0 de donner naissance \u00e0 une coop\u00e9rative\u00a0 pour aider ces femmes veuves , c\u00e9libataires , divorc\u00e9es \u2026<\/strong> et\u00a0 de cr\u00e9er des activit\u00e9s g\u00e9n\u00e9ratrices d\u2019emplois pour les femmes rurales et les jeunes et la r\u00e9alisation de leur autonomisation \u00e9conomique. <strong>Et c\u2019est \u00e0 ce moment-l\u00e0 que l\u2019id\u00e9e de la cr\u00e9ation de\u00a0 \u00a0la coop\u00e9rative Sanad se concr\u00e9tisa.<\/strong><\/p>\n<p><strong>Derni\u00e8rement, vous avez particip\u00e9 \u00e0 des salons \u00e0 Paris , en Afrique\u2026Pourquoi\u00a0?<\/strong><\/p>\n<p><strong>Effectivement , j\u2019ai eu l\u2019honneur de participer au salon agricole international\u00a0 qui s\u2019est tenu\u00a0 \u00e0 Paris du 22 f\u00e9vrier au 2 mars 2025 \u00e0 Paris Expo Porte de Versailles. Notre Stand a \u00e9t\u00e9 visit\u00e9 par un grand nombre de visiteurs , de Ministres, \u2026 et surtout par le Chef du Gouvernement Aziz Akhannouch qui a insuffl\u00e9 une nouvelle dynamique \u00e0 notre participation \u00e0 ce Salon international\u00a0 en\u00a0 inaugurant la pavillon marocain au Salon international o\u00f9 le Maroc a \u00e9t\u00e9 l\u2019invit\u00e9 d\u2019honneur . C\u2019\u00e9tait une occasion pour nous de faire connaitre nos diff\u00e9rents produits de terroir , de rencontrer et d\u2019\u00e9changer des exp\u00e9riences avec un grand nombre de coop\u00e9ratives au niveau international. L\u2019art culinaire\u00a0 , l\u2019aspect vestimentaire traditionnel marocain , le folklore marocain\u00a0 et nos produits de terroir ont subjugu\u00e9\u00a0 des visiteurs venus d\u2019un grand nombre de pays europ\u00e9ens et africains repr\u00e9sent\u00e9s par des femmes entrepreneures\u00a0 rurales .La d\u00e9l\u00e9gation marocaine a dispos\u00e9 d\u2019un pavillon central\u00a0 o\u00f9 \u00e9taient expos\u00e9es des d\u00e9gustations de produits et des animations\u00a0 culturelles et artistiques. Nous avons cr\u00e9\u00e9 un r\u00e9seau des femmes\u00a0 rurales africaines \u00e0 Malabo en guin\u00e9e Equatoriale. Notre objectif a \u00e9t\u00e9 de travailler en concertation , de booster une bonne communication entre toutes les parties prenantes et d\u2019\u00e9changer nos exp\u00e9riences. En outre , nous avons particip\u00e9 avec un grand nombre de coop\u00e9ratives\u00a0 au salon qui a \u00e9t\u00e9 organis\u00e9 en Italie\u00a0 et tr\u00e8s prochainement , nous tablons de participer \u00e0 un autre salon \u00e0 Barcelone \u00e0 l\u2019occasion de la journ\u00e9e internationale des coop\u00e9ratives. <\/strong><\/p>\n<p><strong>Qu\u2019en est -il de la commercialisation de vos produits\u00a0?<\/strong><\/p>\n<p><strong>Gr\u00e2ce \u00e0 notre volont\u00e9 d\u2019aller de l\u2019avant\u00a0 , \u00e0 notre strat\u00e9gie et \u00e0 la bonne\u00a0 qualit\u00e9 de nos produits , nous avons r\u00e9ussi \u00e0 promouvoir la commercialisation de nos produits de terroir. <\/strong>Ainsi, nous avons eu la certification ISO 22000, un certificat de s\u00e9curit\u00e9 alimentaire de l\u2019ONSSA en plus d\u2019un grand nombre de m\u00e9dailles d\u2019or portant sur l\u2019excellence de nos produits de terroir. Notre coop\u00e9rative a \u00e9galement obtenu le troph\u00e9e des meilleurs produits de terroir locaux qui nous a \u00e9t\u00e9 d\u00e9cern\u00e9 par SAR le Prince Moulay Rachid. Actuellement, notre coop\u00e9rative se compose d\u2019un plus grand nombre de femmes opini\u00e2tres qui voudraient sortir du bourbier de la mis\u00e8re.<\/p>\n<p>Quelle est la dimension philosophique et sociale \u00a0de la visite du Chef du gouvernement Aziz Akhannouch et des personnalit\u00e9s politiques fran\u00e7aises au Salon international de l\u2019agriculture et surtout au pavillon marocain\u00a0?<\/p>\n<p>Notre pavillon a \u00e9t\u00e9 tr\u00e8s riche en produits de terroir de tr\u00e8s bonne qualit\u00e9 et l\u2019agriculture marocaine a \u00e9t\u00e9 au niveau des aspirations des visiteurs venus d\u2019un grand nombre de pays europ\u00e9ens , africains\u2026En plus, la pr\u00e9sence du pr\u00e9sident fran\u00e7ais et d\u2019autres personnalit\u00e9s politiques \u00a0et \u00a0de M Aziz Akhannouch au Salon international pr\u00e9cit\u00e9 t\u00e9moigne des relations exceptionnelles entre le Maroc et la France. Notre agriculture a \u00e9t\u00e9 \u00e0 l\u2019honneur parce que le gouvernement marocain a pris toutes les mesures n\u00e9cessaires pour que notre pays y brille de mil feux.<\/p>\n<p>FRIX ALM<\/p>\n","protected":false},"excerpt":{"rendered":"<p>Dans le cadre de la c\u00e9l\u00e9bration de la journ\u00e9e internationale des coop\u00e9ratives Entretien avec Amina Majdi pr\u00e9sidente de la coop\u00e9rative Sanad agricole. \u00a0 La participation de la coop\u00e9rative Sanad agricole au Salon international de l\u2019agriculture qui s\u2019est tenu \u00e0 Paris du 22 f\u00e9vrier au 2 mars 2025 \u00e0 Paris Expo Porte de Versailles a \u00e9t\u00e9 [&hellip;]<\/p>\n","protected":false},"author":4,"featured_media":2352,"comment_status":"open","ping_status":"open","sticky":false,"template":"","format":"standard","meta":{"footnotes":""},"categories":[1],"tags":[],"class_list":["post-3032","post","type-post","status-publish","format-standard","has-post-thumbnail","hentry","category-1"],"_links":{"self":[{"href":"https:\/\/pressmedias.ma\/index.php?rest_route=\/wp\/v2\/posts\/3032","targetHints":{"allow":["GET"]}}],"collection":[{"href":"https:\/\/pressmedias.ma\/index.php?rest_route=\/wp\/v2\/posts"}],"about":[{"href":"https:\/\/pressmedias.ma\/index.php?rest_route=\/wp\/v2\/types\/post"}],"author":[{"embeddable":true,"href":"https:\/\/pressmedias.ma\/index.php?rest_route=\/wp\/v2\/users\/4"}],"replies":[{"embeddable":true,"href":"https:\/\/pressmedias.ma\/index.php?rest_route=%2Fwp%2Fv2%2Fcomments&post=3032"}],"version-history":[{"count":1,"href":"https:\/\/pressmedias.ma\/index.php?rest_route=\/wp\/v2\/posts\/3032\/revisions"}],"predecessor-version":[{"id":3033,"href":"https:\/\/pressmedias.ma\/index.php?rest_route=\/wp\/v2\/posts\/3032\/revisions\/3033"}],"wp:featuredmedia":[{"embeddable":true,"href":"https:\/\/pressmedias.ma\/index.php?rest_route=\/wp\/v2\/media\/2352"}],"wp:attachment":[{"href":"https:\/\/pressmedias.ma\/index.php?rest_route=%2Fwp%2Fv2%2Fmedia&parent=3032"}],"wp:term":[{"taxonomy":"category","embeddable":true,"href":"https:\/\/pressmedias.ma\/index.php?rest_route=%2Fwp%2Fv2%2Fcategories&post=3032"},{"taxonomy":"post_tag","embeddable":true,"href":"https:\/\/pressmedias.ma\/index.php?rest_route=%2Fwp%2Fv2%2Ftags&post=3032"}],"curies":[{"name":"wp","href":"https:\/\/api.w.org\/{rel}","templated":true}]}}