{"id":3036,"date":"2025-09-12T11:05:29","date_gmt":"2025-09-12T10:05:29","guid":{"rendered":"https:\/\/pressmedias.ma\/?p=3036"},"modified":"2025-09-12T11:05:29","modified_gmt":"2025-09-12T10:05:29","slug":"le-conseil-de-la-region-beni-mellal-khenifra-approuve-27-conventions-de-partenariat","status":"publish","type":"post","link":"https:\/\/pressmedias.ma\/?p=3036","title":{"rendered":"Le Conseil de la R\u00e9gion B\u00e9ni Mellal-Kh\u00e9nifra approuve 27 conventions de partenariat"},"content":{"rendered":"<p>Le Conseil de la R\u00e9gion B\u00e9ni Mellal-Kh\u00e9nifra a tenu, lundi 7 juillet 2025, sa session ordinaire du mois de juillet, dans la grande salle de la pr\u00e9fecture de la province de Kh\u00e9nifra. La s\u00e9ance a \u00e9t\u00e9 pr\u00e9sid\u00e9e par le Pr\u00e9sident du Conseil r\u00e9gional, en pr\u00e9sence du Wali de la r\u00e9gion B\u00e9ni Mellal-Kh\u00e9nifra, Gouverneur de la province de B\u00e9ni Mellal, des repr\u00e9sentants des provinces de la r\u00e9gion, des membres du Conseil, ainsi que de repr\u00e9sentants des services d\u00e9concentr\u00e9s, de partenaires institutionnels et d&rsquo;acteurs locaux.<\/p>\n<p>L\u2019ordre du jour de cette session a comport\u00e9 27 points, portant sur l\u2019examen et l\u2019adoption d\u2019un ensemble de projets de conventions et de programmes de d\u00e9veloppement \u00e0 caract\u00e8re structurant et strat\u00e9gique, visant \u00e0 am\u00e9liorer les conditions de vie des populations et \u00e0 renforcer l\u2019attractivit\u00e9 territoriale de la r\u00e9gion.<\/p>\n<p>Dans le cadre de la poursuite de la mise en \u0153uvre des programmes de d\u00e9veloppement r\u00e9gional, le Conseil a adopt\u00e9 \u00e0 l\u2019unanimit\u00e9 27 conventions de partenariat avec plusieurs d\u00e9partements minist\u00e9riels, \u00e9tablissements publics et acteurs \u00e9conomiques, mobilisant un budget particuli\u00e8rement cons\u00e9quent. Ces conventions couvrent des secteurs cl\u00e9s, notamment : la r\u00e9alisation de projets de construction de barrages, ainsi que l\u2019extension et la g\u00e9n\u00e9ralisation de l\u2019acc\u00e8s \u00e0 l\u2019eau potable, en vue de s\u00e9curiser les ressources hydriques et garantir une alimentation durable en eau pour les populations rurales et urbaines, la mise en \u0153uvre de programmes d\u2019efficacit\u00e9 \u00e9nerg\u00e9tique, visant \u00e0 r\u00e9duire les co\u00fbts de l\u2019\u00e9nergie et \u00e0 promouvoir l\u2019utilisation des \u00e9nergies renouvelables, \u00e0 travers des projets d\u2019\u00e9clairage public durable bas\u00e9s sur l\u2019\u00e9nergie solaire, la r\u00e9utilisation des eaux us\u00e9es trait\u00e9es pour l\u2019irrigation des espaces verts, ainsi que pour les besoins industriels et agricoles, le d\u00e9veloppement et la r\u00e9habilitation des infrastructures routi\u00e8res, notamment dans les zones rurales et enclav\u00e9es, l\u2019am\u00e9nagement et la valorisation des tissus urbains anciens, pour renforcer l\u2019attractivit\u00e9 des centres ruraux et p\u00e9riurbains, avec des programmes de lutte contre les effets des inondations, notamment dans la province de Kh\u00e9nifra, ainsi que la mise en place d\u2019un r\u00e9seau d\u2019assainissement liquide et de traitement des eaux us\u00e9es au profit de la commune d\u2019Ajelmous, la valorisation des sites touristiques et naturels, en tant que levier essentiel du d\u00e9veloppement \u00e9conomique et de la cr\u00e9ation d\u2019emplois.<\/p>\n<p>Le Conseil a \u00e9galement adopt\u00e9 une convention de partenariat importante conclue avec le minist\u00e8re de la Culture, de la Jeunesse et de la Communication, visant \u00e0 soutenir les institutions et entreprises m\u00e9diatiques op\u00e9rant sur le territoire r\u00e9gional, \u00e0 travers l\u2019allocation d\u2019une enveloppe budg\u00e9taire de 6 millions de dirhams. L\u2019objectif est de promouvoir le paysage m\u00e9diatique r\u00e9gional, de renforcer ses capacit\u00e9s \u00e0 accompagner les grands chantiers de d\u00e9veloppement et de garantir le droit d\u2019acc\u00e8s \u00e0 l\u2019information.<\/p>\n<p>Cette session a \u00e9galement \u00e9t\u00e9 marqu\u00e9e par l\u2019adoption du projet de statut de la soci\u00e9t\u00e9 r\u00e9gionale charg\u00e9e de la gestion de la zone d\u2019acc\u00e9l\u00e9ration industrielle de Khouribga. Il s\u2019agit d\u2019un projet ambitieux, mis en \u0153uvre dans le cadre d\u2019un partenariat strat\u00e9gique avec un acteur chinois, en vue de cr\u00e9er un p\u00f4le industriel avanc\u00e9, apte \u00e0 stimuler l\u2019investissement et \u00e0 renforcer la valeur ajout\u00e9e de l\u2019\u00e9conomie r\u00e9gionale.<\/p>\n<p>Dans le cadre du renforcement des capacit\u00e9s r\u00e9gionales en mati\u00e8re de mobilit\u00e9 durable, le Conseil a approuv\u00e9 la mise en \u0153uvre d\u2019une convention de partenariat relative au d\u00e9veloppement du transport urbain par bus et du transport intercommunal. Cette initiative s\u2019inscrit dans la convention sign\u00e9e entre le gouvernement et les r\u00e9gions lors des Deuxi\u00e8mes Assises Nationales sur la R\u00e9gionalisation Avanc\u00e9e tenues \u00e0 Tanger.<\/p>\n<p>Dans son allocution d\u2019ouverture, le Pr\u00e9sident du Conseil a soulign\u00e9 l\u2019importance strat\u00e9gique de cette session, illustrant l\u2019engagement du Conseil \u00e0 poursuivre la dynamique de d\u00e9veloppement r\u00e9gional et \u00e0 mettre en \u0153uvre les Hautes Orientations Royales en mati\u00e8re de r\u00e9gionalisation avanc\u00e9e et de d\u00e9veloppement durable. Il a exprim\u00e9 sa gratitude \u00e0 l\u2019ensemble des partenaires gouvernementaux, institutionnels et \u00e9lus pour leur engagement responsable dans ce chantier collectif.<\/p>\n<p>Le Conseil de la R\u00e9gion B\u00e9ni Mellal-Kh\u00e9nifra poursuit ses actions dans une logique participative pla\u00e7ant le citoyen au c\u0153ur de ses priorit\u00e9s, dans l\u2019objectif de r\u00e9aliser un d\u00e9veloppement \u00e9conomique et social \u00e9quilibr\u00e9, r\u00e9pondant aux aspirations de la population et consolidant la position de la r\u00e9gion en tant que p\u00f4le r\u00e9gional prometteur.<\/p>\n<p><strong>SAID FRIX ALM<\/strong><\/p>\n","protected":false},"excerpt":{"rendered":"<p>Le Conseil de la R\u00e9gion B\u00e9ni Mellal-Kh\u00e9nifra a tenu, lundi 7 juillet 2025, sa session ordinaire du mois de juillet, dans la grande salle de la pr\u00e9fecture de la province de Kh\u00e9nifra. La s\u00e9ance a \u00e9t\u00e9 pr\u00e9sid\u00e9e par le Pr\u00e9sident du Conseil r\u00e9gional, en pr\u00e9sence du Wali de la r\u00e9gion B\u00e9ni Mellal-Kh\u00e9nifra, Gouverneur de la [&hellip;]<\/p>\n","protected":false},"author":4,"featured_media":2017,"comment_status":"open","ping_status":"open","sticky":false,"template":"","format":"standard","meta":{"footnotes":""},"categories":[1],"tags":[],"class_list":["post-3036","post","type-post","status-publish","format-standard","has-post-thumbnail","hentry","category-1"],"_links":{"self":[{"href":"https:\/\/pressmedias.ma\/index.php?rest_route=\/wp\/v2\/posts\/3036","targetHints":{"allow":["GET"]}}],"collection":[{"href":"https:\/\/pressmedias.ma\/index.php?rest_route=\/wp\/v2\/posts"}],"about":[{"href":"https:\/\/pressmedias.ma\/index.php?rest_route=\/wp\/v2\/types\/post"}],"author":[{"embeddable":true,"href":"https:\/\/pressmedias.ma\/index.php?rest_route=\/wp\/v2\/users\/4"}],"replies":[{"embeddable":true,"href":"https:\/\/pressmedias.ma\/index.php?rest_route=%2Fwp%2Fv2%2Fcomments&post=3036"}],"version-history":[{"count":1,"href":"https:\/\/pressmedias.ma\/index.php?rest_route=\/wp\/v2\/posts\/3036\/revisions"}],"predecessor-version":[{"id":3037,"href":"https:\/\/pressmedias.ma\/index.php?rest_route=\/wp\/v2\/posts\/3036\/revisions\/3037"}],"wp:featuredmedia":[{"embeddable":true,"href":"https:\/\/pressmedias.ma\/index.php?rest_route=\/wp\/v2\/media\/2017"}],"wp:attachment":[{"href":"https:\/\/pressmedias.ma\/index.php?rest_route=%2Fwp%2Fv2%2Fmedia&parent=3036"}],"wp:term":[{"taxonomy":"category","embeddable":true,"href":"https:\/\/pressmedias.ma\/index.php?rest_route=%2Fwp%2Fv2%2Fcategories&post=3036"},{"taxonomy":"post_tag","embeddable":true,"href":"https:\/\/pressmedias.ma\/index.php?rest_route=%2Fwp%2Fv2%2Ftags&post=3036"}],"curies":[{"name":"wp","href":"https:\/\/api.w.org\/{rel}","templated":true}]}}