{"id":3039,"date":"2025-09-12T11:05:11","date_gmt":"2025-09-12T10:05:11","guid":{"rendered":"https:\/\/pressmedias.ma\/?p=3039"},"modified":"2025-09-12T11:05:11","modified_gmt":"2025-09-12T10:05:11","slug":"un-festival-au-service-du-developpement-socioeconomique-touristique-et-culturel","status":"publish","type":"post","link":"https:\/\/pressmedias.ma\/?p=3039","title":{"rendered":"Un festival au service du d\u00e9veloppement socio\u00e9conomique , touristique et culturel"},"content":{"rendered":"<p>\u00c0 l\u2019occasion de la comm\u00e9moration de la R\u00e9volution du Roi et du Peuple et de la F\u00eate de la Jeunesse, la commune d\u2019A\u00eft Oukabli, relevant de la province d\u2019Azilal, a v\u00e9cu , vendredi 21 ao\u00fbt 2025, un moment fort marqu\u00e9 par le lancement officiel de la deuxi\u00e8me \u00e9dition de son festival culturel, artistique et sportif, organis\u00e9 du 21 au 24 ao\u00fbt courant. La c\u00e9r\u00e9monie d\u2019ouverture a \u00e9t\u00e9 pr\u00e9sid\u00e9e par M. Adil Barakat, pr\u00e9sident\u00a0 du conseil de la r\u00e9gion B\u00e9ni Mellal-Kh\u00e9nifra, accompagn\u00e9 d\u2019une importante d\u00e9l\u00e9gation compos\u00e9e de responsables et d\u2019\u00e9lus. \u00c9taient \u00e9galement pr\u00e9sents M. Jamal Ouhnin, pr\u00e9sident du conseil communal d\u2019A\u00eft Oukabli et initiateur de cet \u00e9v\u00e9nement qui est organis\u00e9\u00a0 en partenariat avec l\u2019Association des \u0153uvres sociales, le Conseil r\u00e9gional ainsi que le minist\u00e8re de la Jeunesse, de la Culture et de la Communication \u2013 secteur de la Culture.<\/p>\n<p>Dans son allocution de circonstance, le pr\u00e9sident du conseil \u00a0de la r\u00e9gion a soulign\u00e9 l\u2019importance de ce rendez-vous dans la valorisation du patrimoine culturel et artistique local, saluant les efforts d\u00e9ploy\u00e9s pour \u00e9riger ce festival en \u00e9v\u00e9nement annuel de rayonnement national et international, contribuant \u00e0 la dynamique \u00e9conomique et \u00e0 l\u2019encouragement des initiatives port\u00e9es par la jeunesse.<\/p>\n<p>Jamal Ouhnin, pr\u00e9sident du Conseil communal de Ait Oukabli, a accord\u00e9 une d\u00e9claration \u00e0 la presse dans laquelle il a soulign\u00e9 l\u2019importance de cette manifestation pour le rayonnement culturel et sportif de la r\u00e9gion. Il a affirm\u00e9 que le festival est d\u00e9sormais un rendez-vous annuel alliant art, culture et sport, constituant un espace de rencontre entre les diff\u00e9rents acteurs locaux et r\u00e9gionaux. Le succ\u00e8s de cette deuxi\u00e8me \u00e9dition t\u00e9moigne, selon lui, de la synergie des efforts de la commune territoriale, des composantes de la soci\u00e9t\u00e9 civile et des autorit\u00e9s locales. Le pr\u00e9sident du Conseil a ajout\u00e9 que le festival ambitionne de mettre en valeur le riche patrimoine local, d\u2019encourager la jeunesse \u00e0 la pratique sportive, tout en contribuant \u00e0 la dynamisation du tourisme et \u00e0 l\u2019animation \u00e9conomique de la r\u00e9gion. En conclusion, M. Ouhnin a r\u00e9affirm\u00e9 l\u2019engagement de la commune \u00e0 poursuivre son soutien \u00e0 ce type d\u2019initiatives, qui consacrent les valeurs de coop\u00e9ration et d\u2019ouverture, et conf\u00e8rent \u00e0 A\u00eft Oukabli la place qui lui revient au sein de la carte culturelle et sportive nationale. Et de poursuivre \u00ab\u00a0l\u2019organisation de ce festival joue un r\u00f4le primordial dans la promotion de notre patrimoine culturel et touristique tout en mettant l\u2019accent sur l\u2019instauration d\u2019une bonne communication entre les citoyens et les autres communes relevant de la province d\u2019Azilal .A cette occasion je remercie vivement M le gouverneur d\u2019Azilal , le pr\u00e9sident du conseil r\u00e9gional et celui du conseil provincial , les autorit\u00e9s locales et tous les op\u00e9rateurs socio\u00e9conomiques et culturels qui ont particip\u00e9 \u00e0 la r\u00e9ussite de ce festival\u2026\u00a0\u00bb<\/p>\n<p>L\u2019ouverture officielle a \u00e9t\u00e9 marqu\u00e9e par la visite de l\u2019espace d\u00e9di\u00e9 \u00e0 la <em>tbourida<\/em>, o\u00f9 le festival a \u00e9t\u00e9 lanc\u00e9 par un tir de salve ex\u00e9cut\u00e9 simultan\u00e9ment par les troupes de cavalerie traditionnelle, apr\u00e8s l\u2019interpr\u00e9tation de l\u2019hymne national marocain. Ce moment solennel et festif a suscit\u00e9 un vif engouement aupr\u00e8s du public.<\/p>\n<p>Le programme inaugural a \u00e9galement \u00e9t\u00e9 enrichi par un carnaval anim\u00e9 au rythme de prestations vari\u00e9es assur\u00e9es par des troupes folkloriques locales et r\u00e9gionales, refl\u00e9tant la richesse du patrimoine amazigh et marocain authentique, sous les applaudissements d\u2019une foule nombreuse qui a investi les diff\u00e9rents espaces du festival. Lors de la deuxi\u00e8me soir\u00e9e, le public d\u2019A\u00eft Oukabli et ses visiteurs ont vibr\u00e9 au son des chansons populaires et amazighes de l\u2019artiste A\u00efcha Maya, qui a enflamm\u00e9 l\u2019assistance par ses interpr\u00e9tations, provoquant une interaction enthousiaste du public entre applaudissements et danses. Dans cette ambiance festive, le Festival d\u2019A\u00eft Oukabli confirme son ancrage en tant que rendez-vous culturel et sportif majeur de la r\u00e9gion, et constitue un pari strat\u00e9gique pour le renforcement de l\u2019attractivit\u00e9 touristique et du rayonnement culturel de la province.<\/p>\n<p><strong>SAID FRIX ALM<\/strong><\/p>\n","protected":false},"excerpt":{"rendered":"<p>\u00c0 l\u2019occasion de la comm\u00e9moration de la R\u00e9volution du Roi et du Peuple et de la F\u00eate de la Jeunesse, la commune d\u2019A\u00eft Oukabli, relevant de la province d\u2019Azilal, a v\u00e9cu , vendredi 21 ao\u00fbt 2025, un moment fort marqu\u00e9 par le lancement officiel de la deuxi\u00e8me \u00e9dition de son festival culturel, artistique et sportif, [&hellip;]<\/p>\n","protected":false},"author":4,"featured_media":2934,"comment_status":"open","ping_status":"open","sticky":false,"template":"","format":"standard","meta":{"footnotes":""},"categories":[1],"tags":[],"class_list":["post-3039","post","type-post","status-publish","format-standard","has-post-thumbnail","hentry","category-1"],"_links":{"self":[{"href":"https:\/\/pressmedias.ma\/index.php?rest_route=\/wp\/v2\/posts\/3039","targetHints":{"allow":["GET"]}}],"collection":[{"href":"https:\/\/pressmedias.ma\/index.php?rest_route=\/wp\/v2\/posts"}],"about":[{"href":"https:\/\/pressmedias.ma\/index.php?rest_route=\/wp\/v2\/types\/post"}],"author":[{"embeddable":true,"href":"https:\/\/pressmedias.ma\/index.php?rest_route=\/wp\/v2\/users\/4"}],"replies":[{"embeddable":true,"href":"https:\/\/pressmedias.ma\/index.php?rest_route=%2Fwp%2Fv2%2Fcomments&post=3039"}],"version-history":[{"count":1,"href":"https:\/\/pressmedias.ma\/index.php?rest_route=\/wp\/v2\/posts\/3039\/revisions"}],"predecessor-version":[{"id":3040,"href":"https:\/\/pressmedias.ma\/index.php?rest_route=\/wp\/v2\/posts\/3039\/revisions\/3040"}],"wp:featuredmedia":[{"embeddable":true,"href":"https:\/\/pressmedias.ma\/index.php?rest_route=\/wp\/v2\/media\/2934"}],"wp:attachment":[{"href":"https:\/\/pressmedias.ma\/index.php?rest_route=%2Fwp%2Fv2%2Fmedia&parent=3039"}],"wp:term":[{"taxonomy":"category","embeddable":true,"href":"https:\/\/pressmedias.ma\/index.php?rest_route=%2Fwp%2Fv2%2Fcategories&post=3039"},{"taxonomy":"post_tag","embeddable":true,"href":"https:\/\/pressmedias.ma\/index.php?rest_route=%2Fwp%2Fv2%2Ftags&post=3039"}],"curies":[{"name":"wp","href":"https:\/\/api.w.org\/{rel}","templated":true}]}}