{"id":3042,"date":"2025-09-12T11:04:49","date_gmt":"2025-09-12T10:04:49","guid":{"rendered":"https:\/\/pressmedias.ma\/?p=3042"},"modified":"2025-09-12T11:04:49","modified_gmt":"2025-09-12T10:04:49","slug":"semaine-de-linvestissement-pour-les-marocains-du-monde","status":"publish","type":"post","link":"https:\/\/pressmedias.ma\/?p=3042","title":{"rendered":"Semaine de l\u2019Investissement pour les Marocains du Monde"},"content":{"rendered":"<p><strong>Le minist\u00e8re de l\u2019Investissement, de la Convergence et de l\u2019\u00c9valuation des Politiques Publiques (MICEPP) \u00a0a organis\u00e9, du 11 au 15 ao\u00fbt 2025, la Semaine de l\u2019Investissement pour les Marocains du Monde. Cette initiative nationale vise \u00e0 renforcer le lien entre les Marocains du Monde (MDM) et leur pays d\u2019origine, en mobilisant l\u2019ensemble des Centres R\u00e9gionaux d\u2019Investissement (CRI) afin de mobiliser les comp\u00e9tences des Marocains du Monde (MDM) au service du d\u00e9veloppement \u00e9conomique du Royaume<\/strong><\/p>\n<p><strong>Cette semaine vise \u00e0 sensibiliser, informer et accompagner les MDM porteurs de projets en leur offrant une immersion dans les opportunit\u00e9s d\u2019investissement et les dispositifs d\u2019appui disponibles \u00e0 l\u2019\u00e9chelle nationale et r\u00e9gionale.<\/strong><\/p>\n<p><strong>Dans ce cadre, le Centre R\u00e9gional d\u2019Investissement B\u00e9ni Mellal \u2013 Kh\u00e9nifra \u00a0a d\u00e9ploy\u00e9 un programme r\u00e9gional ambitieux, destin\u00e9 \u00e0 accueillir les MDM porteurs de projets, \u00e0 les sensibiliser aux opportunit\u00e9s d\u2019investissement offertes par le territoire et \u00e0 leur faciliter l\u2019acc\u00e8s aux dispositifs d\u2019appui nationaux et r\u00e9gionaux. Cette mobilisation s\u2019inscrit dans une dynamique visant \u00e0 renforcer l\u2019int\u00e9gration des MDM dans l\u2019\u00e9cosyst\u00e8me \u00e9conomique local et \u00e0 transformer leur potentiel en levier concret de d\u00e9veloppement, <\/strong>conform\u00e9ment aux Hautes Orientations Royales de Sa Majest\u00e9 le Roi Mohammed VI, que Dieu L\u2019assiste, qui appelle \u00e0 accorder une attention particuli\u00e8re aux Marocains du monde.<\/p>\n<p><strong>La programmation de cette semaine, pens\u00e9e de mani\u00e8re multisite et multisectorielle, \u00a0a inclus \u00a0une s\u00e9rie d\u2019ateliers th\u00e9matiques organis\u00e9s dans les cinq provinces de la r\u00e9gion. Ces rencontres \u00a0ont abord\u00e9 les diff\u00e9rentes dimensions du parcours entrepreneurial des MDM, depuis la d\u00e9couverte des fili\u00e8res porteuses jusqu\u2019aux m\u00e9canismes de financement avec un focus sur la Charte d\u2019Investissement, notamment son dispositif de soutien sp\u00e9cifique aux tr\u00e8s petites, petites et moyennes entreprises. <\/strong><\/p>\n<p><strong>Les ateliers se \u00a0sont tenus dans les locaux du CRI \u00e0 B\u00e9ni Mellal, ainsi que dans ses antennes de Fquih Ben Salah, Kh\u00e9nifra, Azilal et Khouribga, en partenariat avec les acteurs du financement, de l\u2019accompagnement institutionnel et de l\u2019offre fonci\u00e8re.<\/strong><\/p>\n<p><strong>Par ailleurs, plusieurs sessions de networking et de rencontres B2B \u00a0ont \u00e9t\u00e9 organis\u00e9es avec les banques, les repr\u00e9sentants des gestionnaires des dispositifs de soutien comme TAMWILCOM, ainsi que les op\u00e9rateurs \u00e9conomiques de la r\u00e9gion. Ces \u00e9changes \u00a0ont permis \u00a0d\u2019approfondir les discussions autour du montage de projets, de faciliter les mises en relation et d\u2019identifier des opportunit\u00e9s concr\u00e8tes de co-investissement. Le programme \u00a0a port\u00e9 \u00a0\u00e9galement sur \u00a0des visites de terrain, notamment au sein de l\u2019Agro-p\u00f4le et de la Qualip\u00f4le \u00e0 B\u00e9ni Mellal, pour permettre aux participants de mieux visualiser l\u2019\u00e9cosyst\u00e8me territorial et les infrastructures mises \u00e0 disposition des investisseurs.<\/strong><\/p>\n<p><strong>Tout au long de la semaine, deux bureaux d\u2019accueil d\u00e9di\u00e9s aux MDM \u00a0ont \u00e9t\u00e9 ouverts en continu. Le premier a \u00e9t\u00e9 install\u00e9 \u00e0 la Maison des MDM \u00e0 B\u00e9ni Mellal, et le second au niveau de l\u2019A\u00e9roport International de B\u00e9ni Mellal. <\/strong><\/p>\n<p><strong>Le lancement officiel de la semaine \u00a0a eu lieu ,lundi 11 ao\u00fbt 2025 \u00e0 11h00 au si\u00e8ge du CRI B\u00e9ni Mellal \u2013 Kh\u00e9nifra. Cette c\u00e9r\u00e9monie \u00a0a marqu\u00e9 \u00a0le d\u00e9but d\u2019une s\u00e9rie d\u2019\u00e9changes fructueux entre les porteurs de projets MDM et les diff\u00e9rents partenaires \u00e9conomiques, institutionnels et financiers de la r\u00e9gion. <\/strong><\/p>\n<p><strong>\u00c0 travers cette initiative, le CRI B\u00e9ni Mellal \u2013 Kh\u00e9nifra r\u00e9affirme sa volont\u00e9 de faire des Marocains du Monde un moteur de croissance r\u00e9gionale et un acteur principal dans la construction d\u2019un tissu \u00e9conomique durable, inclusif et comp\u00e9titif.<\/strong><\/p>\n<p><strong>Frix alm<\/strong><\/p>\n","protected":false},"excerpt":{"rendered":"<p>Le minist\u00e8re de l\u2019Investissement, de la Convergence et de l\u2019\u00c9valuation des Politiques Publiques (MICEPP) \u00a0a organis\u00e9, du 11 au 15 ao\u00fbt 2025, la Semaine de l\u2019Investissement pour les Marocains du Monde. Cette initiative nationale vise \u00e0 renforcer le lien entre les Marocains du Monde (MDM) et leur pays d\u2019origine, en mobilisant l\u2019ensemble des Centres R\u00e9gionaux [&hellip;]<\/p>\n","protected":false},"author":4,"featured_media":1841,"comment_status":"open","ping_status":"open","sticky":false,"template":"","format":"standard","meta":{"footnotes":""},"categories":[1],"tags":[],"class_list":["post-3042","post","type-post","status-publish","format-standard","has-post-thumbnail","hentry","category-1"],"_links":{"self":[{"href":"https:\/\/pressmedias.ma\/index.php?rest_route=\/wp\/v2\/posts\/3042","targetHints":{"allow":["GET"]}}],"collection":[{"href":"https:\/\/pressmedias.ma\/index.php?rest_route=\/wp\/v2\/posts"}],"about":[{"href":"https:\/\/pressmedias.ma\/index.php?rest_route=\/wp\/v2\/types\/post"}],"author":[{"embeddable":true,"href":"https:\/\/pressmedias.ma\/index.php?rest_route=\/wp\/v2\/users\/4"}],"replies":[{"embeddable":true,"href":"https:\/\/pressmedias.ma\/index.php?rest_route=%2Fwp%2Fv2%2Fcomments&post=3042"}],"version-history":[{"count":1,"href":"https:\/\/pressmedias.ma\/index.php?rest_route=\/wp\/v2\/posts\/3042\/revisions"}],"predecessor-version":[{"id":3043,"href":"https:\/\/pressmedias.ma\/index.php?rest_route=\/wp\/v2\/posts\/3042\/revisions\/3043"}],"wp:featuredmedia":[{"embeddable":true,"href":"https:\/\/pressmedias.ma\/index.php?rest_route=\/wp\/v2\/media\/1841"}],"wp:attachment":[{"href":"https:\/\/pressmedias.ma\/index.php?rest_route=%2Fwp%2Fv2%2Fmedia&parent=3042"}],"wp:term":[{"taxonomy":"category","embeddable":true,"href":"https:\/\/pressmedias.ma\/index.php?rest_route=%2Fwp%2Fv2%2Fcategories&post=3042"},{"taxonomy":"post_tag","embeddable":true,"href":"https:\/\/pressmedias.ma\/index.php?rest_route=%2Fwp%2Fv2%2Ftags&post=3042"}],"curies":[{"name":"wp","href":"https:\/\/api.w.org\/{rel}","templated":true}]}}