{"id":3052,"date":"2025-09-21T00:40:43","date_gmt":"2025-09-20T23:40:43","guid":{"rendered":"https:\/\/pressmedias.ma\/?p=3052"},"modified":"2025-09-21T00:40:43","modified_gmt":"2025-09-20T23:40:43","slug":"premier-jugement-avec-peine-alternative-au-tribunal-dazilal","status":"publish","type":"post","link":"https:\/\/pressmedias.ma\/?p=3052","title":{"rendered":"Premier jugement avec peine alternative au tribunal d\u2019Azilal"},"content":{"rendered":"<p>La chambre correctionnelle du tribunal de premi\u00e8re instance d\u2019Azilal a rendu, le 1er septembre 2025, son premier jugement substituant une peine privative de libert\u00e9 de six mois, prononc\u00e9e \u00e0 l\u2019encontre d\u2019un pr\u00e9venu poursuivi pour ivresse publique manifeste ainsi que pour coups et blessures, malgr\u00e9 la renonciation de la victime \u00e0 sa plainte. Le tribunal a d\u00e9cid\u00e9 de remplacer la peine d\u2019emprisonnement par une amende journali\u00e8re fix\u00e9e \u00e0 100 dirhams pour chaque jour de d\u00e9tention, conform\u00e9ment aux nouvelles orientations introduites par la loi n\u00b043\/22 relative aux peines alternatives.<\/p>\n<p>Cette d\u00e9cision constitue une premi\u00e8re jurisprudentielle au niveau du tribunal de premi\u00e8re instance d\u2019Azilal. Elle illustre le d\u00e9but de la mise en \u0153uvre des dispositions l\u00e9gales encadrant les sanctions alternatives, dans la perspective de renforcer la justice p\u00e9nale par des m\u00e9canismes plus souples, prenant en consid\u00e9ration les dimensions sociale et humaine.<\/p>\n<p>Ce jugement s\u2019inscrit dans le cadre des grandes r\u00e9formes engag\u00e9es dans le secteur de la justice au Maroc, notamment la r\u00e9vision de la politique p\u00e9nale et l\u2019\u00e9largissement du champ d\u2019application des peines alternatives. Il traduit l\u2019orientation royale visant \u00e0 promouvoir des solutions plus efficaces et humaines, conciliant l\u2019exigence de dissuasion et de protection de la soci\u00e9t\u00e9 avec le respect de la dignit\u00e9 des individus et leur r\u00e9insertion.<\/p>\n","protected":false},"excerpt":{"rendered":"<p>La chambre correctionnelle du tribunal de premi\u00e8re instance d\u2019Azilal a rendu, le 1er septembre 2025, son premier jugement substituant une peine privative de libert\u00e9 de six mois, prononc\u00e9e \u00e0 l\u2019encontre d\u2019un pr\u00e9venu poursuivi pour ivresse publique manifeste ainsi que pour coups et blessures, malgr\u00e9 la renonciation de la victime \u00e0 sa plainte. Le tribunal a [&hellip;]<\/p>\n","protected":false},"author":4,"featured_media":3053,"comment_status":"open","ping_status":"open","sticky":false,"template":"","format":"standard","meta":{"footnotes":""},"categories":[1],"tags":[],"class_list":["post-3052","post","type-post","status-publish","format-standard","has-post-thumbnail","hentry","category-1"],"_links":{"self":[{"href":"https:\/\/pressmedias.ma\/index.php?rest_route=\/wp\/v2\/posts\/3052","targetHints":{"allow":["GET"]}}],"collection":[{"href":"https:\/\/pressmedias.ma\/index.php?rest_route=\/wp\/v2\/posts"}],"about":[{"href":"https:\/\/pressmedias.ma\/index.php?rest_route=\/wp\/v2\/types\/post"}],"author":[{"embeddable":true,"href":"https:\/\/pressmedias.ma\/index.php?rest_route=\/wp\/v2\/users\/4"}],"replies":[{"embeddable":true,"href":"https:\/\/pressmedias.ma\/index.php?rest_route=%2Fwp%2Fv2%2Fcomments&post=3052"}],"version-history":[{"count":1,"href":"https:\/\/pressmedias.ma\/index.php?rest_route=\/wp\/v2\/posts\/3052\/revisions"}],"predecessor-version":[{"id":3054,"href":"https:\/\/pressmedias.ma\/index.php?rest_route=\/wp\/v2\/posts\/3052\/revisions\/3054"}],"wp:featuredmedia":[{"embeddable":true,"href":"https:\/\/pressmedias.ma\/index.php?rest_route=\/wp\/v2\/media\/3053"}],"wp:attachment":[{"href":"https:\/\/pressmedias.ma\/index.php?rest_route=%2Fwp%2Fv2%2Fmedia&parent=3052"}],"wp:term":[{"taxonomy":"category","embeddable":true,"href":"https:\/\/pressmedias.ma\/index.php?rest_route=%2Fwp%2Fv2%2Fcategories&post=3052"},{"taxonomy":"post_tag","embeddable":true,"href":"https:\/\/pressmedias.ma\/index.php?rest_route=%2Fwp%2Fv2%2Ftags&post=3052"}],"curies":[{"name":"wp","href":"https:\/\/api.w.org\/{rel}","templated":true}]}}