{"id":3056,"date":"2025-09-21T00:40:25","date_gmt":"2025-09-20T23:40:25","guid":{"rendered":"https:\/\/pressmedias.ma\/?p=3056"},"modified":"2025-09-21T00:40:25","modified_gmt":"2025-09-20T23:40:25","slug":"pour-la-valorisation-de-la-filiere-de-lamande","status":"publish","type":"post","link":"https:\/\/pressmedias.ma\/?p=3056","title":{"rendered":"Pour la valorisation de la fili\u00e8re de l\u2019amande"},"content":{"rendered":"<p>&nbsp;<\/p>\n<p><strong>La commune d\u2019A\u00eft Tagla, province d\u2019Azilal, a connu, mercredi 3 septembre 2025, l\u2019ouverture officielle de la deuxi\u00e8me \u00e9dition du <\/strong><strong>Festival de l\u2019Amande<\/strong><strong>, en pr\u00e9sence d\u2019une d\u00e9l\u00e9gation conduite par M. Adil El Barakat, pr\u00e9sident du Conseil r\u00e9gional de B\u00e9ni Mellal-Kh\u00e9nifra, , Badr Eddine Najih Fawzi, pr\u00e9sident du groupement des collectivit\u00e9s territoriales du Moyen et grand\u00a0 Atlas, ainsi que M. Khalid Ejlaydy, pr\u00e9sident de la commune d\u2019A\u00eft Tagla, des\u00a0 \u00e9lus, repr\u00e9sentants des autorit\u00e9s locales, membres de la Gendarmerie royale, de la Protection civile et des Forces auxiliaires, ainsi que des acteurs de la soci\u00e9t\u00e9 civile et\u00a0 de l\u2019\u00e9cosyst\u00e8me m\u00e9diatique.<\/strong><\/p>\n<p>L\u2019organisation de ce festival s\u2019inscrit dans le cadre de la valorisation de la fili\u00e8re de l\u2019amande, consid\u00e9r\u00e9e comme l\u2019un des produits agricoles phares de la r\u00e9gion, et constitue une occasion privil\u00e9gi\u00e9e pour mettre en lumi\u00e8re les richesses naturelles, \u00e9conomiques et culturelles dont regorge A\u00eft Tagla. Il se veut \u00e9galement un espace de rencontre et d\u2019\u00e9changes entre agriculteurs et op\u00e9rateurs \u00e9conomiques, tout en contribuant \u00e0 la pr\u00e9servation du patrimoine local et \u00e0 la promotion de l\u2019h\u00e9ritage artistique et culturel de la r\u00e9gion.<\/p>\n<p>Dans son allocution d\u2019ouverture, le directeur du festival, M. Sa\u00efd Alktaw, a soulign\u00e9 que cette manifestation ambitionne de contribuer \u00e0 la dynamique de d\u00e9veloppement local, d\u2019ouvrir de nouvelles perspectives de commercialisation de l\u2019amande et de cr\u00e9er une dynamique culturelle et touristique \u00e0 m\u00eame de renforcer le rayonnement de la r\u00e9gion. Et d\u2019ajouter \u00ab\u00a0Ce festival qui co\u00efncide avec la c\u00e9l\u00e9bration de Aid El Mawlid\u00a0 s\u2019assigne pour objectif d\u2019affermir une bonne communication entre toutes les tribus , de faire connaitre notre patrimoine culturel , artistique et folklorique tout en mettant l\u2019accent sur l\u2019amandier . Ainsi , je lance un appel \u00e0 tous les acteurs socio\u00e9conomiques concern\u00e9s , aux associations , aux coop\u00e9ratives pour qu\u2019ils \u00e9laborent des programmes \u00e0 m\u00eame de participer \u00e0 la pr\u00e9servation de l\u2019amandier . A cette occasion , je remercie vivement M le Gouverneur de la province d\u2019Azilal , le pr\u00e9sident du conseil r\u00e9gional , Badr Eddine Najih Faouzi, le pr\u00e9sident de la commune territoriale de Ait Tagla et tous ceux et celles qui ont particip\u00e9 \u00e0 la r\u00e9ussite de ce festival\u2026\u00a0\u00bb<\/p>\n<p>La d\u00e9l\u00e9gation accompagnant le pr\u00e9sident du Conseil r\u00e9gional de B\u00e9ni Mellal-Kh\u00e9nifra a profit\u00e9 de l\u2019occasion pour visiter l\u2019espace d\u00e9di\u00e9 \u00e0 la <strong>tbourida<\/strong>, marqu\u00e9 par la participation notable de plusieurs troupes \u00e9questres. Elle a \u00e9galement visit\u00e9 le pavillon des produits du terroir, de l\u2019artisanat et de l\u2019\u00e9conomie sociale et solidaire, anim\u00e9 par des coop\u00e9ratives locales.<\/p>\n<p>Pour sa part, M. Khalid Ejlaydy \u00a0pr\u00e9sident de la commune d\u2019A\u00eft Tagla, a affirm\u00e9 que ce festival vise \u00e0 contribuer \u00e0 la valorisation du patrimoine du moyen et grand \u00a0Atlas, et \u00e0 am\u00e9liorer les conditions socio-\u00e9conomiques des populations locales \u00e0 travers la consolidation des principes de l\u2019\u00e9conomie sociale et solidaire. Il a rappel\u00e9 que la fili\u00e8re de l\u2019amande, v\u00e9ritable produit embl\u00e9matique de la commune, demeure au c\u0153ur de cette ambition.<\/p>\n<p>Le pr\u00e9sident a ajout\u00e9 que l\u2019exposition des produits du terroir constitue l\u2019un des piliers du programme g\u00e9n\u00e9ral du festival, en offrant aux associations et coop\u00e9ratives \u0153uvrant dans le cadre de l\u2019\u00e9conomie solidaire, un espace de valorisation de leurs produits, mais aussi une opportunit\u00e9 de formation, de rencontre et de partage d\u2019exp\u00e9riences.<\/p>\n<p>Le programme du festival propose, par ailleurs, une riche palette d\u2019activit\u00e9s combinant spectacles artistiques, animations patrimoniales et initiatives \u00e9conomiques, en plus des stands d\u2019exposition et de commercialisation de produits locaux. Cette deuxi\u00e8me \u00e9dition se profile ainsi comme une \u00e9tape prometteuse pour affirmer la place d\u2019A\u00eft Tagla dans la cartographie des festivals r\u00e9gionaux et nationaux. Ibtissam Akrirane, responsable du pavillon des coop\u00e9ratives, a soulign\u00e9 que la deuxi\u00e8me \u00e9dition du Festival de l\u2019Amande \u00e0 A\u00eft Tagla contribuera \u00e0 donner un nouvel \u00e9lan \u00e0 l\u2019\u00e9conomie sociale et solidaire dans la r\u00e9gion.\u00a0\u00ab\u00a0 Cet \u00e9v\u00e9nement offre en effet aux coop\u00e9ratives ainsi qu\u2019aux associations artisanales et agricoles l\u2019opportunit\u00e9 de commercialiser leurs produits locaux, tout en favorisant l\u2019\u00e9change d\u2019exp\u00e9riences et d\u2019id\u00e9es avec leurs homologues issus des diff\u00e9rentes r\u00e9gions du Royaume. Il propose \u00e9galement des ateliers et des sessions de sensibilisation visant \u00e0 am\u00e9liorer la qualit\u00e9 et la comp\u00e9titivit\u00e9, et \u00e0 renforcer la valeur ajout\u00e9e des produits du terroir.\u00a0\u00bb a-t-elle conclu<\/p>\n<p><strong>SAID FRIX ALM<\/strong><\/p>\n","protected":false},"excerpt":{"rendered":"<p>&nbsp; La commune d\u2019A\u00eft Tagla, province d\u2019Azilal, a connu, mercredi 3 septembre 2025, l\u2019ouverture officielle de la deuxi\u00e8me \u00e9dition du Festival de l\u2019Amande, en pr\u00e9sence d\u2019une d\u00e9l\u00e9gation conduite par M. Adil El Barakat, pr\u00e9sident du Conseil r\u00e9gional de B\u00e9ni Mellal-Kh\u00e9nifra, , Badr Eddine Najih Fawzi, pr\u00e9sident du groupement des collectivit\u00e9s territoriales du Moyen et grand\u00a0 [&hellip;]<\/p>\n","protected":false},"author":4,"featured_media":2014,"comment_status":"open","ping_status":"open","sticky":false,"template":"","format":"standard","meta":{"footnotes":""},"categories":[1],"tags":[],"class_list":["post-3056","post","type-post","status-publish","format-standard","has-post-thumbnail","hentry","category-1"],"_links":{"self":[{"href":"https:\/\/pressmedias.ma\/index.php?rest_route=\/wp\/v2\/posts\/3056","targetHints":{"allow":["GET"]}}],"collection":[{"href":"https:\/\/pressmedias.ma\/index.php?rest_route=\/wp\/v2\/posts"}],"about":[{"href":"https:\/\/pressmedias.ma\/index.php?rest_route=\/wp\/v2\/types\/post"}],"author":[{"embeddable":true,"href":"https:\/\/pressmedias.ma\/index.php?rest_route=\/wp\/v2\/users\/4"}],"replies":[{"embeddable":true,"href":"https:\/\/pressmedias.ma\/index.php?rest_route=%2Fwp%2Fv2%2Fcomments&post=3056"}],"version-history":[{"count":1,"href":"https:\/\/pressmedias.ma\/index.php?rest_route=\/wp\/v2\/posts\/3056\/revisions"}],"predecessor-version":[{"id":3057,"href":"https:\/\/pressmedias.ma\/index.php?rest_route=\/wp\/v2\/posts\/3056\/revisions\/3057"}],"wp:featuredmedia":[{"embeddable":true,"href":"https:\/\/pressmedias.ma\/index.php?rest_route=\/wp\/v2\/media\/2014"}],"wp:attachment":[{"href":"https:\/\/pressmedias.ma\/index.php?rest_route=%2Fwp%2Fv2%2Fmedia&parent=3056"}],"wp:term":[{"taxonomy":"category","embeddable":true,"href":"https:\/\/pressmedias.ma\/index.php?rest_route=%2Fwp%2Fv2%2Fcategories&post=3056"},{"taxonomy":"post_tag","embeddable":true,"href":"https:\/\/pressmedias.ma\/index.php?rest_route=%2Fwp%2Fv2%2Ftags&post=3056"}],"curies":[{"name":"wp","href":"https:\/\/api.w.org\/{rel}","templated":true}]}}