{"id":3066,"date":"2025-09-21T00:39:29","date_gmt":"2025-09-20T23:39:29","guid":{"rendered":"https:\/\/pressmedias.ma\/?p=3066"},"modified":"2025-09-21T00:39:29","modified_gmt":"2025-09-20T23:39:29","slug":"lancement-officiel-de-la-formation-au-profit-des-stagiaires-de-deuxieme-annee-a-la-cmc-de-beni-mellal","status":"publish","type":"post","link":"https:\/\/pressmedias.ma\/?p=3066","title":{"rendered":"Lancement  officiel de la formation au profit  des stagiaires de deuxi\u00e8me ann\u00e9e \u00e0 la CMC de B\u00e9ni Mellal"},"content":{"rendered":"<p>En pr\u00e9sence de Mme Loubna Tricha Directrice g\u00e9n\u00e9rale de l\u2019Office National de la Formation Professionnelle et de la Promotion du Travail (OFPPT), du Directeur\u00a0 r\u00e9gional et la directrice de la CMC Beni Mellal kh\u00e9nifra , de Mme la pr\u00e9sidente du Fond Hassan II, de \u00a0\u00a0<strong>M. Adil Barakat<\/strong>, Pr\u00e9sident du Conseil r\u00e9gional, du Conseil provincial, et des acteurs r\u00e9gionaux , M. Younes Skouri, Ministre de l\u2019Inclusion \u00e9conomique, de la Petite entreprise, de l\u2019Emploi et des Comp\u00e9tences, a proc\u00e9d\u00e9, jeudi 11 septembre 2025, \u00e0 B\u00e9ni Mellal, au lancement officiel de la formation, 2025\/2026, au niveau national , au profit des stagiaires de deuxi\u00e8me ann\u00e9e , \u00e0 la Cit\u00e9 des M\u00e9tiers et des Comp\u00e9tences.<\/p>\n<p>&nbsp;<\/p>\n<p>Lors de son allocution, <strong>Younes Skouri<\/strong>, Ministre de l\u2019Inclusion \u00e9conomique, de la Petite entreprise, de l\u2019Emploi et des Comp\u00e9tences, a indiqu\u00e9 que le lancement officiel de l\u2019ann\u00e9e de formation 2025-2026 depuis la <strong>Cit\u00e9 des M\u00e9tiers et des Comp\u00e9tences de B\u00e9ni Mellal<\/strong> repr\u00e9sente une \u00e9tape cl\u00e9 dans le d\u00e9veloppement de la formation professionnelle au Maroc et \u00a0que cette cit\u00e9 s\u2019inscrit dans la vision royale visant \u00e0 cr\u00e9er un <strong>r\u00e9seau national de villes des m\u00e9tiers et des comp\u00e9tences<\/strong>, r\u00e9parties sur l\u2019ensemble du territoire. M Skouri a ajout\u00e9 que ce r\u00e9seau comprend d\u00e9j\u00e0 des \u00e9tablissements \u00e0 <strong>Rabat, Nador, Agadir, La\u00e2youne, Tanger et Casablanca<\/strong>, et que de nouveaux centres ouvriront prochainement \u00e0 <strong>Guelmim, Marrakech et Dakhla. Et de pr\u00e9ciser que 740 000 stagiaires<\/strong> suivent actuellement diff\u00e9rentes fili\u00e8res de formation \u00e0 l\u2019\u00e9chelle nationale et que le\u00a0 programme gouvernemental pr\u00e9voit \u00e9galement un projet in\u00e9dit de <strong>progression professionnelle<\/strong> ciblant <strong>100 000 stagiaires<\/strong>, dont 40 000 seront pris en charge par l\u2019OFPPT. D\u2019apr\u00e8s M le Ministre, la capacit\u00e9 d\u2019accueil des \u00e9tablissements a connu une augmentation significative tant en nombre de places qu\u2019en infrastructures sociales, notamment les internats, qui permettent aux stagiaires venant de r\u00e9gions \u00e9loign\u00e9es telles qu\u2019Azilal, Midelt, Ouarzazate ou Marrakech de suivre leur formation dans de bonnes conditions. Et de conclure que cette ann\u00e9e ,28 nouvelles structures <strong>de formation<\/strong> seront ouvertes \u00e0 l\u2019\u00e9chelle nationale, dont 20 sous la responsabilit\u00e9 de l\u2019OFPPT et que cette rentr\u00e9e les jeunes non dipl\u00f4m\u00e9s\u00a0 b\u00e9n\u00e9ficieront pour la premi\u00e8re fois d\u2019une <strong>formation qualifiante courte<\/strong> de neuf mois, repr\u00e9sentant un tiers de la capacit\u00e9 totale des villes des m\u00e9tiers et des comp\u00e9tences.<\/p>\n<p>Pour sa part , Mme Loubna Tricha a fait savoir que \u00ab\u00a0Les 500 \u00e9tablissements de formation de l&rsquo;OFPPT partout au Maroc se remettent en marche pour amorcer la nouvelle ann\u00e9e de formation 2025-2026. Ils accueillent les 128 000 jeunes en deuxi\u00e8me et troisi\u00e8me ann\u00e9e, en attendant l&rsquo;arriv\u00e9e des 150 000 jeunes nouvellement inscrits en premi\u00e8re ann\u00e9e de mani\u00e8re imminente gr\u00e2ce \u00e0 l&rsquo;ouverture de 21 nouveaux instituts et au d\u00e9marrage des CMC de Guelmim, de Dakhla et de Marrakech. Notre capacit\u00e9 d&rsquo;accueil a \u00e9t\u00e9 relev\u00e9e cette ann\u00e9e \u00e0 418 000 places p\u00e9dagogiques. Il s&rsquo;agit d&rsquo;une offre qui est \u00e0 la fois actualis\u00e9e et renouvel\u00e9e de par la nouvelle ing\u00e9nierie qui a \u00e9t\u00e9 accomplie dans le cadre de la feuille de route.\u00a0\u00bb Et de poursuivre \u00ab\u00a0 Pour cette ann\u00e9e particuli\u00e8rement, ce ne sont pas moins de 100 programmes de formation qui ont \u00e9t\u00e9 nouvellement cr\u00e9\u00e9s, donnant acc\u00e8s \u00e0 de nouveaux m\u00e9tiers tels que les m\u00e9tiers de gaming, les m\u00e9tiers de cybers\u00e9curit\u00e9, les m\u00e9tiers du golf ou encore les m\u00e9tiers de l&rsquo;\u00e9conomie verte. C&rsquo;est une offre qui est \u00e9galement riche et vari\u00e9e en termes de parcours, de disciplines et de dur\u00e9e propos\u00e9es, avec une offre de formation dipl\u00f4mante ouverte aux jeunes de 15 \u00e0 30 ans qui se d\u00e9clinent en quatre niveaux de formation et proposent plus de 220 disciplines et sp\u00e9cialit\u00e9s. Plus de 200 formations qualifiantes sont accessibles jusqu&rsquo;\u00e0 l&rsquo;\u00e2ge de 45 ans\u2026\u00a0\u00bb<\/p>\n<p>Afin de garantir un environnement propice \u00e0 la cr\u00e9ativit\u00e9 et \u00e0 l\u2019\u00e9panouissement des stagiaires, la Cit\u00e9 dispose de plusieurs infrastructures modernes, parmi lesquelles un centre de langues et de comp\u00e9tences de vie, une m\u00e9diath\u00e8que, un centre de conf\u00e9rences, ainsi qu\u2019une r\u00e9sidence pour stagiaires \u00e9quip\u00e9e de toutes les commodit\u00e9s n\u00e9cessaires pour concilier apprentissage et qualit\u00e9 de vie. La Cit\u00e9 est \u00e9galement dot\u00e9e de p\u00f4les de formation int\u00e9gr\u00e9s couvrant notamment les secteurs de l\u2019industrie, de l\u2019agriculture et de l\u2019agro-transformation en coh\u00e9rence avec le tissu \u00e9conomique de la r\u00e9gion.<\/p>\n<p>FRIX ALM<\/p>\n","protected":false},"excerpt":{"rendered":"<p>En pr\u00e9sence de Mme Loubna Tricha Directrice g\u00e9n\u00e9rale de l\u2019Office National de la Formation Professionnelle et de la Promotion du Travail (OFPPT), du Directeur\u00a0 r\u00e9gional et la directrice de la CMC Beni Mellal kh\u00e9nifra , de Mme la pr\u00e9sidente du Fond Hassan II, de \u00a0\u00a0M. Adil Barakat, Pr\u00e9sident du Conseil r\u00e9gional, du Conseil provincial, et [&hellip;]<\/p>\n","protected":false},"author":4,"featured_media":3067,"comment_status":"open","ping_status":"open","sticky":false,"template":"","format":"standard","meta":{"footnotes":""},"categories":[1],"tags":[],"class_list":["post-3066","post","type-post","status-publish","format-standard","has-post-thumbnail","hentry","category-1"],"_links":{"self":[{"href":"https:\/\/pressmedias.ma\/index.php?rest_route=\/wp\/v2\/posts\/3066","targetHints":{"allow":["GET"]}}],"collection":[{"href":"https:\/\/pressmedias.ma\/index.php?rest_route=\/wp\/v2\/posts"}],"about":[{"href":"https:\/\/pressmedias.ma\/index.php?rest_route=\/wp\/v2\/types\/post"}],"author":[{"embeddable":true,"href":"https:\/\/pressmedias.ma\/index.php?rest_route=\/wp\/v2\/users\/4"}],"replies":[{"embeddable":true,"href":"https:\/\/pressmedias.ma\/index.php?rest_route=%2Fwp%2Fv2%2Fcomments&post=3066"}],"version-history":[{"count":1,"href":"https:\/\/pressmedias.ma\/index.php?rest_route=\/wp\/v2\/posts\/3066\/revisions"}],"predecessor-version":[{"id":3068,"href":"https:\/\/pressmedias.ma\/index.php?rest_route=\/wp\/v2\/posts\/3066\/revisions\/3068"}],"wp:featuredmedia":[{"embeddable":true,"href":"https:\/\/pressmedias.ma\/index.php?rest_route=\/wp\/v2\/media\/3067"}],"wp:attachment":[{"href":"https:\/\/pressmedias.ma\/index.php?rest_route=%2Fwp%2Fv2%2Fmedia&parent=3066"}],"wp:term":[{"taxonomy":"category","embeddable":true,"href":"https:\/\/pressmedias.ma\/index.php?rest_route=%2Fwp%2Fv2%2Fcategories&post=3066"},{"taxonomy":"post_tag","embeddable":true,"href":"https:\/\/pressmedias.ma\/index.php?rest_route=%2Fwp%2Fv2%2Ftags&post=3066"}],"curies":[{"name":"wp","href":"https:\/\/api.w.org\/{rel}","templated":true}]}}