{"id":3070,"date":"2025-09-21T00:39:05","date_gmt":"2025-09-20T23:39:05","guid":{"rendered":"https:\/\/pressmedias.ma\/?p=3070"},"modified":"2025-09-21T00:39:05","modified_gmt":"2025-09-20T23:39:05","slug":"une-caravane-medicale-pluridisciplinaire-dispense-plus-de-1-000-prestations-aux-patients-a-ouzoud","status":"publish","type":"post","link":"https:\/\/pressmedias.ma\/?p=3070","title":{"rendered":"Une caravane m\u00e9dicale pluridisciplinaire dispense plus de 1 000 prestations aux patients \u00e0 Ouzoud."},"content":{"rendered":"<p>Dans une sc\u00e8ne profond\u00e9ment humaine, l\u2019esplanade du coll\u00e8ge Cascades \u00a0d\u2019Ouzoud s\u2019est transform\u00e9e, dimanche 14 septembre 2025, en un\u00a0 v\u00e9ritable h\u00f4pital de campagne\u00a0 qui\u00a0 a accueilli des centaines de citoyens venus du centre d\u2019Ouzoud, d\u2019A\u00eft Tagla et des douars avoisinants, dans le cadre d\u2019une campagne m\u00e9dicale pluridisciplinaire organis\u00e9e par l\u2019Association <em>Les Empreintes pour l\u2019\u00c9ducation et la Culture , section Ouzoud<\/em>, en partenariat avec la D\u00e9l\u00e9gation provinciale de la sant\u00e9 et de la protection sociale d\u2019Azilal.<\/p>\n<p>D\u00e8s les premi\u00e8res heures de la matin\u00e9e, des dizaines de familles issues des montagnes ont afflu\u00e9 vers l\u2019\u00e9tablissement, anim\u00e9es par l\u2019espoir de consulter des m\u00e9decins sp\u00e9cialistes dont la pr\u00e9sence est rare dans ces zones enclav\u00e9es. Entre personnes \u00e2g\u00e9es, femmes en qu\u00eate de consultations en gyn\u00e9cologie-obst\u00e9trique et enfants n\u00e9cessitant un examen en ophtalmologie ou en ORL, les salles se sont rapidement remplies dans une atmosph\u00e8re empreinte de solidarit\u00e9. Les services offerts couvraient plusieurs sp\u00e9cialit\u00e9s telles que la cardiologie, la rhumatologie et l\u2019orthop\u00e9die, la gyn\u00e9cologie et l\u2019obst\u00e9trique, l\u2019ophtalmologie et la m\u00e9decine g\u00e9n\u00e9rale, auxquelles s\u2019ajoutent divers autres examens assur\u00e9s par des \u00e9quipes m\u00e9dicales et param\u00e9dicales mobilis\u00e9es sous le slogan : <em>\u00ab La sant\u00e9 de proximit\u00e9, priorit\u00e9 de tous \u00bb<\/em>.<\/p>\n<p>Pour Khalid Ejlaydy, pr\u00e9sident de l\u2019Association <em>Les Empreintes pour l\u2019\u00c9ducation et la Culture , section Ouzoud<\/em>,\u00a0 cette campagne m\u00e9dicale constitue \u00ab une traduction concr\u00e8te de l\u2019esprit de solidarit\u00e9 et du travail commun entre la soci\u00e9t\u00e9 civile et les institutions sanitaires, ainsi qu\u2019un message d\u2019espoir pour des populations qui souffrent depuis des ann\u00e9es de la difficult\u00e9 d\u2019acc\u00e9der aux soins en raison de la distance qui les s\u00e9pare d\u2019Azilal ou de l\u2019h\u00f4pital r\u00e9gional de B\u00e9ni Mellal \u00bb. Il a pr\u00e9cis\u00e9 que cette initiative a permis de d\u00e9livrer plus de 1 000 prestations de sant\u00e9 gratuites au profit des patients.<\/p>\n<p>De son c\u00f4t\u00e9, M. Noureddine El Krini, m\u00e9decin du secteur priv\u00e9 \u00e0 B\u00e9ni Mellal, a soulign\u00e9 que \u00ab la campagne m\u00e9dicale ne se limite pas aux consultations, mais vise \u00e9galement \u00e0 promouvoir la culture de la pr\u00e9vention et du d\u00e9pistage pr\u00e9coce, en tant que fondements de la protection de la sant\u00e9 humaine \u00bb. Il a rappel\u00e9, \u00e0 cet \u00e9gard, la s\u00e9rie de campagnes m\u00e9dicales d\u00e9j\u00e0 organis\u00e9es en coordination avec la soci\u00e9t\u00e9 civile et les d\u00e9l\u00e9gations provinciales du minist\u00e8re de la Sant\u00e9 et de la Protection sociale dans la r\u00e9gion B\u00e9ni Mellal-Kh\u00e9nifra.<\/p>\n<p>Pour sa part, Ibtissam Akriran, membre du comit\u00e9 organisateur de l\u2019Association <em>Les Empreintes<\/em>, a affirm\u00e9 que cette campagne tend \u00e0 all\u00e9ger la souffrance des habitants des zones montagneuses confront\u00e9s aux difficult\u00e9s de d\u00e9placement vers des centres de sant\u00e9 \u00e9loign\u00e9s, tout en sensibilisant \u00e0 l\u2019importance du d\u00e9pistage pr\u00e9coce des maladies chroniques.<\/p>\n<p>L\u2019une des b\u00e9n\u00e9ficiaires, le visage illumin\u00e9 de joie, a salu\u00e9 cette initiative en d\u00e9clarant : \u00ab Cette journ\u00e9e restera grav\u00e9e dans nos m\u00e9moires\u2026 Les m\u00e9decins sont venus jusqu\u2019au seuil de nos maisons, c\u2019est pour nous un tr\u00e9sor inestimable. Nous esp\u00e9rons que ce ne sera pas la derni\u00e8re fois. \u00bb<\/p>\n<p>La caravane a laiss\u00e9 une forte empreinte aupr\u00e8s des habitants, qui ont exprim\u00e9 leur gratitude aux organisateurs, affirmant que de telles initiatives humanitaires redonnent confiance et s\u00e8ment l\u2019espoir au c\u0153ur de la montagne, l\u00e0 o\u00f9 le besoin de services de sant\u00e9 est plus pressant qu\u2019ailleurs.<\/p>\n<p>L\u2019op\u00e9ration a b\u00e9n\u00e9fici\u00e9 du concours pr\u00e9cieux des Forces auxiliaires, de la Protection civile, des auxiliaires d\u2019autorit\u00e9 et des repr\u00e9sentants de l\u2019autorit\u00e9 locale, aux c\u00f4t\u00e9s du pr\u00e9sident de l\u2019Association <em>Les Empreintes \u2013 section Ouzoud<\/em>, du directeur du coll\u00e8ge Cascades d\u2019Ouzoud ainsi que d\u2019acteurs de la soci\u00e9t\u00e9 civile.<\/p>\n<p><strong>SAID FRIX ALM<\/strong><\/p>\n","protected":false},"excerpt":{"rendered":"<p>Dans une sc\u00e8ne profond\u00e9ment humaine, l\u2019esplanade du coll\u00e8ge Cascades \u00a0d\u2019Ouzoud s\u2019est transform\u00e9e, dimanche 14 septembre 2025, en un\u00a0 v\u00e9ritable h\u00f4pital de campagne\u00a0 qui\u00a0 a accueilli des centaines de citoyens venus du centre d\u2019Ouzoud, d\u2019A\u00eft Tagla et des douars avoisinants, dans le cadre d\u2019une campagne m\u00e9dicale pluridisciplinaire organis\u00e9e par l\u2019Association Les Empreintes pour l\u2019\u00c9ducation et la [&hellip;]<\/p>\n","protected":false},"author":4,"featured_media":3071,"comment_status":"open","ping_status":"open","sticky":false,"template":"","format":"standard","meta":{"footnotes":""},"categories":[1],"tags":[],"class_list":["post-3070","post","type-post","status-publish","format-standard","has-post-thumbnail","hentry","category-1"],"_links":{"self":[{"href":"https:\/\/pressmedias.ma\/index.php?rest_route=\/wp\/v2\/posts\/3070","targetHints":{"allow":["GET"]}}],"collection":[{"href":"https:\/\/pressmedias.ma\/index.php?rest_route=\/wp\/v2\/posts"}],"about":[{"href":"https:\/\/pressmedias.ma\/index.php?rest_route=\/wp\/v2\/types\/post"}],"author":[{"embeddable":true,"href":"https:\/\/pressmedias.ma\/index.php?rest_route=\/wp\/v2\/users\/4"}],"replies":[{"embeddable":true,"href":"https:\/\/pressmedias.ma\/index.php?rest_route=%2Fwp%2Fv2%2Fcomments&post=3070"}],"version-history":[{"count":1,"href":"https:\/\/pressmedias.ma\/index.php?rest_route=\/wp\/v2\/posts\/3070\/revisions"}],"predecessor-version":[{"id":3072,"href":"https:\/\/pressmedias.ma\/index.php?rest_route=\/wp\/v2\/posts\/3070\/revisions\/3072"}],"wp:featuredmedia":[{"embeddable":true,"href":"https:\/\/pressmedias.ma\/index.php?rest_route=\/wp\/v2\/media\/3071"}],"wp:attachment":[{"href":"https:\/\/pressmedias.ma\/index.php?rest_route=%2Fwp%2Fv2%2Fmedia&parent=3070"}],"wp:term":[{"taxonomy":"category","embeddable":true,"href":"https:\/\/pressmedias.ma\/index.php?rest_route=%2Fwp%2Fv2%2Fcategories&post=3070"},{"taxonomy":"post_tag","embeddable":true,"href":"https:\/\/pressmedias.ma\/index.php?rest_route=%2Fwp%2Fv2%2Ftags&post=3070"}],"curies":[{"name":"wp","href":"https:\/\/api.w.org\/{rel}","templated":true}]}}