{"id":3074,"date":"2025-09-21T00:38:50","date_gmt":"2025-09-20T23:38:50","guid":{"rendered":"https:\/\/pressmedias.ma\/?p=3074"},"modified":"2025-09-21T00:38:50","modified_gmt":"2025-09-20T23:38:50","slug":"reunion-de-la-cellule-de-prise-en-charge-des-femmes-et-des-enfants-consacree-a-la-protection-juridique-des-personnes-en-situation-de-handicap","status":"publish","type":"post","link":"https:\/\/pressmedias.ma\/?p=3074","title":{"rendered":"R\u00e9union de la cellule de prise en charge des femmes et des enfants consacr\u00e9e \u00e0 la protection juridique des personnes en situation de handicap"},"content":{"rendered":"<p>Mardi 29 juillet 2025, le tribunal de premi\u00e8re instance d\u2019Azilal a abrit\u00e9 une r\u00e9union de la cellule charg\u00e9e de la prise en charge des femmes et des enfants, consacr\u00e9e au th\u00e8me : <em>\u00ab La protection juridique et judiciaire des personnes en situation de handicap \u00bb<\/em>. Cette initiative s\u2019inscrit dans le cadre de l\u2019interaction avec le plan strat\u00e9gique de la Pr\u00e9sidence du Minist\u00e8re public, et en application de l\u2019axe portant sur le renforcement de la protection des cat\u00e9gories vuln\u00e9rables, conform\u00e9ment aux orientations royales, \u00e0 la Constitution marocaine et aux conventions internationales aff\u00e9rentes.<\/p>\n<p>Cette rencontre a \u00e9t\u00e9 pr\u00e9sid\u00e9e par M. <strong>Redouane Badda<\/strong>, procureur du Roi pr\u00e8s le tribunal de premi\u00e8re instance d\u2019Azilal, qui a assur\u00e9 la coordination des travaux, en pr\u00e9sence du vice-pr\u00e9sident du tribunal, de plusieurs magistrats du si\u00e8ge et du parquet, de repr\u00e9sentants de la S\u00fbret\u00e9 nationale, de la Gendarmerie royale, d\u2019acteurs de la soci\u00e9t\u00e9 civile, ainsi que de responsables des secteurs de l\u2019\u00e9ducation, de la coop\u00e9ration nationale et du p\u00f4le social.<\/p>\n<p>Dans son allocution d\u2019ouverture, le procureur du Roi a soulign\u00e9 que le choix de cette th\u00e9matique traduit concr\u00e8tement le slogan de la Pr\u00e9sidence du Minist\u00e8re public : <em>\u00ab Un minist\u00e8re public citoyen, garant de la s\u00e9curit\u00e9 et des droits des citoyens \u00bb<\/em>, en application du quatri\u00e8me axe du plan strat\u00e9gique 2026\u20132029, ax\u00e9 sur la protection des personnes en situation de vuln\u00e9rabilit\u00e9, notamment les personnes en situation de handicap.<\/p>\n<p>Il a rappel\u00e9 que cette cat\u00e9gorie b\u00e9n\u00e9ficie d\u2019une sollicitude royale particuli\u00e8re, citant le message adress\u00e9 par Sa Majest\u00e9 le Roi aux participants \u00e0 la c\u00e9l\u00e9bration du 70e anniversaire de la D\u00e9claration universelle des droits de l\u2019homme, dans lequel il a insist\u00e9 sur l\u2019effectivit\u00e9 des droits \u00e9conomiques, sociaux, culturels et environnementaux, et sur la n\u00e9cessit\u00e9 de lutter contre toutes les formes de discrimination, notamment \u00e0 l\u2019\u00e9gard des personnes handicap\u00e9es.<\/p>\n<p>Le procureur du Roi a \u00e9galement \u00e9voqu\u00e9 l\u2019article 34 de la Constitution, garantissant cette protection, ainsi que la ratification par le Maroc de la Convention relative aux droits des personnes handicap\u00e9es (2007) et de son protocole facultatif (2009), en plus de l\u2019arsenal juridique national garantissant les droits de cette cat\u00e9gorie \u00e0 travers divers textes (Code p\u00e9nal, Code de la famille, Code du travail, loi-cadre 97.13\u2026).<\/p>\n<p>Lors de cette r\u00e9union, <strong>Mme Cha\u00efmaa Akasbi<\/strong>, substitut du procureur du Roi, a pr\u00e9sent\u00e9 une intervention scientifique retra\u00e7ant l\u2019\u00e9volution de la protection internationale des personnes handicap\u00e9es, depuis les d\u00e9clarations onusiennes des ann\u00e9es 1970, en passant par l\u2019Ann\u00e9e internationale des personnes handicap\u00e9es en 1981, jusqu\u2019\u00e0 la Convention des Nations unies, ratifi\u00e9e par le Maroc parmi 80 \u00c9tats. Cette convention, bien qu\u2019elle ne cr\u00e9e pas de nouveaux droits, pr\u00e9cise les m\u00e9canismes d\u2019\u00e9quit\u00e9, de protection et d\u2019adaptation.<\/p>\n<p>Mme Akasbi a mis en lumi\u00e8re l\u2019impact de cette convention sur la l\u00e9gislation nationale, notamment les articles 19 et 34 de la Constitution, qui consacrent respectivement l\u2019\u00e9galit\u00e9 en droits et l\u2019obligation pour l\u2019\u00c9tat de mettre en \u0153uvre des politiques inclusives. Elle a \u00e9galement \u00e9voqu\u00e9 les r\u00e9formes r\u00e9centes dans le Code de la famille, le Code du travail et les textes r\u00e9gissant la couverture sanitaire et les dispositifs d\u2019accessibilit\u00e9.<\/p>\n<p>De son c\u00f4t\u00e9, <strong>Mme Ilham Chaddoua<\/strong>, repr\u00e9sentante de l\u2019Association \u00ab Main dans la Main \u00bb pour les personnes en situation de handicap, a salu\u00e9 l\u2019organisation de ce d\u00e9bat au sein de l\u2019institution judiciaire. Dans une intervention \u00e0 forte port\u00e9e terrain, elle a d\u00e9fini le handicap selon l\u2019Organisation mondiale de la sant\u00e9 (OMS) et salu\u00e9 les efforts du Royaume, sous la conduite de Sa Majest\u00e9 le Roi Mohammed VI, pour promouvoir les droits de cette cat\u00e9gorie \u00e0 travers la politique publique int\u00e9gr\u00e9e, la strat\u00e9gie nationale de d\u00e9veloppement inclusif, et la cr\u00e9ation du Fonds d\u2019appui \u00e0 la coh\u00e9sion sociale.<\/p>\n<p>Elle a rappel\u00e9 l\u2019attention port\u00e9e par la Constitution de 2011 \u00e0 la question du handicap, notamment par l\u2019interdiction de toutes formes de discrimination, y compris fond\u00e9es sur le handicap, et par la garantie des droits politiques, \u00e9conomiques, sociaux et culturels des personnes concern\u00e9es. L\u2019article 34 impose en effet aux autorit\u00e9s publiques de mettre en \u0153uvre des politiques inclusives permettant leur pleine participation et leur acc\u00e8s \u00e9quitable aux droits fondamentaux.<\/p>\n<p>Mme Chaddoua a \u00a0aussi soulign\u00e9 que ces efforts institutionnels, bien que louables, ne peuvent porter pleinement leurs fruits sans l\u2019implication active de la soci\u00e9t\u00e9 civile, consid\u00e9r\u00e9e comme un partenaire essentiel dans l\u2019accompagnement quotidien des personnes handicap\u00e9es dans les domaines de la sant\u00e9, de l\u2019\u00e9ducation, de la culture et du sport, en vue de garantir leur dignit\u00e9 et leur inclusion effective.<\/p>\n<p>Elle a enfin pr\u00e9cis\u00e9 que son association agit sur le terrain \u00e0 travers l\u2019accueil, le soutien psychologique, l\u2019accompagnement \u00e9ducatif et social, et l\u2019orientation vers les institutions sp\u00e9cialis\u00e9es, affirmant que l\u2019inclusion ne se d\u00e9cr\u00e8te pas uniquement par les textes, mais se concr\u00e9tise dans la vie quotidienne.<\/p>\n<p>Plusieurs autres intervenants issus des secteurs concern\u00e9s ont \u00e9galement pris la parole. L\u2019intervention du repr\u00e9sentant de la Direction provinciale de l\u2019\u00c9ducation nationale \u00e0 Azilal a particuli\u00e8rement mis l\u2019accent sur les fondements de l\u2019\u00e9ducation inclusive, fond\u00e9e sur les droits de l\u2019homme, l\u2019\u00e9galit\u00e9, l\u2019adaptation p\u00e9dagogique et l\u2019acc\u00e8s \u00e9quitable au savoir, en tant que levier essentiel pour la justice sociale et l\u2019\u00e9galit\u00e9 des chances.<\/p>\n<p>Le responsable a ainsi \u00a0pr\u00e9sent\u00e9 l\u2019\u00e9ducation inclusive comme une philosophie \u00e9ducative et humaine visant l\u2019int\u00e9gration des enfants en situation de handicap dans les classes ordinaires, leur permettant d\u2019apprendre aux c\u00f4t\u00e9s de leurs camarades, plut\u00f4t que d\u2019\u00eatre isol\u00e9s dans des \u00e9tablissements sp\u00e9cialis\u00e9s, en coh\u00e9rence avec les conventions internationales et la Constitution marocaine. Quatre piliers de cette approche ont \u00e9t\u00e9 mis en exergue , \u00e0 savoir , juridique qui est appuy\u00e9 sur la D\u00e9claration universelle des droits de l\u2019homme et les r\u00e8gles d\u2019\u00e9galit\u00e9 des chances , socio\u00e9conomique\u00a0: inclusion comme outil de lutte contre la discrimination\u00a0 et de r\u00e9duction des co\u00fbts publics , philosophique qui fond\u00e9 sur les valeurs d\u2019\u00e9galit\u00e9 , d\u2019\u00e9quit\u00e9 et d\u2019autonomisation\u00a0 et p\u00e9dagogique qui est fond\u00e9 sur l\u2019adaptation \u00e9ducative\u00a0 et la diversit\u00e9 des m\u00e9thodes\u00a0 d\u2019enseignement.<\/p>\n<p>Le repr\u00e9sentant a \u00e9galement \u00e9voqu\u00e9 les efforts du minist\u00e8re pour adapter les examens, fournir des auxiliaires p\u00e9dagogiques, am\u00e9nager les infrastructures et former les enseignants, dans la perspective de faire de l\u2019\u00e9cole un espace v\u00e9ritablement inclusif, tout en appelant \u00e0 renforcer les partenariats avec les secteurs de la sant\u00e9 et du social pour garantir un accompagnement global.<\/p>\n<p>Enfin, <strong>Toufiq Anouar<\/strong>, repr\u00e9sentant de la Coop\u00e9ration nationale, a d\u00e9taill\u00e9 la contribution du Fonds d\u2019appui \u00e0 la protection sociale et \u00e0 la coh\u00e9sion sociale \u00e0 l\u2019inclusion des personnes handicap\u00e9es, \u00e0 travers le financement de programmes de scolarisation, l\u2019acquisition d\u2019\u00e9quipements sp\u00e9cialis\u00e9s, l\u2019accompagnement \u00e0 l\u2019insertion professionnelle, et la facilitation de l\u2019acc\u00e8s aux services de proximit\u00e9 (transport, soins m\u00e9dicaux, soutien psychologique\u2026).<\/p>\n<p>Il a \u00e9galement mis en avant les efforts de la Coop\u00e9ration nationale \u00e0 travers les services de formation, d\u2019accessibilit\u00e9, de centres d\u2019accueil, de soutien technique, ainsi que les m\u00e9canismes d\u2019accompagnement \u00e0 l\u2019insertion, tout en soulignant l\u2019importance d\u2019une coordination permanente entre les diff\u00e9rents acteurs pour garantir l\u2019efficacit\u00e9 des interventions.<\/p>\n<p>Au terme\u00a0 de cette rencontre, le procureur du Roi a insist\u00e9 sur la n\u00e9cessit\u00e9 de traduire les recommandations issues de cette rencontre en engagements concrets. Il a salu\u00e9 l\u2019implication de la soci\u00e9t\u00e9 civile et des institutions publiques dans la consolidation d\u2019une culture des droits et de la citoyennet\u00e9 inclusive pour les personnes en situation de handicap, appelant \u00e0 poursuivre la coordination et le plaidoyer pour une protection effective et \u00e9quitable de cette cat\u00e9gorie.<\/p>\n<p><strong>SAID FRIX ALM<\/strong><\/p>\n","protected":false},"excerpt":{"rendered":"<p>Mardi 29 juillet 2025, le tribunal de premi\u00e8re instance d\u2019Azilal a abrit\u00e9 une r\u00e9union de la cellule charg\u00e9e de la prise en charge des femmes et des enfants, consacr\u00e9e au th\u00e8me : \u00ab La protection juridique et judiciaire des personnes en situation de handicap \u00bb. Cette initiative s\u2019inscrit dans le cadre de l\u2019interaction avec le [&hellip;]<\/p>\n","protected":false},"author":4,"featured_media":3053,"comment_status":"open","ping_status":"open","sticky":false,"template":"","format":"standard","meta":{"footnotes":""},"categories":[1],"tags":[],"class_list":["post-3074","post","type-post","status-publish","format-standard","has-post-thumbnail","hentry","category-1"],"_links":{"self":[{"href":"https:\/\/pressmedias.ma\/index.php?rest_route=\/wp\/v2\/posts\/3074","targetHints":{"allow":["GET"]}}],"collection":[{"href":"https:\/\/pressmedias.ma\/index.php?rest_route=\/wp\/v2\/posts"}],"about":[{"href":"https:\/\/pressmedias.ma\/index.php?rest_route=\/wp\/v2\/types\/post"}],"author":[{"embeddable":true,"href":"https:\/\/pressmedias.ma\/index.php?rest_route=\/wp\/v2\/users\/4"}],"replies":[{"embeddable":true,"href":"https:\/\/pressmedias.ma\/index.php?rest_route=%2Fwp%2Fv2%2Fcomments&post=3074"}],"version-history":[{"count":1,"href":"https:\/\/pressmedias.ma\/index.php?rest_route=\/wp\/v2\/posts\/3074\/revisions"}],"predecessor-version":[{"id":3075,"href":"https:\/\/pressmedias.ma\/index.php?rest_route=\/wp\/v2\/posts\/3074\/revisions\/3075"}],"wp:featuredmedia":[{"embeddable":true,"href":"https:\/\/pressmedias.ma\/index.php?rest_route=\/wp\/v2\/media\/3053"}],"wp:attachment":[{"href":"https:\/\/pressmedias.ma\/index.php?rest_route=%2Fwp%2Fv2%2Fmedia&parent=3074"}],"wp:term":[{"taxonomy":"category","embeddable":true,"href":"https:\/\/pressmedias.ma\/index.php?rest_route=%2Fwp%2Fv2%2Fcategories&post=3074"},{"taxonomy":"post_tag","embeddable":true,"href":"https:\/\/pressmedias.ma\/index.php?rest_route=%2Fwp%2Fv2%2Ftags&post=3074"}],"curies":[{"name":"wp","href":"https:\/\/api.w.org\/{rel}","templated":true}]}}