{"id":3080,"date":"2025-09-21T00:38:17","date_gmt":"2025-09-20T23:38:17","guid":{"rendered":"https:\/\/pressmedias.ma\/?p=3080"},"modified":"2025-09-21T00:38:17","modified_gmt":"2025-09-20T23:38:17","slug":"organisation-de-la-troisieme-edition-du-festival-international-du-cinema-de-la-montagne-a-ouzoud-du-26-au-30-septembre-2025","status":"publish","type":"post","link":"https:\/\/pressmedias.ma\/?p=3080","title":{"rendered":"Organisation de la troisi\u00e8me \u00e9dition du Festival international du cin\u00e9ma de la montagne, \u00e0 Ouzoud, du 26 au 30 septembre 2025"},"content":{"rendered":"<p>La ville d\u2019Ouzoud, dans la province d\u2019Azilal, sera l\u2019h\u00f4te, du 26 au 30 septembre 2025, de la troisi\u00e8me \u00e9dition du Festival international du cin\u00e9ma de la montagne, organis\u00e9 \u00e0 l\u2019initiative de la Fondation <em>Voix de la montagne pour le patrimoine et le d\u00e9veloppement durable<\/em> en partenariat avec le minist\u00e8re de la Jeunesse, de la Culture et de la Communication, le Centre cin\u00e9matographique marocain, la r\u00e9gion B\u00e9ni Mellal-Kh\u00e9nifra, la Wilaya et le Conseil r\u00e9gional de B\u00e9ni Mellal-Kh\u00e9nifra, la province d\u2019Azilal, le conseil provincial et la commune d\u2019A\u00eft Taghla.<\/p>\n<p>Cette manifestation culturelle, dont les pr\u00e9c\u00e9dentes \u00e9ditions ont \u00e9t\u00e9 une cons\u00e9cration, mettra \u00e0 l\u2019honneur des films de fiction et documentaires qui explorent la montagne, \u00e0 la fois comme th\u00e9matique et comme espace de cr\u00e9ation. Au programme figure une comp\u00e9tition officielle regroupant huit films r\u00e9cents, d\u00e9j\u00e0 pr\u00e9sent\u00e9s dans de grands festivals internationaux et plusieurs fois r\u00e9compens\u00e9s, tous ax\u00e9s sur la th\u00e9matique de la montagne. Le jury de cette \u00e9dition sera pr\u00e9sid\u00e9 par l\u2019\u00e9crivain et ancien ministre de la Culture, Mohamed Acha\u00e2ri, qui animera \u00e9galement une conf\u00e9rence inaugurale intitul\u00e9e <em>\u00ab Le film comme texte : r\u00e9flexions d\u2019un po\u00e8te \u00bb<\/em>. Le festival accueillera par ailleurs des cin\u00e9astes venus d\u2019Afrique, d\u2019Europe et d\u2019Asie. La place principale d\u2019Ouzoud proposera, dans le cadre de la section \u00ab Panorama \u00bb, des projections de films marocains, en pr\u00e9sence de leurs r\u00e9alisateurs et com\u00e9diens. Ainsi , l\u2019organisation de ce festival s\u2019assigne pour objectif d\u2019affermir et de booster l\u2019industrie culturelle tout en participant \u00e0 la promotion du domaine socio\u00e9conomique , des investissements et du tourisme en g\u00e9n\u00e9ral.<\/p>\n<p>Trois personnalit\u00e9s seront mises \u00e0 l\u2019honneur : le journaliste disparu Ali Hassan, la r\u00e9alisatrice et com\u00e9dienne Latifa Ahrar, ainsi que l\u2019acteur et metteur en sc\u00e8ne Abdelatif Chaouki, en reconnaissance de leur apport majeur \u00e0 la sc\u00e8ne artistique nationale. Et afin de rapprocher le septi\u00e8me art des jeunes de la r\u00e9gion, les ateliers pratiques qui \u00a0seront anim\u00e9s par des enseignants marocains et fran\u00e7ais, permettront aux participants de d\u00e9couvrir toutes les \u00e9tapes de la r\u00e9alisation d\u2019un film documentaire anthropologique, depuis la conception de l\u2019id\u00e9e jusqu\u2019\u00e0 sa projection. En marge des projections, des colloques quotidiens r\u00e9uniront universitaires, critiques, r\u00e9alisateurs et producteurs pour d\u00e9battre du th\u00e8me <em>\u00ab De la beaut\u00e9 au sublime dans le cin\u00e9ma de montagne \u00bb<\/em>, mais aussi des d\u00e9fis propres \u00e0 la production cin\u00e9matographique en milieu montagneux et des perspectives de formation dans ce domaine.<\/p>\n<p>FRIX ALM<\/p>\n","protected":false},"excerpt":{"rendered":"<p>La ville d\u2019Ouzoud, dans la province d\u2019Azilal, sera l\u2019h\u00f4te, du 26 au 30 septembre 2025, de la troisi\u00e8me \u00e9dition du Festival international du cin\u00e9ma de la montagne, organis\u00e9 \u00e0 l\u2019initiative de la Fondation Voix de la montagne pour le patrimoine et le d\u00e9veloppement durable en partenariat avec le minist\u00e8re de la Jeunesse, de la Culture [&hellip;]<\/p>\n","protected":false},"author":4,"featured_media":3005,"comment_status":"open","ping_status":"open","sticky":false,"template":"","format":"standard","meta":{"footnotes":""},"categories":[1],"tags":[],"class_list":["post-3080","post","type-post","status-publish","format-standard","has-post-thumbnail","hentry","category-1"],"_links":{"self":[{"href":"https:\/\/pressmedias.ma\/index.php?rest_route=\/wp\/v2\/posts\/3080","targetHints":{"allow":["GET"]}}],"collection":[{"href":"https:\/\/pressmedias.ma\/index.php?rest_route=\/wp\/v2\/posts"}],"about":[{"href":"https:\/\/pressmedias.ma\/index.php?rest_route=\/wp\/v2\/types\/post"}],"author":[{"embeddable":true,"href":"https:\/\/pressmedias.ma\/index.php?rest_route=\/wp\/v2\/users\/4"}],"replies":[{"embeddable":true,"href":"https:\/\/pressmedias.ma\/index.php?rest_route=%2Fwp%2Fv2%2Fcomments&post=3080"}],"version-history":[{"count":1,"href":"https:\/\/pressmedias.ma\/index.php?rest_route=\/wp\/v2\/posts\/3080\/revisions"}],"predecessor-version":[{"id":3081,"href":"https:\/\/pressmedias.ma\/index.php?rest_route=\/wp\/v2\/posts\/3080\/revisions\/3081"}],"wp:featuredmedia":[{"embeddable":true,"href":"https:\/\/pressmedias.ma\/index.php?rest_route=\/wp\/v2\/media\/3005"}],"wp:attachment":[{"href":"https:\/\/pressmedias.ma\/index.php?rest_route=%2Fwp%2Fv2%2Fmedia&parent=3080"}],"wp:term":[{"taxonomy":"category","embeddable":true,"href":"https:\/\/pressmedias.ma\/index.php?rest_route=%2Fwp%2Fv2%2Fcategories&post=3080"},{"taxonomy":"post_tag","embeddable":true,"href":"https:\/\/pressmedias.ma\/index.php?rest_route=%2Fwp%2Fv2%2Ftags&post=3080"}],"curies":[{"name":"wp","href":"https:\/\/api.w.org\/{rel}","templated":true}]}}