{"id":3083,"date":"2025-09-21T00:37:55","date_gmt":"2025-09-20T23:37:55","guid":{"rendered":"https:\/\/pressmedias.ma\/?p=3083"},"modified":"2025-09-21T00:37:55","modified_gmt":"2025-09-20T23:37:55","slug":"premiere-decision-en-matiere-de-peine-alternative-prononcee-a-beni-mellal-quatre-mois-de-prison-convertibles-en-amende","status":"publish","type":"post","link":"https:\/\/pressmedias.ma\/?p=3083","title":{"rendered":"Premi\u00e8re d\u00e9cision en mati\u00e8re de peine alternative prononc\u00e9e \u00e0 B\u00e9ni Mellal : quatre mois de prison convertibles en amende"},"content":{"rendered":"<p>Le tribunal de premi\u00e8re instance de B\u00e9ni Mellal a rendu, mardi 26 ao\u00fbt 2025, un jugement in\u00e9dit condamnant un pr\u00e9venu \u00e0 quatre mois de prison ferme, assortis de la possibilit\u00e9 de b\u00e9n\u00e9ficier d\u2019une peine alternative r\u00e9cemment introduite dans la l\u00e9gislation marocaine.<\/p>\n<p>Selon le dispositif du jugement, la peine d\u2019emprisonnement peut \u00eatre remplac\u00e9e par une amende de 120 dirhams par jour de d\u00e9tention, soit un total de 14.400 dirhams pour les quatre mois prononc\u00e9s. Le condamn\u00e9 dispose d\u2019un d\u00e9lai de six mois pour s\u2019acquitter de ce montant. \u00c0 d\u00e9faut de paiement, la peine de prison initiale\u00a0 ou la dur\u00e9e restante\u00a0 sera ex\u00e9cut\u00e9e.<\/p>\n<p>Cette d\u00e9cision s\u2019inscrit dans le cadre de la mise en \u0153uvre par les autorit\u00e9s judiciaires marocaines de la loi sur les peines alternatives, qui vise \u00e0 r\u00e9duire la surpopulation carc\u00e9rale tout en privil\u00e9giant des solutions \u00e0 caract\u00e8re r\u00e9habilitatif, prenant en compte les dimensions sociales et \u00e9conomiques des condamn\u00e9s.<\/p>\n<p>Ce jugement, rendu \u00e0 B\u00e9ni Mellal, constitue ainsi un premier exemple concret de l\u2019application des sanctions alternatives au sein des juridictions marocaines. Il marque un tournant significatif dans la politique p\u00e9nale du Royaume, notamment pour les affaires ne pr\u00e9sentant pas de menace grave pour la s\u00e9curit\u00e9 publique.<\/p>\n<p>FRIX ALM<\/p>\n","protected":false},"excerpt":{"rendered":"<p>Le tribunal de premi\u00e8re instance de B\u00e9ni Mellal a rendu, mardi 26 ao\u00fbt 2025, un jugement in\u00e9dit condamnant un pr\u00e9venu \u00e0 quatre mois de prison ferme, assortis de la possibilit\u00e9 de b\u00e9n\u00e9ficier d\u2019une peine alternative r\u00e9cemment introduite dans la l\u00e9gislation marocaine. Selon le dispositif du jugement, la peine d\u2019emprisonnement peut \u00eatre remplac\u00e9e par une amende [&hellip;]<\/p>\n","protected":false},"author":4,"featured_media":2689,"comment_status":"open","ping_status":"open","sticky":false,"template":"","format":"standard","meta":{"footnotes":""},"categories":[1],"tags":[],"class_list":["post-3083","post","type-post","status-publish","format-standard","has-post-thumbnail","hentry","category-1"],"_links":{"self":[{"href":"https:\/\/pressmedias.ma\/index.php?rest_route=\/wp\/v2\/posts\/3083","targetHints":{"allow":["GET"]}}],"collection":[{"href":"https:\/\/pressmedias.ma\/index.php?rest_route=\/wp\/v2\/posts"}],"about":[{"href":"https:\/\/pressmedias.ma\/index.php?rest_route=\/wp\/v2\/types\/post"}],"author":[{"embeddable":true,"href":"https:\/\/pressmedias.ma\/index.php?rest_route=\/wp\/v2\/users\/4"}],"replies":[{"embeddable":true,"href":"https:\/\/pressmedias.ma\/index.php?rest_route=%2Fwp%2Fv2%2Fcomments&post=3083"}],"version-history":[{"count":1,"href":"https:\/\/pressmedias.ma\/index.php?rest_route=\/wp\/v2\/posts\/3083\/revisions"}],"predecessor-version":[{"id":3084,"href":"https:\/\/pressmedias.ma\/index.php?rest_route=\/wp\/v2\/posts\/3083\/revisions\/3084"}],"wp:featuredmedia":[{"embeddable":true,"href":"https:\/\/pressmedias.ma\/index.php?rest_route=\/wp\/v2\/media\/2689"}],"wp:attachment":[{"href":"https:\/\/pressmedias.ma\/index.php?rest_route=%2Fwp%2Fv2%2Fmedia&parent=3083"}],"wp:term":[{"taxonomy":"category","embeddable":true,"href":"https:\/\/pressmedias.ma\/index.php?rest_route=%2Fwp%2Fv2%2Fcategories&post=3083"},{"taxonomy":"post_tag","embeddable":true,"href":"https:\/\/pressmedias.ma\/index.php?rest_route=%2Fwp%2Fv2%2Ftags&post=3083"}],"curies":[{"name":"wp","href":"https:\/\/api.w.org\/{rel}","templated":true}]}}