{"id":3089,"date":"2025-09-23T10:44:42","date_gmt":"2025-09-23T09:44:42","guid":{"rendered":"https:\/\/pressmedias.ma\/?p=3089"},"modified":"2025-09-23T10:44:42","modified_gmt":"2025-09-23T09:44:42","slug":"entretien-avec-dr-mhamed-aqabli-professeur-universitaire-province-de-khenifra","status":"publish","type":"post","link":"https:\/\/pressmedias.ma\/?p=3089","title":{"rendered":"Entretien avec Dr  Mhamed Aqabli, professeur universitaire, province de Kh\u00e9nifra"},"content":{"rendered":"<p><strong>\u00ab\u00a0En effet, nous ne sommes plus dans une logique de simples retouches techniques du code de proc\u00e9dure p\u00e9nale mais dans un v\u00e9ritable changement de paradigme\u00a0\u00bb<\/strong><\/p>\n<p><strong>\u00a0<\/strong><\/p>\n<p><strong>En introduisant\u00a0 de nouvelles mesures , le projet de code de proc\u00e9dure p\u00e9nale s\u2019assigne pour objectif\u00a0 de simplifier les proc\u00e9dures judiciaires\u00a0 du proc\u00e8s p\u00e9nal. Dans cet entretien M Aqabli met l\u2019accent sur les grands axes de cette r\u00e9forme , \u00e0 savoir, ses nouveaut\u00e9s, sa mises en \u0153uvre , ses d\u00e9fis, son impact\u2026<\/strong><\/p>\n<p><strong>ALM\u00a0: vous avez qualifi\u00e9 la r\u00e9forme du Code de proc\u00e9dure p\u00e9nale de \u00ab tournant \u00bb. Qu\u2019entendez-vous par l\u00e0 ?<\/strong><\/p>\n<p><strong>Dr. Mhamed Aqabli :<\/strong> en effet, nous ne sommes plus dans une logique de simples retouches techniques du code de proc\u00e9dure p\u00e9nale, mais dans un v\u00e9ritable changement de paradigme. Le l\u00e9gislateur a voulu r\u00e9pondre \u00e0 une double exigence : moderniser la justice p\u00e9nale pour l\u2019adapter aux d\u00e9fis contemporains et, en m\u00eame temps, renforcer la confiance citoyenne dans l\u2019\u00c9tat de droit. Ainsi , \u00a0ce nouveau code est une \u00e9tape primordiale dans la r\u00e9alisation du chantier de la r\u00e9forme g\u00e9n\u00e9rale du domaine de la justice.<\/p>\n<p><strong>Quelles sont, selon vous, les nouveaut\u00e9s majeures de cette r\u00e9forme ?<\/strong><\/p>\n<p>Plusieurs avanc\u00e9es importantes m\u00e9ritent d\u2019\u00eatre soulign\u00e9es. Il s\u2019agit de l\u2019\u00e9largissement des droits de la d\u00e9fense avec une pr\u00e9sence renforc\u00e9e de l\u2019avocat, de l\u2019enregistrement audiovisuel obligatoire des auditions, de la r\u00e9duction stricte des d\u00e9lais de la d\u00e9tention pr\u00e9ventive, de l\u2019introduction de mesures alternatives comme le contr\u00f4le judiciaire renforc\u00e9, la surveillance \u00e9lectronique ou encore l\u2019h\u00e9bergement sous contr\u00f4le. Mais surtout, la r\u00e9forme reconna\u00eet une place centrale \u00e0 la victime, longtemps marginalis\u00e9e.<\/p>\n<p><strong>La r\u00e9forme marocaine est souvent compar\u00e9e au droit fran\u00e7ais. Quels rapprochements et quelles diff\u00e9rences constatez-vous ?<\/strong><\/p>\n<p>Le droit fran\u00e7ais reste une r\u00e9f\u00e9rence incontournable, et l\u2019on retrouve des convergences nettes : droit \u00e0 l\u2019avocat d\u00e8s la premi\u00e8re heure de garde \u00e0 vue, enregistrement audiovisuel, limitation de la d\u00e9tention provisoire. Mais le Maroc a fait des choix plus audacieux. La nullit\u00e9 automatique de toute proc\u00e9dure entach\u00e9e d\u2019une atteinte aux droits de la d\u00e9fense. Le lien direct entre validit\u00e9 des aveux et examen m\u00e9dical. L\u2019\u00e9largissement de la conciliation p\u00e9nale. L\u2019instauration d\u2019une r\u00e9duction automatique de peine d\u00e9cid\u00e9e par une instance coll\u00e9giale, et non par l\u2019administration seule. Ces options traduisent la volont\u00e9 d\u2019affirmer une identit\u00e9 propre au droit marocain tout en respectant les standards internationaux.<\/p>\n<p><strong>Concr\u00e8tement, quel impact cette r\u00e9forme peut-elle avoir sur la justice et la soci\u00e9t\u00e9 ?<\/strong><\/p>\n<p>L\u2019impact attendu est consid\u00e9rable : r\u00e9duction de la surpopulation carc\u00e9rale, meilleure protection des mineurs, des femmes et des personnes vuln\u00e9rables, transparence accrue des proc\u00e9dures. Mais surtout, elle vise \u00e0 r\u00e9tablir le lien de confiance entre le citoyen et son syst\u00e8me judiciaire. \u00c0 l\u2019\u00e9chelle internationale, c\u2019est aussi un signal fort : le Maroc se positionne comme un acteur cr\u00e9dible, capable de concilier rigueur et respect de la dignit\u00e9 humaine.<\/p>\n<p><strong>Reste la question de la mise en \u0153uvre. Quels sont, selon vous, les principaux d\u00e9fis ?<\/strong><\/p>\n<p>Trois d\u00e9fis majeurs se posent. D\u2019abord un d\u00e9fi logistique : \u00e9quiper commissariats et juridictions en mat\u00e9riel d\u2019enregistrement, moderniser les \u00e9tablissements p\u00e9nitentiaires et g\u00e9n\u00e9raliser la surveillance \u00e9lectronique. Ensuite un d\u00e9fi humain : former juges, avocats, officiers de police judiciaire et l\u2019ensemble des acteurs pour qu\u2019ils s\u2019approprient ces innovations. Enfin un d\u00e9fi culturel : passer d\u2019une justice centr\u00e9e sur le \u00ab tout-r\u00e9pressif \u00bb \u00e0 une justice fond\u00e9e sur la proportionnalit\u00e9, la pr\u00e9vention et la r\u00e9insertion. Le texte est avanc\u00e9 et ambitieux, parfois m\u00eame en avance sur le droit compar\u00e9. Mais son succ\u00e8s d\u00e9pendra d\u2019une application rigoureuse ; sinon, il risquerait de rester une r\u00e9forme de papier.<\/p>\n<p><strong>Propos recueillis par SAID FRIX<\/strong><\/p>\n","protected":false},"excerpt":{"rendered":"<p>\u00ab\u00a0En effet, nous ne sommes plus dans une logique de simples retouches techniques du code de proc\u00e9dure p\u00e9nale mais dans un v\u00e9ritable changement de paradigme\u00a0\u00bb \u00a0 En introduisant\u00a0 de nouvelles mesures , le projet de code de proc\u00e9dure p\u00e9nale s\u2019assigne pour objectif\u00a0 de simplifier les proc\u00e9dures judiciaires\u00a0 du proc\u00e8s p\u00e9nal. Dans cet entretien M Aqabli [&hellip;]<\/p>\n","protected":false},"author":4,"featured_media":3095,"comment_status":"open","ping_status":"open","sticky":false,"template":"","format":"standard","meta":{"footnotes":""},"categories":[1],"tags":[],"class_list":["post-3089","post","type-post","status-publish","format-standard","has-post-thumbnail","hentry","category-1"],"_links":{"self":[{"href":"https:\/\/pressmedias.ma\/index.php?rest_route=\/wp\/v2\/posts\/3089","targetHints":{"allow":["GET"]}}],"collection":[{"href":"https:\/\/pressmedias.ma\/index.php?rest_route=\/wp\/v2\/posts"}],"about":[{"href":"https:\/\/pressmedias.ma\/index.php?rest_route=\/wp\/v2\/types\/post"}],"author":[{"embeddable":true,"href":"https:\/\/pressmedias.ma\/index.php?rest_route=\/wp\/v2\/users\/4"}],"replies":[{"embeddable":true,"href":"https:\/\/pressmedias.ma\/index.php?rest_route=%2Fwp%2Fv2%2Fcomments&post=3089"}],"version-history":[{"count":1,"href":"https:\/\/pressmedias.ma\/index.php?rest_route=\/wp\/v2\/posts\/3089\/revisions"}],"predecessor-version":[{"id":3091,"href":"https:\/\/pressmedias.ma\/index.php?rest_route=\/wp\/v2\/posts\/3089\/revisions\/3091"}],"wp:featuredmedia":[{"embeddable":true,"href":"https:\/\/pressmedias.ma\/index.php?rest_route=\/wp\/v2\/media\/3095"}],"wp:attachment":[{"href":"https:\/\/pressmedias.ma\/index.php?rest_route=%2Fwp%2Fv2%2Fmedia&parent=3089"}],"wp:term":[{"taxonomy":"category","embeddable":true,"href":"https:\/\/pressmedias.ma\/index.php?rest_route=%2Fwp%2Fv2%2Fcategories&post=3089"},{"taxonomy":"post_tag","embeddable":true,"href":"https:\/\/pressmedias.ma\/index.php?rest_route=%2Fwp%2Fv2%2Ftags&post=3089"}],"curies":[{"name":"wp","href":"https:\/\/api.w.org\/{rel}","templated":true}]}}