{"id":309,"date":"2023-02-21T14:17:50","date_gmt":"2023-02-21T14:17:50","guid":{"rendered":"https:\/\/pressmedias.ma\/?p=309"},"modified":"2025-04-17T16:29:07","modified_gmt":"2025-04-17T15:29:07","slug":"entretien-avec-said-frix","status":"publish","type":"post","link":"https:\/\/pressmedias.ma\/?p=309","title":{"rendered":"ENTRETIEN AVEC SAID FRIX"},"content":{"rendered":"\n<p class=\"has-medium-font-size\" dir=\"ltr\"><em>Entretien avec Said FRIX, Repr\u00e9sentant de ACFOI au Maroc (Assembl\u00e9e des Citoyens francophones pour les Organisations internationales).<\/em><\/p>\n\n\n\n<p class=\"has-medium-font-size\" dir=\"ltr\">Pour un meilleur \u00e9largissement de la communaut\u00e9 francophone.<\/p>\n\n\n\n<p class=\"has-medium-font-size\" dir=\"ltr\"><strong>AFFOI: L\u2019ACFOI ainsi que son antenne du Maroc, dont vous \u00eates le repr\u00e9sentant, ont \u00e9t\u00e9 cr\u00e9\u00e9es. Pouvez-vous nous dire, apr\u00e8s ces quelques semaines de fonctionnement, comment vous envisagez l\u2019avenir ?<\/strong><\/p>\n\n\n\n<p class=\"has-medium-font-size\" dir=\"ltr\"><strong>SAID FRIX<\/strong>&nbsp;:L\u2019\u00e9laboration d\u2019un plan d\u2019action est la condition sine qua non pour la r\u00e9alisation des objectifs escompt\u00e9s de l\u2019ACFOI. Il s\u2019agit, certes, d\u2019un projet de grande envergure qui exige un travail de concertation, une grande volont\u00e9 et une coordination de toutes les initiatives d\u00e9ploy\u00e9es.<br>Et dans le dessein de participer \u00e0 l\u2019\u00e9largissement de la communaut\u00e9 francophone ; qui n\u2019est qu\u2019une \u00e9tape vers la r\u00e9alisation des objectifs d\u2019ACFOI, au Maroc, on est tenu de s\u2019adresser aux francophones et aux arabophones. Mais, il faudrait d\u2019abord \u00e9laborer un plan d\u2019action \u00e0 partir d\u2019un diagnostic qui prendra en consid\u00e9ration les sp\u00e9cificit\u00e9s linguistiques, culturelles\u2026des communaut\u00e9s cibl\u00e9es. Dans toute formation, on s\u2019adressera et \u00e0 la communaut\u00e9 francophone et \u00e0 celle des arabophones. Apr\u00e8s l\u2019\u00e9laboration d\u2019une strat\u00e9gie, on proc\u00e8dera \u00e0 la diffusion de l\u2019information qui mettra l\u2019accent sur le projet de ACFOI, sur le fran\u00e7ais et la diversit\u00e9 linguistique, culturelle\u2026 sur les dysfonctionnements des organisations internationales, sur leurs objectifs\u2026Ainsi, toutes les informations seront publi\u00e9es dans diff\u00e9rents journaux, blogs, sites \u00e9lectroniques\u2026<\/p>\n\n\n\n<p class=\"has-medium-font-size\" dir=\"ltr\">Et lorsque tout le monde en sera convaincu, on abordera le vrai rem\u00e8de qui n\u2019est que la promotion de la langue fran\u00e7aise et de la diversit\u00e9 linguistique, culturelle et conceptuelle. Le soutien des autorit\u00e9s comp\u00e9tentes, des repr\u00e9sentants institutionnels, des instances de la Francophonie\u2026nous seront une aide appr\u00e9ciable. Il s\u2019agit d\u2019un grand projet auquel tout le monde doit contribuer et \u00e0 long terme. Et dans le but d\u2019aller de l\u2019avant, on organisera des rencontres, des sessions de formation au profit des communaut\u00e9s francophone et arabophone.<\/p>\n\n\n\n<p class=\"has-medium-font-size\" dir=\"ltr\">Mais pour cette derni\u00e8re, l\u2019accent sera mis d\u2019abord sur la langue fran\u00e7aise .On signera des accords de partenariat avec les associations de la soci\u00e9t\u00e9 civile et avec tous les acteurs concern\u00e9s. Par la suite, on pourrait proc\u00e9der \u00e0 l\u2019\u00e9largissement de nos initiatives \u00e0 travers toutes les r\u00e9gions du Maroc mais avec l\u2019autorisation des autorit\u00e9s locales et des repr\u00e9sentants institutionnels concern\u00e9s.<\/p>\n\n\n\n<p class=\"has-medium-font-size\" dir=\"ltr\"><strong>Vous venez d\u2019organiser un \u00e9v\u00e9nement \u00e0 Beni Mellal. Pourriez-vous nous en parler&nbsp;<\/strong><strong>?<\/strong><br>Concernant l\u2019activit\u00e9 que nous avons organis\u00e9, il s\u2019agit de l\u2019organisation de sessions de formation dans le domaine des genres et de l\u2019\u00e9criture journalistiques et de la presse \u00e9lectronique au profit d\u2019une cinquantaine de cadres p\u00e9dagogiques et administratifs qui encadrent des clubs de presse et de communication qui viennent d\u2019\u00eatre cr\u00e9es dans les \u00e9tablissements scolaires dans la r\u00e9gion Tadla Azilal.<\/p>\n\n\n\n<p class=\"has-medium-font-size\" dir=\"ltr\">La session de formation est organis\u00e9e par l\u2019AREF ( Acad\u00e9mie r\u00e9gionale de l\u2019Education et de Formation ) de la R\u00e9gion Tadla Azilal et par l\u2019Association marocaine des correspondants journalistes dont je suis le vice pr\u00e9sident en partenariat avec ACFOI ( L\u2019Assembl\u00e9e des Citoyens francophones pour les Organisations internationales ) dont je suis le Responsable Au Royaume du Maroc et UNIEM ( Union internationale des M\u00e9dias \u00e9lectroniques ) dont je suis le coordinateur au Maroc et l\u2019interpr\u00e8te au Monde Arabe.<\/p>\n\n\n\n<p class=\"has-medium-font-size\" dir=\"ltr\">Lors de cette rencontre, des documents (sur ACFOI, son Statut, ses objectifs\u2026) sont pr\u00e9sent\u00e9s aux participants et des interventions sont faites lors des expos\u00e9s et des ateliers sur ACFOI, sur UNIEM\u2026Au terme de cette rencontre \u00e0 laquelle ont Le Directeur de l\u2019AREF, Abdelmoumen Talib, Le D\u00e9l\u00e9gu\u00e9 provincial du Minist\u00e8re de l\u2019Education nationale de la province de Beni Mellal, Mhammed Khalfi\u2026et d\u2019autres correspondants journalistes, des attestations sont remises aux b\u00e9n\u00e9ficiaires. Notons que d\u2019autres sessions de formation seront organis\u00e9es \u00e0 ce sujet dans les deux autres provinces relevant de la r\u00e9gion Tadla Azilal, \u00e0 savoir la province de Fkih ben Salah et la province d\u2019Azilal.<\/p>\n\n\n\n<p class=\"has-medium-font-size\" dir=\"ltr\">La formation des clubs de presse pr\u00e9cit\u00e9s, s\u2019\u00e9talera sur deux ou trois autres sessions de formation. On proc\u00e8dera, par la suite, \u00e0 la publication de comptes rendus et de photos des sessions de formation pr\u00e9cit\u00e9es. On ambitionne aussi d\u2019organiser d\u2019autres rencontres avec d\u2019autres associations de la soci\u00e9t\u00e9 civile. Et on mettra en exergue la promotion de la langue fran\u00e7aise et le r\u00f4le primordial de la diversit\u00e9 linguistique et on abordera aussi la probl\u00e9matique des organisations internationales et leurs dysfonctionnements\u2026<\/p>\n\n\n\n<p class=\"has-medium-font-size\" dir=\"ltr\">Et pour que notre projet soit r\u00e9alis\u00e9, il faut compter sur le soutien incontournable de OIF de UPF, des repr\u00e9sentants institutionnels, des ambassades des pays francophones au Maroc, des autorit\u00e9s locales marocaines\u2026Ainsi, nous voudrions que M Dominique Hoppe, que nous remercions vivement, intervienne aupr\u00e8s des acteurs pr\u00e9cit\u00e9s dans le dessein de nous faciliter la t\u00e2che.<\/p>\n\n\n\n<p class=\"has-medium-font-size\" dir=\"ltr\"><em>Propos recueillis par AFFOI (Assembl\u00e9e des Fonctionnaires francophones pour les Organisations internationales)<\/em><\/p>\n","protected":false},"excerpt":{"rendered":"<p>Entretien avec Said FRIX, Repr\u00e9sentant de ACFOI au Maroc (Assembl\u00e9e des Citoyens francophones pour les Organisations internationales). Pour un meilleur \u00e9largissement de la communaut\u00e9 francophone. AFFOI: L\u2019ACFOI ainsi que son antenne du Maroc, dont vous \u00eates le repr\u00e9sentant, ont \u00e9t\u00e9 cr\u00e9\u00e9es. Pouvez-vous nous dire, apr\u00e8s ces quelques semaines de fonctionnement, comment vous envisagez l\u2019avenir ? [&hellip;]<\/p>\n","protected":false},"author":4,"featured_media":310,"comment_status":"open","ping_status":"open","sticky":false,"template":"","format":"standard","meta":{"footnotes":""},"categories":[24,1],"tags":[],"class_list":["post-309","post","type-post","status-publish","format-standard","has-post-thumbnail","hentry","category-francais","category-1"],"_links":{"self":[{"href":"https:\/\/pressmedias.ma\/index.php?rest_route=\/wp\/v2\/posts\/309","targetHints":{"allow":["GET"]}}],"collection":[{"href":"https:\/\/pressmedias.ma\/index.php?rest_route=\/wp\/v2\/posts"}],"about":[{"href":"https:\/\/pressmedias.ma\/index.php?rest_route=\/wp\/v2\/types\/post"}],"author":[{"embeddable":true,"href":"https:\/\/pressmedias.ma\/index.php?rest_route=\/wp\/v2\/users\/4"}],"replies":[{"embeddable":true,"href":"https:\/\/pressmedias.ma\/index.php?rest_route=%2Fwp%2Fv2%2Fcomments&post=309"}],"version-history":[{"count":2,"href":"https:\/\/pressmedias.ma\/index.php?rest_route=\/wp\/v2\/posts\/309\/revisions"}],"predecessor-version":[{"id":338,"href":"https:\/\/pressmedias.ma\/index.php?rest_route=\/wp\/v2\/posts\/309\/revisions\/338"}],"wp:featuredmedia":[{"embeddable":true,"href":"https:\/\/pressmedias.ma\/index.php?rest_route=\/wp\/v2\/media\/310"}],"wp:attachment":[{"href":"https:\/\/pressmedias.ma\/index.php?rest_route=%2Fwp%2Fv2%2Fmedia&parent=309"}],"wp:term":[{"taxonomy":"category","embeddable":true,"href":"https:\/\/pressmedias.ma\/index.php?rest_route=%2Fwp%2Fv2%2Fcategories&post=309"},{"taxonomy":"post_tag","embeddable":true,"href":"https:\/\/pressmedias.ma\/index.php?rest_route=%2Fwp%2Fv2%2Ftags&post=309"}],"curies":[{"name":"wp","href":"https:\/\/api.w.org\/{rel}","templated":true}]}}