{"id":3145,"date":"2025-10-08T12:06:19","date_gmt":"2025-10-08T11:06:19","guid":{"rendered":"https:\/\/pressmedias.ma\/?p=3145"},"modified":"2025-10-08T12:06:19","modified_gmt":"2025-10-08T11:06:19","slug":"reunion-de-coordination-des-equipes-regionales-chargees-du-programme-national-de-sante-de-la-mere-et-de-lenfant","status":"publish","type":"post","link":"https:\/\/pressmedias.ma\/?p=3145","title":{"rendered":"R\u00e9union de coordination des \u00e9quipes r\u00e9gionales charg\u00e9es du Programme national de sant\u00e9 de la m\u00e8re et de l\u2019enfant"},"content":{"rendered":"<p>Dans le cadre du suivi des indicateurs relatifs \u00e0 la sant\u00e9 maternelle et infantile dans la r\u00e9gion de B\u00e9ni Mellal-Kh\u00e9nifra, le si\u00e8ge du Club \u00e9questre de B\u00e9ni Mellal a abrit\u00e9, jeudi 2 octobre 2025, une r\u00e9union r\u00e9gionale de coordination pr\u00e9sid\u00e9e par M. le Directeur r\u00e9gional, Dr <strong>Kamal Al Yansli<\/strong>, en pr\u00e9sence du Directeur de la Direction de la population, d\u2019une \u00e9quipe centrale ainsi que de plusieurs responsables r\u00e9gionaux et provinciaux.<\/p>\n<p>La rencontre a \u00e9t\u00e9 consacr\u00e9e \u00e0 l\u2019\u00e9valuation de la situation actuelle de la sant\u00e9 maternelle et infantile au niveau r\u00e9gional, \u00e0 la pr\u00e9sentation des principaux indicateurs enregistr\u00e9s, ainsi qu\u2019\u00e0 l\u2019analyse des contraintes et d\u00e9fis entravant l\u2019am\u00e9lioration de la qualit\u00e9 des prestations sanitaires. Les participants ont d\u00e9battu de propositions concr\u00e8tes et formul\u00e9 des recommandations constructives visant \u00e0 renforcer la qualit\u00e9 des soins prodigu\u00e9s aux m\u00e8res et aux nouveau-n\u00e9s, tout en am\u00e9liorant l\u2019efficacit\u00e9 et la performance du syst\u00e8me de sant\u00e9 r\u00e9gional, conform\u00e9ment aux objectifs du Plan national de r\u00e9duction de la mortalit\u00e9 maternelle et infantile.<\/p>\n<p>Les travaux de cette r\u00e9union se sont poursuivis , vendredi 3 octobre 2025 par l\u2019organisation d\u2019un atelier de travail, au cours duquel les participants ont \u00e9chang\u00e9 leurs points de vue et discut\u00e9 des indicateurs de performance du Programme national de sant\u00e9 de la m\u00e8re et de l\u2019enfant au niveau de chaque province. Cet atelier a abouti \u00e0 l\u2019\u00e9laboration et \u00e0 la pr\u00e9sentation d\u2019un ensemble de recommandations op\u00e9rationnelles visant \u00e0 promouvoir la qualit\u00e9 des services de sant\u00e9 et \u00e0 renforcer la sant\u00e9 de la m\u00e8re et de l\u2019enfant dans l\u2019ensemble de la r\u00e9gion.<\/p>\n<p>Cette rencontre \u00a0primordiale a r\u00e9uni les d\u00e9l\u00e9gu\u00e9s du minist\u00e8re de la Sant\u00e9 et de la Protection sociale des provinces de la r\u00e9gion, les directeurs des h\u00f4pitaux r\u00e9gionaux et provinciaux, les chefs de services r\u00e9gionaux, les responsables des r\u00e9seaux d\u2019\u00e9tablissements de sant\u00e9, ainsi que les chefs de services de gyn\u00e9cologie-obst\u00e9trique et de p\u00e9diatrie. Ont \u00e9galement pris part \u00e0 la r\u00e9union la sage-femme responsable du service de maternit\u00e9 du Centre hospitalier r\u00e9gional, ainsi que les animatrices du Programme de sant\u00e9 de la m\u00e8re et de l\u2019enfant (PSGA).<\/p>\n<p><strong>FRIX SAID ALM<\/strong><\/p>\n","protected":false},"excerpt":{"rendered":"<p>Dans le cadre du suivi des indicateurs relatifs \u00e0 la sant\u00e9 maternelle et infantile dans la r\u00e9gion de B\u00e9ni Mellal-Kh\u00e9nifra, le si\u00e8ge du Club \u00e9questre de B\u00e9ni Mellal a abrit\u00e9, jeudi 2 octobre 2025, une r\u00e9union r\u00e9gionale de coordination pr\u00e9sid\u00e9e par M. le Directeur r\u00e9gional, Dr Kamal Al Yansli, en pr\u00e9sence du Directeur de la [&hellip;]<\/p>\n","protected":false},"author":4,"featured_media":3146,"comment_status":"open","ping_status":"open","sticky":false,"template":"","format":"standard","meta":{"footnotes":""},"categories":[1],"tags":[],"class_list":["post-3145","post","type-post","status-publish","format-standard","has-post-thumbnail","hentry","category-1"],"_links":{"self":[{"href":"https:\/\/pressmedias.ma\/index.php?rest_route=\/wp\/v2\/posts\/3145","targetHints":{"allow":["GET"]}}],"collection":[{"href":"https:\/\/pressmedias.ma\/index.php?rest_route=\/wp\/v2\/posts"}],"about":[{"href":"https:\/\/pressmedias.ma\/index.php?rest_route=\/wp\/v2\/types\/post"}],"author":[{"embeddable":true,"href":"https:\/\/pressmedias.ma\/index.php?rest_route=\/wp\/v2\/users\/4"}],"replies":[{"embeddable":true,"href":"https:\/\/pressmedias.ma\/index.php?rest_route=%2Fwp%2Fv2%2Fcomments&post=3145"}],"version-history":[{"count":1,"href":"https:\/\/pressmedias.ma\/index.php?rest_route=\/wp\/v2\/posts\/3145\/revisions"}],"predecessor-version":[{"id":3147,"href":"https:\/\/pressmedias.ma\/index.php?rest_route=\/wp\/v2\/posts\/3145\/revisions\/3147"}],"wp:featuredmedia":[{"embeddable":true,"href":"https:\/\/pressmedias.ma\/index.php?rest_route=\/wp\/v2\/media\/3146"}],"wp:attachment":[{"href":"https:\/\/pressmedias.ma\/index.php?rest_route=%2Fwp%2Fv2%2Fmedia&parent=3145"}],"wp:term":[{"taxonomy":"category","embeddable":true,"href":"https:\/\/pressmedias.ma\/index.php?rest_route=%2Fwp%2Fv2%2Fcategories&post=3145"},{"taxonomy":"post_tag","embeddable":true,"href":"https:\/\/pressmedias.ma\/index.php?rest_route=%2Fwp%2Fv2%2Ftags&post=3145"}],"curies":[{"name":"wp","href":"https:\/\/api.w.org\/{rel}","templated":true}]}}