{"id":3153,"date":"2025-10-09T00:09:56","date_gmt":"2025-10-08T23:09:56","guid":{"rendered":"https:\/\/pressmedias.ma\/?p=3153"},"modified":"2025-10-09T00:09:56","modified_gmt":"2025-10-08T23:09:56","slug":"pour-la-promotion-du-systeme-de-formation-professionnelle","status":"publish","type":"post","link":"https:\/\/pressmedias.ma\/?p=3153","title":{"rendered":"Pour la promotion du syst\u00e8me de formation professionnelle"},"content":{"rendered":"<p>Dans le cadre des efforts d\u00e9ploy\u00e9s par le Secr\u00e9tariat d\u2019\u00c9tat charg\u00e9 de l\u2019Artisanat et de l\u2019\u00c9conomie sociale et solidaire pour promouvoir le syst\u00e8me de formation professionnelle, une journ\u00e9e portes ouvertes a \u00e9t\u00e9 organis\u00e9e le mercredi 1er octobre 2025 \u00e0 l\u2019Institut sp\u00e9cialis\u00e9 des Arts de l\u2019Artisanat Traditionnel de B\u00e9ni Mellal, rattach\u00e9 \u00e0 la Direction r\u00e9gionale de l\u2019Artisanat et de l\u2019\u00c9conomie sociale et solidaire de B\u00e9ni Mellal.<\/p>\n<p>Cet \u00e9v\u00e9nement, qui a rassembl\u00e9 plusieurs responsables locaux, des repr\u00e9sentants de la Chambre de l\u2019Artisanat, des autorit\u00e9s locales, des membres des m\u00e9dias, ainsi que des repr\u00e9sentants de coop\u00e9ratives artisanales et d\u2019artisans traditionnels, a offert aux invit\u00e9s, aux jeunes visiteurs et aux personnes int\u00e9ress\u00e9es l\u2019occasion de d\u00e9couvrir les programmes de formation et les possibilit\u00e9s d\u2019inscription, ainsi que de se familiariser avec les diff\u00e9rentes sp\u00e9cialisations et comp\u00e9tences offertes par ces \u00e9tablissements. Il a \u00e9galement permis des \u00e9changes enrichissants entre les stagiaires et les professionnels.<\/p>\n<p>Les participants ont effectu\u00e9 une visite guid\u00e9e des installations de l\u2019institut, comprenant les salles de cours th\u00e9oriques et les ateliers pratiques, en pr\u00e9sence de la Directrice r\u00e9gionale, du Directeur de l\u2019Institut, du personnel \u00e9ducatif et des formateurs, qui ont pris soin de fournir explications et orientations aux visiteurs. Cette journ\u00e9e a aussi \u00e9t\u00e9 marqu\u00e9e par la remise des dipl\u00f4mes de formation par apprentissage et des attestations de formation continue aux artisans traditionnels.<\/p>\n<p>Cette rencontre s\u2019inscrit dans \u00a0le cadre de la volont\u00e9 du secteur de consolider le r\u00f4le des \u00e9tablissements de formation professionnelle en arts de l\u2019artisanat traditionnel, en renfor\u00e7ant et en d\u00e9veloppant les comp\u00e9tences des artisans, pr\u00e9sents et futurs. Elle vise \u00e0 accro\u00eetre l\u2019attractivit\u00e9 de la formation professionnelle dans l\u2019artisanat traditionnel, \u00e0 assurer la continuit\u00e9 des m\u00e9tiers par la transmission des savoir-faire, et \u00e0 promouvoir l\u2019esprit d\u2019initiative et l\u2019entrepreneuriat chez les nouveaux artisans, contribuant ainsi \u00e0 la formation d\u2019une g\u00e9n\u00e9ration qualifi\u00e9e, capable de relever les d\u00e9fis du d\u00e9veloppement local et r\u00e9gional durable.<\/p>\n<p>Plusieurs interventions ont port\u00e9 sur les perspectives de la formation, sous toutes ses formes, au niveau r\u00e9gional. \u00c0 cette occasion, des dipl\u00f4mes ont \u00e9t\u00e9 remis aux laur\u00e9ats de la formation par apprentissage, ainsi que des attestations de formation continue en coupe et couture dans le cadre du programme UNESCO. La c\u00e9r\u00e9monie s\u2019est poursuivie par une s\u00e9ance de photos souvenirs marquant cet \u00e9v\u00e9nement important, suivie d\u2019une r\u00e9ception autour d\u2019un th\u00e9 en l\u2019honneur des participants. Une visite guid\u00e9e des diff\u00e9rents espaces de l\u2019institut, accompagn\u00e9e de pr\u00e9sentations explicatives, a ensuite \u00e9t\u00e9 organis\u00e9e, suscitant un vif int\u00e9r\u00eat et une appr\u00e9ciation g\u00e9n\u00e9rale de l\u2019ensemble des pr\u00e9sents.<\/p>\n<p>Rappelons que L\u2019Institut des Arts de l\u2019Artisanat Traditionnel de B\u00e9ni Mellal a organis\u00e9 cette journ\u00e9e portes ouvertes \u00e0 l\u2019occasion du lancement de la rentr\u00e9e de formation 2025-2026. L\u2019\u00e9v\u00e9nement a connu la pr\u00e9sence de plusieurs responsables et cadres, notamment Madame la Directrice r\u00e9gionale de l\u2019Artisanat, Monsieur le D\u00e9l\u00e9gu\u00e9 r\u00e9gional de l\u2019Office de D\u00e9veloppement de la Coop\u00e9ration, Madame la Directrice de la Cit\u00e9 des M\u00e9tiers et des Comp\u00e9tences, Madame la Cheffe du service r\u00e9gional de la Formation professionnelle, Monsieur le Directeur de la Chambre de l\u2019Artisanat et Monsieur le Directeur de l\u2019Institut sp\u00e9cialis\u00e9 des Arts de l\u2019Artisanat Traditionnel.<\/p>\n<p><strong>SAID FRIX<\/strong><\/p>\n","protected":false},"excerpt":{"rendered":"<p>Dans le cadre des efforts d\u00e9ploy\u00e9s par le Secr\u00e9tariat d\u2019\u00c9tat charg\u00e9 de l\u2019Artisanat et de l\u2019\u00c9conomie sociale et solidaire pour promouvoir le syst\u00e8me de formation professionnelle, une journ\u00e9e portes ouvertes a \u00e9t\u00e9 organis\u00e9e le mercredi 1er octobre 2025 \u00e0 l\u2019Institut sp\u00e9cialis\u00e9 des Arts de l\u2019Artisanat Traditionnel de B\u00e9ni Mellal, rattach\u00e9 \u00e0 la Direction r\u00e9gionale de [&hellip;]<\/p>\n","protected":false},"author":4,"featured_media":3154,"comment_status":"open","ping_status":"open","sticky":false,"template":"","format":"standard","meta":{"footnotes":""},"categories":[1],"tags":[],"class_list":["post-3153","post","type-post","status-publish","format-standard","has-post-thumbnail","hentry","category-1"],"_links":{"self":[{"href":"https:\/\/pressmedias.ma\/index.php?rest_route=\/wp\/v2\/posts\/3153","targetHints":{"allow":["GET"]}}],"collection":[{"href":"https:\/\/pressmedias.ma\/index.php?rest_route=\/wp\/v2\/posts"}],"about":[{"href":"https:\/\/pressmedias.ma\/index.php?rest_route=\/wp\/v2\/types\/post"}],"author":[{"embeddable":true,"href":"https:\/\/pressmedias.ma\/index.php?rest_route=\/wp\/v2\/users\/4"}],"replies":[{"embeddable":true,"href":"https:\/\/pressmedias.ma\/index.php?rest_route=%2Fwp%2Fv2%2Fcomments&post=3153"}],"version-history":[{"count":1,"href":"https:\/\/pressmedias.ma\/index.php?rest_route=\/wp\/v2\/posts\/3153\/revisions"}],"predecessor-version":[{"id":3155,"href":"https:\/\/pressmedias.ma\/index.php?rest_route=\/wp\/v2\/posts\/3153\/revisions\/3155"}],"wp:featuredmedia":[{"embeddable":true,"href":"https:\/\/pressmedias.ma\/index.php?rest_route=\/wp\/v2\/media\/3154"}],"wp:attachment":[{"href":"https:\/\/pressmedias.ma\/index.php?rest_route=%2Fwp%2Fv2%2Fmedia&parent=3153"}],"wp:term":[{"taxonomy":"category","embeddable":true,"href":"https:\/\/pressmedias.ma\/index.php?rest_route=%2Fwp%2Fv2%2Fcategories&post=3153"},{"taxonomy":"post_tag","embeddable":true,"href":"https:\/\/pressmedias.ma\/index.php?rest_route=%2Fwp%2Fv2%2Ftags&post=3153"}],"curies":[{"name":"wp","href":"https:\/\/api.w.org\/{rel}","templated":true}]}}