{"id":3157,"date":"2025-10-09T00:09:42","date_gmt":"2025-10-08T23:09:42","guid":{"rendered":"https:\/\/pressmedias.ma\/?p=3157"},"modified":"2025-10-09T00:09:42","modified_gmt":"2025-10-08T23:09:42","slug":"lapplication-des-peines-alternatives-au-centre-du-debat-a-beni-mellal","status":"publish","type":"post","link":"https:\/\/pressmedias.ma\/?p=3157","title":{"rendered":"L\u2019application des peines alternatives au centre du d\u00e9bat \u00e0 Beni Mellal"},"content":{"rendered":"<ol>\n<li>\u00ab\u00a0Les applications de la loi sur\u00a0 les peines alternatives\u00a0\u00bb\u00a0\u00a0 a \u00e9t\u00e9 le th\u00e8me d\u2019un colloque scientifique qui a \u00e9t\u00e9 organis\u00e9 par l\u2019Ordre des avocats de Beni Mellal , jeudi 2 octobre 2025, \u00e0 la chambre d\u2019Agriculture , \u00e0 Beni Mellal en pr\u00e9sence d\u2019un grand nombre de responsables judiciaires et d\u2019experts du droit<\/li>\n<\/ol>\n<p>L\u2019organisation de cette rencontre scientifique s\u2019inscrit dans le cadre \u00a0de \u00a0la dynamique engag\u00e9e par l\u2019Ordre des avocats de B\u00e9ni Mellal pour nourrir le d\u00e9bat juridique sur les sanctions alternatives et renforcer la formation continue, contribuant ainsi \u00e0 la promotion de la justice r\u00e9paratrice et \u00e0 la modernisation du syst\u00e8me p\u00e9nal marocain. Le colloque a \u00e9galement illustr\u00e9 la coop\u00e9ration entre les acteurs du monde juridique et les institutions l\u00e9gislatives, favorisant la convergence entre la pratique professionnelle et les orientations normatives, et consolidant une culture de dialogue au service de la justice. Ainsi , les \u00a0intervenants \u00e0 ce colloque ont \u00a0proc\u00e9d\u00e9 \u00e0 la d\u00e9couverte d\u2019un grand nombre de \u00a0nouveaut\u00e9s introduites par la l\u00e9gislation relative aux peines alternatives, \u00e0 travers une analyse approfondie de ses dispositions, l\u2019examen des d\u00e9fis pratiques li\u00e9s \u00e0 sa mise en \u0153uvre, ainsi que la mise en relief de ses fondements l\u00e9gislatifs et des objectifs ayant motiv\u00e9 son adoption dans le cadre de la politique p\u00e9nale nationale.<\/p>\n<p>Dans le cadre de la r\u00e9forme du syst\u00e8me judiciaire et p\u00e9nal, le Maroc s\u2019est engag\u00e9 depuis plusieurs ann\u00e9es dans une dynamique de modernisation visant \u00e0 humaniser la justice et \u00e0 renforcer la r\u00e9insertion sociale des d\u00e9linquants. L\u2019adoption de la <strong>loi relative aux peines alternatives<\/strong> constitue une \u00e9tape importante dans ce processus, traduisant la volont\u00e9 du l\u00e9gislateur de concilier la fermet\u00e9 de la sanction avec le respect de la dignit\u00e9 humaine.<\/p>\n<p>Les peines alternatives, tels que le <strong>travail d\u2019int\u00e9r\u00eat g\u00e9n\u00e9ral<\/strong>, la <strong>surveillance \u00e9lectronique<\/strong>, ou encore la <strong>r\u00e9paration des dommages caus\u00e9s \u00e0 la victime<\/strong>, permettent d\u2019\u00e9viter l\u2019incarc\u00e9ration pour certains d\u00e9lits mineurs. Elles visent \u00e0 d\u00e9sengorger les \u00e9tablissements p\u00e9nitentiaires tout en offrant aux personnes condamn\u00e9es la possibilit\u00e9 de se r\u00e9habiliter et de contribuer positivement \u00e0 la soci\u00e9t\u00e9. Les intervenants , lors de cette rencontre scientifique ont mis l\u2019accent sur un grand nombre de points relatifs \u00e0 l\u2019application des peines alternatives car leur mise en \u0153uvre repose sur une \u00e9valuation rigoureuse des dossiers par les magistrats, qui tiennent compte de la gravit\u00e9 de l\u2019infraction, de la personnalit\u00e9 du condamn\u00e9 et de ses ant\u00e9c\u00e9dents judiciaires. Les juridictions disposent d\u00e9sormais d\u2019un cadre juridique clair leur permettant d\u2019opter pour des sanctions adapt\u00e9es, proportionnelles et \u00e9ducatives.<\/p>\n<p>Ont pris part \u00e0 ce colloque scientifique, M. Rachid Addi, Pr\u00e9sident de l\u2019unit\u00e9 de suivi de la d\u00e9tention provisoire au Conseil sup\u00e9rieur du pouvoir judiciaire Dr Hicham Mellati, Directeur des affaires p\u00e9nales, de l\u2019amnistie et de la surveillance de la criminalit\u00e9 au Minist\u00e8re de la Justice ; le Dr Mourad El Alami, Avocat g\u00e9n\u00e9ral pr\u00e8s la Cour de cassation et repr\u00e9sentant du Minist\u00e8re public ; ; et M. Mustapha Dahmani, avocat, conseiller parlementaire et vice-pr\u00e9sident de la Commission de la justice, de la l\u00e9gislation et des droits de l\u2019homme \u00e0 la Chambre des conseillers, \u00a0des responsables judiciaires, b\u00e2tonniers, repr\u00e9sentants de l\u2019administration p\u00e9nitentiaire, juges, avocats, enseignants-chercheurs, acteurs associatifs et journalistes\u2026<\/p>\n<p><strong>SAID FRIX ALM<\/strong><\/p>\n","protected":false},"excerpt":{"rendered":"<p>\u00ab\u00a0Les applications de la loi sur\u00a0 les peines alternatives\u00a0\u00bb\u00a0\u00a0 a \u00e9t\u00e9 le th\u00e8me d\u2019un colloque scientifique qui a \u00e9t\u00e9 organis\u00e9 par l\u2019Ordre des avocats de Beni Mellal , jeudi 2 octobre 2025, \u00e0 la chambre d\u2019Agriculture , \u00e0 Beni Mellal en pr\u00e9sence d\u2019un grand nombre de responsables judiciaires et d\u2019experts du droit L\u2019organisation de cette [&hellip;]<\/p>\n","protected":false},"author":4,"featured_media":3158,"comment_status":"open","ping_status":"open","sticky":false,"template":"","format":"standard","meta":{"footnotes":""},"categories":[1],"tags":[],"class_list":["post-3157","post","type-post","status-publish","format-standard","has-post-thumbnail","hentry","category-1"],"_links":{"self":[{"href":"https:\/\/pressmedias.ma\/index.php?rest_route=\/wp\/v2\/posts\/3157","targetHints":{"allow":["GET"]}}],"collection":[{"href":"https:\/\/pressmedias.ma\/index.php?rest_route=\/wp\/v2\/posts"}],"about":[{"href":"https:\/\/pressmedias.ma\/index.php?rest_route=\/wp\/v2\/types\/post"}],"author":[{"embeddable":true,"href":"https:\/\/pressmedias.ma\/index.php?rest_route=\/wp\/v2\/users\/4"}],"replies":[{"embeddable":true,"href":"https:\/\/pressmedias.ma\/index.php?rest_route=%2Fwp%2Fv2%2Fcomments&post=3157"}],"version-history":[{"count":2,"href":"https:\/\/pressmedias.ma\/index.php?rest_route=\/wp\/v2\/posts\/3157\/revisions"}],"predecessor-version":[{"id":3167,"href":"https:\/\/pressmedias.ma\/index.php?rest_route=\/wp\/v2\/posts\/3157\/revisions\/3167"}],"wp:featuredmedia":[{"embeddable":true,"href":"https:\/\/pressmedias.ma\/index.php?rest_route=\/wp\/v2\/media\/3158"}],"wp:attachment":[{"href":"https:\/\/pressmedias.ma\/index.php?rest_route=%2Fwp%2Fv2%2Fmedia&parent=3157"}],"wp:term":[{"taxonomy":"category","embeddable":true,"href":"https:\/\/pressmedias.ma\/index.php?rest_route=%2Fwp%2Fv2%2Fcategories&post=3157"},{"taxonomy":"post_tag","embeddable":true,"href":"https:\/\/pressmedias.ma\/index.php?rest_route=%2Fwp%2Fv2%2Ftags&post=3157"}],"curies":[{"name":"wp","href":"https:\/\/api.w.org\/{rel}","templated":true}]}}