{"id":3163,"date":"2025-10-09T00:09:24","date_gmt":"2025-10-08T23:09:24","guid":{"rendered":"https:\/\/pressmedias.ma\/?p=3163"},"modified":"2025-10-09T00:09:24","modified_gmt":"2025-10-08T23:09:24","slug":"appel-pour-la-creation-de-linstitut-regional-de-laudiovisuel-et-des-metiers-du-cinema-a-khouribga","status":"publish","type":"post","link":"https:\/\/pressmedias.ma\/?p=3163","title":{"rendered":"Appel  pour la cr\u00e9ation de l\u2019institut r\u00e9gional de l\u2019audiovisuel et des m\u00e9tiers du cin\u00e9ma \u00e0 Khouribga"},"content":{"rendered":"<p>Un appel cin\u00e9matographique a \u00e9t\u00e9 lanc\u00e9 par le comit\u00e9 de plaidoyer charg\u00e9 de la concertation et de la communication relevant de l\u2019Association Maroc d\u2019Avenir Khouribga et les participants \u00e0 la table ronde qui a \u00e9t\u00e9 organis\u00e9e vendredi 26\u00a0 septembre 2025 \u00e0 Khouribga autour du projet\u00a0 \u00a0de la \u00a0Cr\u00e9ation de l\u2019Institut r\u00e9gional de l\u2019audiovisuel et des m\u00e9tiers du cin\u00e9ma \u00e0 Khouribga<\/p>\n<p>\u00c0 l\u2019issue de la table ronde tenue le 26 septembre 2025 \u00e0 Khouribga, organis\u00e9e sous le th\u00e8me <em>\u00ab L\u2019Institut r\u00e9gional de l\u2019audiovisuel et des m\u00e9tiers du cin\u00e9ma : d\u00e9fis, perspectives et opportunit\u00e9s \u00bb<\/em>, avec la participation d\u2019un ensemble d\u2019acteurs du secteur cin\u00e9matographique et m\u00e9diatique de la province, et dans le cadre des rencontres consultatives initi\u00e9es par l\u2019Association Maroc d\u2019Avenir avec plusieurs intervenants m\u00e9diatiques, cin\u00e9matographiques et associatifs, il a \u00e9t\u00e9 soulign\u00e9 que cette initiative s\u2019inscrit dans un contexte de mutations culturelles profondes au niveau mondial. Ces transformations renforcent la n\u00e9cessit\u00e9 de mettre en place des outils p\u00e9dagogiques et esth\u00e9tiques capables d\u2019\u00e9lever l\u2019\u00eatre humain et la soci\u00e9t\u00e9, tout en mettant en avant le r\u00f4le du cin\u00e9ma comme force douce porteuse de messages d\u2019ouverture, de transmission et d\u2019\u00e9ducation aux valeurs universelles.<\/p>\n<p>La ville de Khouribga, forte de son histoire et de sa profondeur africaine, a besoin d\u2019inscrire le cin\u00e9ma au c\u0153ur de son identit\u00e9 culturelle et d\u2019en faire un levier d\u2019influence et de rayonnement. C\u2019est dans ce sens que le projet de l\u2019Institut r\u00e9gional de l\u2019audiovisuel et des m\u00e9tiers du cin\u00e9ma \u00e0 Khouribga se pr\u00e9sente comme un horizon strat\u00e9gique susceptible de transformer la ville en espace de cr\u00e9ativit\u00e9, de formation et de rayonnement artistique et culturel.<\/p>\n<p>Nous valorisons ainsi le r\u00f4le majeur de l\u2019ensemble des manifestations et festivals cin\u00e9matographiques organis\u00e9s au niveau provincial et r\u00e9gional, en particulier le Festival du cin\u00e9ma africain de Khouribga, v\u00e9ritable plateforme de dialogue et d\u2019\u00e9changes artistiques et culturels aux niveaux national et international. Nous insistons \u00e9galement sur la n\u00e9cessit\u00e9 de soutenir les initiatives cin\u00e9matographiques locales, r\u00e9gionales et nationales, et d\u2019encourager la production et la cr\u00e9ativit\u00e9 dans le domaine du septi\u00e8me art.<\/p>\n<p>Il importe d\u2019\u0153uvrer \u00e0 l\u2019int\u00e9gration de l\u2019\u00e9ducation \u00e0 l\u2019image et de la culture cin\u00e9matographique dans les politiques publiques et \u00e9ducatives, tout en cr\u00e9ant des espaces adapt\u00e9s \u00e0 la projection, \u00e0 la formation et \u00e0 la production cin\u00e9matographique. De m\u00eame, il est essentiel d\u2019encourager les jeunes \u00e0 s\u2019engager dans des exp\u00e9riences de r\u00e9alisation, de jeu d\u2019acteur et de techniques audiovisuelles, et de faire de Khouribga une destination de r\u00e9f\u00e9rence pour la cr\u00e9ativit\u00e9 cin\u00e9matographique africaine et mondiale.<\/p>\n<p>L\u2019essor du cin\u00e9ma \u00e0 Khouribga repose aussi sur la valorisation des comp\u00e9tences locales et r\u00e9gionales qualifi\u00e9es, riches d\u2019exp\u00e9riences significatives dans ce domaine, afin de b\u00e2tir une v\u00e9ritable renaissance culturelle et artistique capable de promouvoir la r\u00e9gion et la province aux \u00e9chelles continentale et internationale. Dans ce cadre, le lancement du projet de l\u2019Institut r\u00e9gional de l\u2019audiovisuel et des m\u00e9tiers du cin\u00e9ma \u00e0 Khouribga constitue un levier strat\u00e9gique majeur pour la qualification des talents, la cr\u00e9ation d\u2019opportunit\u00e9s de formation et d\u2019innovation, et la transformation de la ville en p\u00f4le de r\u00e9f\u00e9rence du septi\u00e8me art au Maroc et en Afrique.<\/p>\n<p>En lan\u00e7ant cet appel, nous saluons la Haute sollicitude que Sa Majest\u00e9 le Roi, que Dieu l\u2019assiste, accorde aux artistes et aux cr\u00e9ateurs, et en particulier aux professionnels du secteur cin\u00e9matographique. Nous affirmons que le cin\u00e9ma n\u2019est ni un luxe ni un simple outil de divertissement : il constitue une vision de la vie, un chemin vers le d\u00e9veloppement durable et un moyen d\u2019\u00e9l\u00e9vation de l\u2019homme et de la soci\u00e9t\u00e9.<\/p>\n<p>De ce fait, nous invitons les autorit\u00e9s locales, les institutions \u00e9lues, les d\u00e9partements minist\u00e9riels, la soci\u00e9t\u00e9 civile et le secteur priv\u00e9 \u00e0 s\u2019unir autour de ce grand projet culturel, au premier rang duquel figure l\u2019Institut r\u00e9gional de l\u2019audiovisuel et des m\u00e9tiers du cin\u00e9ma \u00e0 Khouribga, afin de faire de la ville un espace \u00e9clair\u00e9 par la culture, ouvert sur l\u2019avenir et rayonnant de cr\u00e9ativit\u00e9.<\/p>\n<p>SAID\u00a0 FRIX<\/p>\n","protected":false},"excerpt":{"rendered":"<p>Un appel cin\u00e9matographique a \u00e9t\u00e9 lanc\u00e9 par le comit\u00e9 de plaidoyer charg\u00e9 de la concertation et de la communication relevant de l\u2019Association Maroc d\u2019Avenir Khouribga et les participants \u00e0 la table ronde qui a \u00e9t\u00e9 organis\u00e9e vendredi 26\u00a0 septembre 2025 \u00e0 Khouribga autour du projet\u00a0 \u00a0de la \u00a0Cr\u00e9ation de l\u2019Institut r\u00e9gional de l\u2019audiovisuel et des [&hellip;]<\/p>\n","protected":false},"author":4,"featured_media":3164,"comment_status":"open","ping_status":"open","sticky":false,"template":"","format":"standard","meta":{"footnotes":""},"categories":[1],"tags":[],"class_list":["post-3163","post","type-post","status-publish","format-standard","has-post-thumbnail","hentry","category-1"],"_links":{"self":[{"href":"https:\/\/pressmedias.ma\/index.php?rest_route=\/wp\/v2\/posts\/3163","targetHints":{"allow":["GET"]}}],"collection":[{"href":"https:\/\/pressmedias.ma\/index.php?rest_route=\/wp\/v2\/posts"}],"about":[{"href":"https:\/\/pressmedias.ma\/index.php?rest_route=\/wp\/v2\/types\/post"}],"author":[{"embeddable":true,"href":"https:\/\/pressmedias.ma\/index.php?rest_route=\/wp\/v2\/users\/4"}],"replies":[{"embeddable":true,"href":"https:\/\/pressmedias.ma\/index.php?rest_route=%2Fwp%2Fv2%2Fcomments&post=3163"}],"version-history":[{"count":1,"href":"https:\/\/pressmedias.ma\/index.php?rest_route=\/wp\/v2\/posts\/3163\/revisions"}],"predecessor-version":[{"id":3165,"href":"https:\/\/pressmedias.ma\/index.php?rest_route=\/wp\/v2\/posts\/3163\/revisions\/3165"}],"wp:featuredmedia":[{"embeddable":true,"href":"https:\/\/pressmedias.ma\/index.php?rest_route=\/wp\/v2\/media\/3164"}],"wp:attachment":[{"href":"https:\/\/pressmedias.ma\/index.php?rest_route=%2Fwp%2Fv2%2Fmedia&parent=3163"}],"wp:term":[{"taxonomy":"category","embeddable":true,"href":"https:\/\/pressmedias.ma\/index.php?rest_route=%2Fwp%2Fv2%2Fcategories&post=3163"},{"taxonomy":"post_tag","embeddable":true,"href":"https:\/\/pressmedias.ma\/index.php?rest_route=%2Fwp%2Fv2%2Ftags&post=3163"}],"curies":[{"name":"wp","href":"https:\/\/api.w.org\/{rel}","templated":true}]}}