{"id":3172,"date":"2025-10-10T22:03:45","date_gmt":"2025-10-10T21:03:45","guid":{"rendered":"https:\/\/pressmedias.ma\/?p=3172"},"modified":"2025-10-10T22:03:45","modified_gmt":"2025-10-10T21:03:45","slug":"une-session-ordinaire-au-service-du-developpement-socioeconomique-de-la-region","status":"publish","type":"post","link":"https:\/\/pressmedias.ma\/?p=3172","title":{"rendered":"Une session ordinaire au service du d\u00e9veloppement socio\u00e9conomique de la r\u00e9gion"},"content":{"rendered":"<p>Sous la pr\u00e9sidence de Adil Barakat, pr\u00e9sident du Conseil r\u00e9gional\u00a0 de Beni Mellal Kh\u00e9nifra, \u00a0et en pr\u00e9sence de Mohamed Benribag, wali de la r\u00e9gion, des membres du Conseil, des repr\u00e9sentants des services d\u00e9concentr\u00e9s, des instances consultatives institu\u00e9es aupr\u00e8s du Conseil, ainsi que des cadres de l\u2019administration r\u00e9gionale, de la wilaya et de \u00a0l\u2019Agence r\u00e9gionale d\u2019ex\u00e9cution des projets, le Conseil r\u00e9gional a tenu sa session ordinaire d\u2019octobre 2025 au si\u00e8ge de la wilaya , \u00e0 Beni Mellal<\/p>\n<p>Au d\u00e9but des travaux, le pr\u00e9sident du Conseil a pr\u00e9sent\u00e9 un rapport d\u2019information sur l\u2019ensemble des activit\u00e9s men\u00e9es par le Conseil pendant la p\u00e9riode intersessions. Cette session a \u00e9t\u00e9 marqu\u00e9e par l\u2019adoption du projet du budget de la r\u00e9gion au titre de l\u2019ann\u00e9e 2026, du budget annexe de la Maison de l\u2019\u00e9lu pour la m\u00eame ann\u00e9e, ainsi que du projet de programmation de l\u2019exc\u00e9dent pr\u00e9visionnel. Le Conseil a \u00e9galement examin\u00e9 et approuv\u00e9 un ensemble de projets de conventions de partenariat couvrant plusieurs secteurs.<\/p>\n<p>Dans une d\u00e9claration, le pr\u00e9sident du Conseil r\u00e9gional \u00a0a r\u00e9it\u00e9r\u00e9 l\u2019engagement de la r\u00e9gion \u00e0 poursuivre le soutien aux secteurs sociaux et \u00e9conomiques prioritaires, notamment la sant\u00e9, l\u2019\u00e9ducation, le tourisme, la culture, le sport et l\u2019industrie, en coh\u00e9rence avec la vision de d\u00e9veloppement globale du Royaume ajoutant que le Conseil r\u00e9gional ne m\u00e9nage aucun effort pour participer \u00e0 la r\u00e9alisation de projets socio\u00e9conomiques de grande envergure au niveau de la r\u00e9gion de Beni Mellal kh\u00e9nifra\u2026<\/p>\n<p>Pour sa par , M le Wali a mis l\u2019accent sur la n\u00e9cessit\u00e9\u00a0 d\u2019orienter\u00a0 le secteur socio\u00e9conomique au niveau de la r\u00e9gion\u00a0 surtout dans le domaine du tourisme et la cr\u00e9ation d\u2019activit\u00e9s g\u00e9n\u00e9ratrices de revenus afin de participer \u00e0 la promotion et \u00e0 la diversification des revenus.<\/p>\n<p>Dans le domaine de l\u2019am\u00e9nagement du territoire, du d\u00e9veloppement r\u00e9gional et de l\u2019environnement, le Conseil a approuv\u00e9 l\u2019avenant num\u00e9ro un \u00e0 la convention de partenariat et de coop\u00e9ration relative \u00e0 l\u2019assistance architecturale et technique en milieu rural, conclue entre le minist\u00e8re de l\u2019Am\u00e9nagement du territoire national, de l\u2019Urbanisme, de l\u2019Habitat et de la Politique de la ville, le minist\u00e8re de l\u2019\u00c9conomie et des Finances, et le Conseil r\u00e9gional B\u00e9ni Mellal Kh\u00e9nifra. Il a \u00e9galement valid\u00e9 un projet de convention de partenariat portant sur l\u2019am\u00e9nagement des entr\u00e9es de la ville et la cr\u00e9ation d\u2019espaces verts dans les places publiques de la commune d\u2019Oulad Ayad, dans la province de Fqih Ben Salah.<\/p>\n<p>Le Conseil a en outre adopt\u00e9 une convention relative au financement et \u00e0 la r\u00e9alisation de projets de syst\u00e8mes de vid\u00e9osurveillance dans les espaces publics, incluant les op\u00e9rations de maintenance et les \u00e9quipements de raccordement \u00e9lectrique et r\u00e9seau, au profit des villes de Fqih Ben Salah et de Souk Sebt. Il a aussi \u00e9tudi\u00e9 une convention concernant les travaux de protection contre les inondations du centre d\u2019Oulad Zmam, inscrite dans le cadre de l\u2019appel \u00e0 projets 2025 financ\u00e9 par le Fonds de lutte contre les effets des catastrophes naturelles.<\/p>\n<p>Dans le secteur des infrastructures et du transport, le Conseil a approuv\u00e9 une convention de partenariat portant sur le financement et la r\u00e9alisation du projet d\u2019assainissement liquide de la commune d\u2019Ahl Lmarbaa, en partenariat avec le minist\u00e8re de l\u2019Int\u00e9rieur, la commune territoriale Ahl Lmarbaa la R\u00e9gie autonome intercommunale de distribution d\u2019eau et d\u2019\u00e9lectricit\u00e9 de Tadla, et le Conseil r\u00e9gional B\u00e9ni Mellal Kh\u00e9nifra.<\/p>\n<p>Concernant le d\u00e9veloppement \u00e9conomique, social et sportif, le Conseil a valid\u00e9 l\u2019avenant num\u00e9ro un \u00e0 la convention de partenariat conclue avec le minist\u00e8re de la Sant\u00e9 et de la Protection sociale pour la r\u00e9habilitation et l\u2019\u00e9quipement du service de maternit\u00e9 de l\u2019h\u00f4pital r\u00e9gional de B\u00e9ni Mellal. Il a \u00e9galement approuv\u00e9 une convention visant la mise \u00e0 disposition d\u2019un terrain au profit du minist\u00e8re de la Sant\u00e9 pour la construction d\u2019un h\u00f4pital de proximit\u00e9 au centre de Ouaouizeght. Par ailleurs, le Conseil a examin\u00e9 en d\u00e9tail une convention relative \u00e0 la construction et \u00e0 l\u2019\u00e9quipement d\u2019un terrain de football dans la commune d\u2019A\u00efn Qeichr.<\/p>\n<p>Dans le domaine du tourisme, de la culture et de la jeunesse, le Conseil a adopt\u00e9 plusieurs conventions sp\u00e9cifiques de partenariat. L\u2019une d\u2019elles a \u00e9t\u00e9 conclue avec le minist\u00e8re de la Jeunesse, de la Culture et de la Communication et la soci\u00e9t\u00e9 de transport urbain Prima Bus (PRIMBUS) pour soutenir les services de transport public destin\u00e9s aux jeunes dans la province de Fqih Ben Salah, dans le cadre du programme \u00ab Pass Jeunes \u00bb. D\u2019autres conventions similaires ont \u00e9t\u00e9 sign\u00e9es avec le m\u00eame minist\u00e8re, l\u2019\u00e9tablissement de coop\u00e9ration intercommunale Fzaz et la soci\u00e9t\u00e9 Karama Bus Kh\u00e9nifra pour la province de Kh\u00e9nifra, ainsi qu\u2019avec le groupement des collectivit\u00e9s territoriales \u00ab Al Atlas \u00bb et la soci\u00e9t\u00e9 Karama Bus B\u00e9ni Mellal pour la province de B\u00e9ni Mellal.<\/p>\n<p>Ces partenariats permettront de renforcer les services de transport urbain au profit des \u00e9tudiants dans les trois provinces pr\u00e9cit\u00e9es, avant d\u2019\u00e9tendre l\u2019initiative \u00e0 Khouribga et Azilal. Le Conseil a \u00e9galement valid\u00e9 une convention avec la Soci\u00e9t\u00e9 de d\u00e9veloppement r\u00e9gional \u00ab Atlas Touristique \u00bb pour la gestion de l\u2019unit\u00e9 h\u00f4teli\u00e8re Ouzoud \u00e0 B\u00e9ni Mellal.<\/p>\n<p>Dans le cadre de la promotion de la d\u00e9mocratie participative et de la gouvernance ouverte, et conform\u00e9ment aux engagements du Conseil dans le cadre du Programme des gouvernements locaux ouverts, une p\u00e9tition pr\u00e9sent\u00e9e par l\u2019association \u00ab Maroc d\u2019Avenir \u00bb a \u00e9t\u00e9 examin\u00e9e. Celle-ci propose la cr\u00e9ation d\u2019un institut de formation aux m\u00e9tiers du cin\u00e9ma destin\u00e9 \u00e0 accompagner le Festival du cin\u00e9ma africain de Khouribga. Ce projet illustre la coh\u00e9rence du Conseil avec sa vision et ses objectifs \u00e0 travers la mobilisation des instances consultatives, l\u2019\u00e9laboration d\u2019un programme de d\u00e9veloppement r\u00e9gional ouvert, la publication d\u2019un budget citoyen, le renforcement de la communication interne et externe, le traitement des dol\u00e9ances des citoyens et la garantie du droit d\u2019acc\u00e8s \u00e0 l\u2019information.<\/p>\n<p>Les membres du Conseil ont r\u00e9affirm\u00e9 leur attachement aux valeurs fondamentales de la Nation et ont salu\u00e9 la dynamique de d\u00e9veloppement que conna\u00eet le Royaume sous la conduite \u00e9clair\u00e9e de Sa Majest\u00e9 le Roi Mohammed VI, que Dieu L\u2019assiste. Cette dynamique a fait du Maroc un mod\u00e8le en mati\u00e8re de d\u00e9veloppement durable, d\u2019attractivit\u00e9 des investissements et de cr\u00e9ation d\u2019emplois.<\/p>\n<p><strong>SAID FRIX ALM<\/strong><\/p>\n","protected":false},"excerpt":{"rendered":"<p>Sous la pr\u00e9sidence de Adil Barakat, pr\u00e9sident du Conseil r\u00e9gional\u00a0 de Beni Mellal Kh\u00e9nifra, \u00a0et en pr\u00e9sence de Mohamed Benribag, wali de la r\u00e9gion, des membres du Conseil, des repr\u00e9sentants des services d\u00e9concentr\u00e9s, des instances consultatives institu\u00e9es aupr\u00e8s du Conseil, ainsi que des cadres de l\u2019administration r\u00e9gionale, de la wilaya et de \u00a0l\u2019Agence r\u00e9gionale d\u2019ex\u00e9cution [&hellip;]<\/p>\n","protected":false},"author":4,"featured_media":3173,"comment_status":"open","ping_status":"open","sticky":false,"template":"","format":"standard","meta":{"footnotes":""},"categories":[1],"tags":[],"class_list":["post-3172","post","type-post","status-publish","format-standard","has-post-thumbnail","hentry","category-1"],"_links":{"self":[{"href":"https:\/\/pressmedias.ma\/index.php?rest_route=\/wp\/v2\/posts\/3172","targetHints":{"allow":["GET"]}}],"collection":[{"href":"https:\/\/pressmedias.ma\/index.php?rest_route=\/wp\/v2\/posts"}],"about":[{"href":"https:\/\/pressmedias.ma\/index.php?rest_route=\/wp\/v2\/types\/post"}],"author":[{"embeddable":true,"href":"https:\/\/pressmedias.ma\/index.php?rest_route=\/wp\/v2\/users\/4"}],"replies":[{"embeddable":true,"href":"https:\/\/pressmedias.ma\/index.php?rest_route=%2Fwp%2Fv2%2Fcomments&post=3172"}],"version-history":[{"count":1,"href":"https:\/\/pressmedias.ma\/index.php?rest_route=\/wp\/v2\/posts\/3172\/revisions"}],"predecessor-version":[{"id":3174,"href":"https:\/\/pressmedias.ma\/index.php?rest_route=\/wp\/v2\/posts\/3172\/revisions\/3174"}],"wp:featuredmedia":[{"embeddable":true,"href":"https:\/\/pressmedias.ma\/index.php?rest_route=\/wp\/v2\/media\/3173"}],"wp:attachment":[{"href":"https:\/\/pressmedias.ma\/index.php?rest_route=%2Fwp%2Fv2%2Fmedia&parent=3172"}],"wp:term":[{"taxonomy":"category","embeddable":true,"href":"https:\/\/pressmedias.ma\/index.php?rest_route=%2Fwp%2Fv2%2Fcategories&post=3172"},{"taxonomy":"post_tag","embeddable":true,"href":"https:\/\/pressmedias.ma\/index.php?rest_route=%2Fwp%2Fv2%2Ftags&post=3172"}],"curies":[{"name":"wp","href":"https:\/\/api.w.org\/{rel}","templated":true}]}}