{"id":3274,"date":"2025-11-07T15:49:55","date_gmt":"2025-11-07T14:49:55","guid":{"rendered":"https:\/\/pressmedias.ma\/?p=3274"},"modified":"2025-11-07T15:49:55","modified_gmt":"2025-11-07T14:49:55","slug":"formation-decouverte-et-solidarite-les-temps-forts-des-journees-dintegration","status":"publish","type":"post","link":"https:\/\/pressmedias.ma\/?p=3274","title":{"rendered":"Formation, d\u00e9couverte et solidarit\u00e9 : les temps forts des journ\u00e9es d\u2019int\u00e9gration"},"content":{"rendered":"<p>En pr\u00e9sence du vice-pr\u00e9sident \u00a0de l\u2019universit\u00e9 sultan Moulay Slimane charg\u00e9 des affaires acad\u00e9miques et estudiantines , du Doyen de la facult\u00e9 de m\u00e9decine et pharmacie , du corps enseignant et administratif , d\u2019un grand nombre d\u2019\u00e9tudiants\u2026,la facult\u00e9 de m\u00e9decine et de pharmacie de Beni Mellal a organis\u00e9 ,les 3 et 4 Novembre 2025, les journ\u00e9es d\u2019int\u00e9gration au campus universit\u00e9 sultan Moulay Slimane \u00e0 Mghila , Beni Mellal.<\/p>\n<p>Dans une allocution d\u2019ouverture , Mohammed Sajieddine vice -pr\u00e9sident \u00e0 l\u2019USMS ,charg\u00e9 des affaires acad\u00e9miques et estudiantines a d\u2019abord mis en exergue la vision\u00a0 strat\u00e9gique et le leadership novateur\u00a0 de Sa Majest\u00e9 le Roi Mohammed VI , que Dieu l\u2019assiste et l\u2019exploit de la diplomatie marocaine qui a triomph\u00e9 des \u00e9lucubrations des ennemis de notre int\u00e9grit\u00e9 territoriale \u00ab\u00a0Permettez-moi d\u2019exprimer ma fiert\u00e9 quant aux succ\u00e8s majeurs r\u00e9cemment accomplis par notre pays, sous la conduite \u00e9clair\u00e9e de Sa Majest\u00e9 le Roi Mohammed VI, que Dieu L\u2019assiste. Gr\u00e2ce \u00e0 la vision strat\u00e9gique et au leadership novateur de notre Souverain, la diplomatie marocaine a connu des avanc\u00e9es remarquables. Cet \u00e9v\u00e9nement s\u2019inscrit dans un contexte national marqu\u00e9 par la r\u00e9ussite et la prosp\u00e9rit\u00e9 de nos provinces sahariennes, symboles du courage et de la d\u00e9termination du peuple marocain \u00e0 d\u00e9fendre l\u2019int\u00e9grit\u00e9 territoriale de notre Royaume.\u00a0\u00bb a-t-il not\u00e9 , ajoutant que le progr\u00e8s que nous c\u00e9l\u00e9brons aujourd\u2019hui constitue pour nous tous une source d\u2019inspiration et de motivation afin d\u2019aller toujours plus loin. \u00c0 ceux qui entament leur parcours universitaire, il revient de perp\u00e9tuer cet esprit de victoire et de r\u00e9ussite nationale, en s\u2019engageant r\u00e9solument dans l\u2019effort, la pers\u00e9v\u00e9rance et l\u2019excellence acad\u00e9mique. La Facult\u00e9 met \u00e0 leur disposition un encadrement de haut niveau, compos\u00e9 des meilleurs enseignants et praticiens marocains, dirig\u00e9s par une \u00e9quipe reconnue pour son efficacit\u00e9, sa rigueur et son esprit d\u2019innovation. Et de poursuivre qu\u2019en c\u00e9l\u00e9brant ces moments empreints d\u2019optimisme et de fiert\u00e9, le peuple marocain place en sa jeunesse de grands espoirs. Elle repr\u00e9sente l\u2019avenir de notre syst\u00e8me de sant\u00e9 et les dignes h\u00e9ritiers d\u2019une g\u00e9n\u00e9ration d\u2019excellence. Concernant la facult\u00e9 de m\u00e9decine et de pharmacie , le responsable a ajout\u00e9 que la Pr\u00e9sidence de l\u2019Universit\u00e9 Sultan Moulay Slimane accorde une attention particuli\u00e8re \u00e0 cette facult\u00e9 et ne m\u00e9nage aucun effort pour offrir les meilleures conditions d\u2019apprentissage et de formation. Je formule enfin le v\u0153u sinc\u00e8re que cette nouvelle \u00e9tape soit pour tous une source d\u2019\u00e9panouissement, de savoir et de r\u00e9ussite au service de notre pays.<\/p>\n<p>Pour sa part , Abderrahim Rafaoui, Doyen de la facult\u00e9 de m\u00e9decine et de pharmacie de Beni Mellal a mis d\u2019abord l\u2019accent sur les objectifs de ces journ\u00e9es d\u2019int\u00e9gration tout en rendant un vibrant hommage au pr\u00e9sident de l\u2019USMS , aux enseignants chercheurs et au corps administratif \u00ab\u00a0Je tiens \u00e0 exprimer toute ma reconnaissance \u00e0 nos enseignants pour leur implication exemplaire, \u00e0 notre personnel administratif pour son engagement constant, ainsi qu\u2019\u00e0 nos \u00e9tudiantes et \u00e9tudiants, v\u00e9ritables acteurs de la mission \u00e9ducative et scientifique qui nous anime. Je souhaite adresser mes plus sinc\u00e8res f\u00e9licitations \u00e0 la nouvelle promotion d\u2019\u00e9tudiants de premi\u00e8re ann\u00e9e pour leur admission m\u00e9rit\u00e9e, ainsi qu\u2019\u00e0 ceux de deuxi\u00e8me et de troisi\u00e8me ann\u00e9es pour leurs excellents r\u00e9sultats. Le taux de r\u00e9ussite remarquable enregistr\u00e9 cette ann\u00e9e illustre la rigueur, la pers\u00e9v\u00e9rance et le sens du devoir qui caract\u00e9risent nos \u00e9tudiants, mais aussi la qualit\u00e9 de l\u2019encadrement p\u00e9dagogique et administratif dont ils b\u00e9n\u00e9ficient\u00a0\u00bb a-t-il fait savoir et de poursuivre \u00a0qu\u2019il est d\u2019autant plus significatif que cette journ\u00e9e co\u00efncide avec la comm\u00e9moration de la Marche Verte, un \u00e9v\u00e9nement fondateur de notre histoire nationale, porteur de valeurs de courage, de solidarit\u00e9 et de confiance en l\u2019avenir. Cette ann\u00e9e, cette comm\u00e9moration rev\u00eat une dimension exceptionnelle, marqu\u00e9e par la reconnaissance par l\u2019Organisation des Nations unies du plan d\u2019autonomie propos\u00e9 par le Maroc comme unique base s\u00e9rieuse et cr\u00e9dible pour le r\u00e8glement d\u00e9finitif du diff\u00e9rend concernant notre Sahara marocain. Il s\u2019agit l\u00e0 d\u2019une victoire diplomatique majeure consacrant la l\u00e9gitimit\u00e9 de notre cause nationale. \u00c0 cette occasion, nous exprimons nos f\u00e9licitations les plus chaleureuses \u00e0 Sa Majest\u00e9 le Roi Mohammed VI, que Dieu L\u2019assiste. Gr\u00e2ce \u00e0 Sa vision \u00e9clair\u00e9e, \u00e0 Sa diplomatie proactive et \u00e0 Sa d\u00e9termination constante, le Maroc poursuit avec assurance son chemin vers l\u2019unit\u00e9, le d\u00e9veloppement et le progr\u00e8s.\u00a0\u00bb.<\/p>\n<p>Quant \u00e0 l\u2019allocution du repr\u00e9sentant des \u00e9tudiants , elle a d\u2019abord \u00a0port\u00e9 sur la cons\u00e9cration de la r\u00e9cente d\u00e9cision historique concernant le Sahara marocain\u00a0 \u00ab\u00a0Permettez-moi de commencer ce discours en rendant hommage \u00e0 la joie et \u00e0 la fiert\u00e9 qui animent aujourd\u2019hui tous les Marocains, \u00e0 travers le royaume et au-del\u00e0 de ses fronti\u00e8res. Comme l\u2019a soulign\u00e9 avec justesse M. le Doyen, la d\u00e9cision historique r\u00e9cente concernant notre Sahara ne se limite pas \u00e0 un \u00e9v\u00e9nement diplomatique : elle constitue un moment solennel qui r\u00e9affirme l\u2019unit\u00e9 nationale et la l\u00e9gitimit\u00e9 de notre pays. Cet instant exceptionnel renforce notre fiert\u00e9 d\u2019\u00eatre Marocains et nous rappelle notre responsabilit\u00e9 collective : contribuer, chacun \u00e0 notre mani\u00e8re, au d\u00e9veloppement et au progr\u00e8s de la nation\u00a0\u00bb.<\/p>\n<p>En s\u2019adressant aux \u00e9tudiants , il a d\u00e9clar\u00e9 que \u00ab\u00a0Votre pr\u00e9sence ici est le fruit d\u2019un travail acharn\u00e9 et de nombreux sacrifices. Discipline, patience et ambition vous ont permis d\u2019atteindre cette \u00e9tape importante, et votre place est pleinement m\u00e9rit\u00e9e. Le parcours qui vous attend sera exigeant : nuits blanches, difficult\u00e9s et moments de doute ponctueront votre quotidien. Toutefois, chaque effort vous rapprochera du professionnel de sant\u00e9, du m\u00e9decin ou du chercheur que vous aspirez \u00e0 devenir. Rappelez-vous que vous n\u2019\u00eates pas seuls : vos enseignants, vos camarades et l\u2019ensemble de la communaut\u00e9 universitaire sont l\u00e0 pour vous accompagner et vous soutenir \u00e0 chaque \u00e9tape. Je vous invite \u00e0 croire en vous, \u00e0 rester curieux, solidaires et engag\u00e9s, tout en conservant humilit\u00e9 et ouverture. Travaillez avec votre c\u0153ur et votre esprit, investissez-vous avec passion, car vous \u00eates l\u2019avenir de la sant\u00e9 de notre pays et une source de fiert\u00e9 pour tous.\u00a0\u00bb<\/p>\n<p><strong>SAID FRIX ALM<\/strong><\/p>\n","protected":false},"excerpt":{"rendered":"<p>En pr\u00e9sence du vice-pr\u00e9sident \u00a0de l\u2019universit\u00e9 sultan Moulay Slimane charg\u00e9 des affaires acad\u00e9miques et estudiantines , du Doyen de la facult\u00e9 de m\u00e9decine et pharmacie , du corps enseignant et administratif , d\u2019un grand nombre d\u2019\u00e9tudiants\u2026,la facult\u00e9 de m\u00e9decine et de pharmacie de Beni Mellal a organis\u00e9 ,les 3 et 4 Novembre 2025, les journ\u00e9es [&hellip;]<\/p>\n","protected":false},"author":4,"featured_media":3275,"comment_status":"open","ping_status":"open","sticky":false,"template":"","format":"standard","meta":{"footnotes":""},"categories":[1],"tags":[],"class_list":["post-3274","post","type-post","status-publish","format-standard","has-post-thumbnail","hentry","category-1"],"_links":{"self":[{"href":"https:\/\/pressmedias.ma\/index.php?rest_route=\/wp\/v2\/posts\/3274","targetHints":{"allow":["GET"]}}],"collection":[{"href":"https:\/\/pressmedias.ma\/index.php?rest_route=\/wp\/v2\/posts"}],"about":[{"href":"https:\/\/pressmedias.ma\/index.php?rest_route=\/wp\/v2\/types\/post"}],"author":[{"embeddable":true,"href":"https:\/\/pressmedias.ma\/index.php?rest_route=\/wp\/v2\/users\/4"}],"replies":[{"embeddable":true,"href":"https:\/\/pressmedias.ma\/index.php?rest_route=%2Fwp%2Fv2%2Fcomments&post=3274"}],"version-history":[{"count":1,"href":"https:\/\/pressmedias.ma\/index.php?rest_route=\/wp\/v2\/posts\/3274\/revisions"}],"predecessor-version":[{"id":3276,"href":"https:\/\/pressmedias.ma\/index.php?rest_route=\/wp\/v2\/posts\/3274\/revisions\/3276"}],"wp:featuredmedia":[{"embeddable":true,"href":"https:\/\/pressmedias.ma\/index.php?rest_route=\/wp\/v2\/media\/3275"}],"wp:attachment":[{"href":"https:\/\/pressmedias.ma\/index.php?rest_route=%2Fwp%2Fv2%2Fmedia&parent=3274"}],"wp:term":[{"taxonomy":"category","embeddable":true,"href":"https:\/\/pressmedias.ma\/index.php?rest_route=%2Fwp%2Fv2%2Fcategories&post=3274"},{"taxonomy":"post_tag","embeddable":true,"href":"https:\/\/pressmedias.ma\/index.php?rest_route=%2Fwp%2Fv2%2Ftags&post=3274"}],"curies":[{"name":"wp","href":"https:\/\/api.w.org\/{rel}","templated":true}]}}