{"id":3288,"date":"2025-11-21T11:26:46","date_gmt":"2025-11-21T10:26:46","guid":{"rendered":"https:\/\/pressmedias.ma\/?p=3288"},"modified":"2025-11-21T11:26:46","modified_gmt":"2025-11-21T10:26:46","slug":"un-tournant-historique-le-conseil-de-securite-des-nations-unies-adopte-la-resolution-2797-en-faveur-de-lautonomie-au-sahara-marocain","status":"publish","type":"post","link":"https:\/\/pressmedias.ma\/?p=3288","title":{"rendered":"Un tournant historique : le Conseil de s\u00e9curit\u00e9 des Nations unies adopte la r\u00e9solution 2797 en faveur de l\u2019autonomie  au  Sahara marocain"},"content":{"rendered":"<p>Vendredi 31 octobre 2025, le Conseil de s\u00e9curit\u00e9 de l\u2019Organisation des Nations unies (ONU) a adopt\u00e9 la r\u00e9solution 2797 par onze voix pour, aucune contre et trois abstentions. Ce texte place au c\u0153ur de l\u2019agenda international l\u2019id\u00e9e d\u2019une large autonomie pour le Sahara marocain, sous la souverainet\u00e9 du Royaume du Maroc.<\/p>\n<p>Dans une d\u00e9claration \u00e0 ALM , \u00a0Khalid Mansori coordinateur r\u00e9gional du RNI , r\u00e9gion de Beni Mellal kh\u00e9nifra a soulign\u00e9 que Cette d\u00e9cision marque un tournant majeur dans le processus politique men\u00e9 sous l\u2019\u00e9gide exclusive des Nations unies. \u00ab\u00a0Elle vient consacrer les efforts constants du Royaume du Maroc, sous la conduite \u00e9clair\u00e9e de Sa Majest\u00e9 le Roi Mohammed VI, que Dieu L\u2019assiste, en faveur d\u2019une solution pacifique, durable et fond\u00e9e sur le dialogue et la coop\u00e9ration. Le Conseil de s\u00e9curit\u00e9, \u00e0 travers cette position, r\u00e9affirme \u00e9galement son attachement \u00e0 la stabilit\u00e9 et \u00e0 la prosp\u00e9rit\u00e9 de la r\u00e9gion, tout en saluant l\u2019engagement du Maroc pour le d\u00e9veloppement \u00e9conomique et social des provinces du Sud\u2026Au si\u00e8ge du RNI \u00e0 Beni Mellal et dans toute la ville , hommes , femmes et enfants \u00a0.\u00a0\u00bb a-t-il ajout\u00e9<\/p>\n<p>Pour sa part, Mouhsine Idali , coordinateur r\u00e9gional du r\u00e9seau des professeurs universitaires du RNI \u00e0 la r\u00e9gion de Beni Mellal kh\u00e9nifra a not\u00e9 que \u00ab\u00a0Cette d\u00e9cision constitue un message clair \u00e0 la communaut\u00e9 internationale : la solution r\u00e9aliste, pragmatique et durable \u00e0 la question du Sahara r\u00e9side dans l\u2019initiative d\u2019autonomie propos\u00e9e par le Maroc. Cette d\u00e9cision est une reconnaissance internationale de la marocanit\u00e9 du Sahara,\u00a0 11 Etats pour , 3 abstentions et 0 contre , c\u2019est une position historique de la communaut\u00e9 internationale. A Beni Mellal , \u00e0 l\u2019instar des autres villes du Maroc , le peuple marocain est descendu spontan\u00e9ment dans les rues pour c\u00e9l\u00e9brer l\u2019adoption historique par le Conseil de s\u00e9curit\u00e9 de la r\u00e9solution consacrant l\u2019autonomie du Sahara sous souverainet\u00e9 marocaine. Brandissant les drapeaux nationaux et entonnant l\u2019hymne du pays, les citoyens ont exprim\u00e9 leur fiert\u00e9 et leur joie face \u00e0 cette d\u00e9cision qualifi\u00e9e de tournant majeur dans le dossier du Sahara. Cette mobilisation populaire, empreinte d\u2019un profond patriotisme, traduit l\u2019attachement ind\u00e9fectible des Marocains \u00e0 l\u2019unit\u00e9 de leur territoire et leur soutien constant \u00e0 l\u2019initiative d\u2019autonomie propos\u00e9e par le Royaume. C\u2019est un jour m\u00e9morable dans l\u2019histoire de notre pays, un jour qui consacre l\u2019\u00e9l\u00e9vation diplomatique de la monarchie et qui montre au monde entier que notre nation est celle des droits reconnus par la communaut\u00e9 internationale, mais aussi celle de la tol\u00e9rance. Comme l\u2019a soulign\u00e9 le discours de Sa Majest\u00e9 le Roi, celui-ci tend une nouvelle fois la main \u00e0 notre voisin alg\u00e9rien et se d\u00e9clare pr\u00eat au dialogue et \u00e0 la discussion dans un cadre gagnant-gagnant.\u00a0\u00bb<\/p>\n<p>La r\u00e9solution 2797 marque un changement notable dans la position de la communaut\u00e9 internationale. Elle reconna\u00eet explicitement que le plan marocain d\u2019autonomie constitue une base \u00ab cr\u00e9dible \u00bb et \u00ab r\u00e9aliste \u00bb pour parvenir \u00e0 une solution politique durable \u00e0 ce diff\u00e9rend r\u00e9gional.<\/p>\n<p>Sur le plan op\u00e9rationnel, la r\u00e9solution prolonge le mandat de la MINURSO jusqu\u2019\u00e0 la fin du mois d\u2019octobre 2026, soit pour une ann\u00e9e suppl\u00e9mentaire. Elle affirme que l\u2019initiative marocaine d\u2019autonomie repr\u00e9sente la solution la plus cr\u00e9dible et la plus pragmatique pour instaurer une paix durable dans la r\u00e9gion. Elle invite \u00e9galement les parties concern\u00e9es, notamment le Maroc, le Front Polisario et les autres acteurs r\u00e9gionaux, \u00e0 reprendre les n\u00e9gociations sans conditions pr\u00e9alables, en prenant comme base de discussion le plan d\u2019autonomie pr\u00e9sent\u00e9 par le Royaume. Le texte souligne, par ailleurs, le r\u00f4le du Secr\u00e9taire g\u00e9n\u00e9ral des Nations unies et de son envoy\u00e9 sp\u00e9cial dans l\u2019accompagnement et la facilitation de ce processus. Sur le plan politique et diplomatique, l\u2019adoption de cette r\u00e9solution\u00a0 qui est une cons\u00e9cration pour le Maroc \u00a0est salu\u00e9e comme un jalon majeur et un moment d\u00e9cisif vers la reconnaissance internationale de la marocanit\u00e9 du Sahara.<\/p>\n","protected":false},"excerpt":{"rendered":"<p>Vendredi 31 octobre 2025, le Conseil de s\u00e9curit\u00e9 de l\u2019Organisation des Nations unies (ONU) a adopt\u00e9 la r\u00e9solution 2797 par onze voix pour, aucune contre et trois abstentions. Ce texte place au c\u0153ur de l\u2019agenda international l\u2019id\u00e9e d\u2019une large autonomie pour le Sahara marocain, sous la souverainet\u00e9 du Royaume du Maroc. Dans une d\u00e9claration \u00e0 [&hellip;]<\/p>\n","protected":false},"author":4,"featured_media":3289,"comment_status":"open","ping_status":"open","sticky":false,"template":"","format":"standard","meta":{"footnotes":""},"categories":[1],"tags":[],"class_list":["post-3288","post","type-post","status-publish","format-standard","has-post-thumbnail","hentry","category-1"],"_links":{"self":[{"href":"https:\/\/pressmedias.ma\/index.php?rest_route=\/wp\/v2\/posts\/3288","targetHints":{"allow":["GET"]}}],"collection":[{"href":"https:\/\/pressmedias.ma\/index.php?rest_route=\/wp\/v2\/posts"}],"about":[{"href":"https:\/\/pressmedias.ma\/index.php?rest_route=\/wp\/v2\/types\/post"}],"author":[{"embeddable":true,"href":"https:\/\/pressmedias.ma\/index.php?rest_route=\/wp\/v2\/users\/4"}],"replies":[{"embeddable":true,"href":"https:\/\/pressmedias.ma\/index.php?rest_route=%2Fwp%2Fv2%2Fcomments&post=3288"}],"version-history":[{"count":1,"href":"https:\/\/pressmedias.ma\/index.php?rest_route=\/wp\/v2\/posts\/3288\/revisions"}],"predecessor-version":[{"id":3290,"href":"https:\/\/pressmedias.ma\/index.php?rest_route=\/wp\/v2\/posts\/3288\/revisions\/3290"}],"wp:featuredmedia":[{"embeddable":true,"href":"https:\/\/pressmedias.ma\/index.php?rest_route=\/wp\/v2\/media\/3289"}],"wp:attachment":[{"href":"https:\/\/pressmedias.ma\/index.php?rest_route=%2Fwp%2Fv2%2Fmedia&parent=3288"}],"wp:term":[{"taxonomy":"category","embeddable":true,"href":"https:\/\/pressmedias.ma\/index.php?rest_route=%2Fwp%2Fv2%2Fcategories&post=3288"},{"taxonomy":"post_tag","embeddable":true,"href":"https:\/\/pressmedias.ma\/index.php?rest_route=%2Fwp%2Fv2%2Ftags&post=3288"}],"curies":[{"name":"wp","href":"https:\/\/api.w.org\/{rel}","templated":true}]}}