{"id":3292,"date":"2025-11-21T11:26:01","date_gmt":"2025-11-21T10:26:01","guid":{"rendered":"https:\/\/pressmedias.ma\/?p=3292"},"modified":"2025-11-21T11:26:01","modified_gmt":"2025-11-21T10:26:01","slug":"loffre-de-sante-regionale-se-renforce-avec-la-mise-en-service-de-cinq-nouveaux-centres-de-sante-dans-trois-provinces-de-la-region-beni-mellal-khenifra","status":"publish","type":"post","link":"https:\/\/pressmedias.ma\/?p=3292","title":{"rendered":"L\u2019offre de sant\u00e9 r\u00e9gionale se renforce avec la mise en service de cinq nouveaux centres de sant\u00e9 dans trois provinces de la r\u00e9gion B\u00e9ni Mellal-Kh\u00e9nifra."},"content":{"rendered":"<p style=\"text-align: justify;\"><span style=\"font-size: 14.0pt; color: #7030a0;\">Conform\u00e9ment aux Hautes Orientations Royales de Sa Majest\u00e9 le Roi Mohammed VI, que Dieu L\u2019assiste, visant \u00e0 parachever la r\u00e9forme du syst\u00e8me national de sant\u00e9, et sur instructions du ministre de la Sant\u00e9 et de la Protection sociale, M. Amine Tahraoui, le coup d\u2019envoi officiel a \u00e9t\u00e9 donn\u00e9 au niveau de la r\u00e9gion B\u00e9ni Mellal-Kh\u00e9nifra pour la r\u00e9ouverture de cinq nouveaux centres de sant\u00e9, urbains et ruraux, r\u00e9partis entre les provinces de B\u00e9ni Mellal (un centre), Khouribga (un centre) et Kh\u00e9nifra (trois centres).<\/span><\/p>\n<p style=\"text-align: justify;\"><span style=\"font-size: 14.0pt;\">Ces \u00e9tablissements viennent s\u2019ajouter aux 72 centres de sant\u00e9 d\u00e9j\u00e0 mis en service dans la r\u00e9gion, sur un total de 144 structures programm\u00e9es dans le cadre du plan gouvernemental de r\u00e9habilitation de 1 400 \u00e9tablissements de sant\u00e9 \u00e0 l\u2019\u00e9chelle nationale. Ce programme vise \u00e0 renforcer l\u2019offre sanitaire r\u00e9gionale, \u00e0 am\u00e9liorer l\u2019acc\u00e8s de la population \u00e0 des services de sant\u00e9 de qualit\u00e9, r\u00e9pondant aux exigences de proximit\u00e9 et d\u2019\u00e9quit\u00e9, tout en prenant en consid\u00e9ration la dimension territoriale et la justice sociale dans la r\u00e9partition des infrastructures.<\/span><\/p>\n<p style=\"text-align: justify;\"><span style=\"font-size: 14.0pt;\">Au niveau de la province de B\u00e9ni Mellal, le centre de sant\u00e9 urbain de premier niveau <em>R\u2019mila<\/em> a \u00e9t\u00e9 r\u00e9habilit\u00e9 et rouvert. Il dessert une population estim\u00e9e \u00e0 21 456 habitants et dispose d\u2019un effectif compos\u00e9 d\u2019un m\u00e9decin g\u00e9n\u00e9raliste, de deux chirurgiens-dentistes, de sept infirmiers, d\u2019une sage-femme et d\u2019un aide-soignant.<\/span><\/p>\n<p style=\"text-align: justify;\"><span style=\"font-size: 14.0pt;\">Dans la province de Khouribga, le centre de sant\u00e9 urbain de deuxi\u00e8me niveau <em>20 Ao\u00fbt<\/em> de la commune d\u2019Oued Zem a \u00e9galement \u00e9t\u00e9 r\u00e9am\u00e9nag\u00e9 et remis en service. Il b\u00e9n\u00e9ficie \u00e0 une population d\u2019environ 33 897 habitants et compte une \u00e9quipe m\u00e9dicale constitu\u00e9e d\u2019un m\u00e9decin g\u00e9n\u00e9raliste, d\u2019un chirurgien-dentiste, de trois infirmiers, d\u2019un aide-soignant, d\u2019un cadre administratif et d\u2019un cadre technique.<\/span><\/p>\n<p style=\"text-align: justify;\"><span style=\"font-size: 14.0pt;\">S\u2019agissant de la province de Kh\u00e9nifra, trois centres de sant\u00e9 ont \u00e9t\u00e9 concern\u00e9s par cette op\u00e9ration : le centre urbain de premier niveau <em>Asaka<\/em>, qui assure les soins de sant\u00e9 pour plus de 18 477 habitants, avec un personnel compos\u00e9 d\u2019un m\u00e9decin g\u00e9n\u00e9raliste, de cinq infirmiers polyvalents et d\u2019une sage-femme ; le centre rural de premier niveau <em>Sidi Yahya Oussa\u00efd<\/em>, au service d\u2019une population estim\u00e9e \u00e0 5 220 habitants, avec deux infirmiers polyvalents ; et enfin le dispensaire rural <em>Taskart<\/em>, qui cible environ 1 912 habitants et dispose d\u2019un infirmier polyvalent.<\/span><\/p>\n<p style=\"text-align: justify;\"><span style=\"font-size: 14.0pt;\">Il convient de souligner que ces \u00e9tablissements, r\u00e9habilit\u00e9s et remis en service, offrent un ensemble de prestations essentielles, notamment les consultations m\u00e9dicales, les soins de sant\u00e9 primaires, le suivi de grossesse, la sant\u00e9 reproductive, la vaccination, la prise en charge des maladies chroniques, ainsi que des actions de sensibilisation, d\u2019\u00e9ducation sanitaire, de surveillance \u00e9pid\u00e9miologique et de sant\u00e9 mobile. Ces services sont assur\u00e9s dans le respect des principes de proximit\u00e9, de dignit\u00e9 et d\u2019efficacit\u00e9.<\/span><\/p>\n<p style=\"text-align: justify;\"><span style=\"font-size: 14.0pt;\">Ce chantier sanitaire constitue une nouvelle \u00e9tape dans la mise en \u0153uvre de la r\u00e9forme structurelle du syst\u00e8me national de sant\u00e9, visant \u00e0 renforcer la confiance des citoyens dans le service public et \u00e0 consacrer l\u2019\u00e9quit\u00e9 territoriale dans l\u2019acc\u00e8s au droit \u00e0 la sant\u00e9.<\/span><\/p>\n<p style=\"text-align: justify;\"><b><span style=\"font-size: 14.0pt;\">SAID FRIX ALM<\/span><\/b><\/p>\n","protected":false},"excerpt":{"rendered":"<p>Conform\u00e9ment aux Hautes Orientations Royales de Sa Majest\u00e9 le Roi Mohammed VI, que Dieu L\u2019assiste, visant \u00e0 parachever la r\u00e9forme du syst\u00e8me national de sant\u00e9, et sur instructions du ministre de la Sant\u00e9 et de la Protection sociale, M. Amine Tahraoui, le coup d\u2019envoi officiel a \u00e9t\u00e9 donn\u00e9 au niveau de la r\u00e9gion B\u00e9ni Mellal-Kh\u00e9nifra [&hellip;]<\/p>\n","protected":false},"author":4,"featured_media":2723,"comment_status":"open","ping_status":"open","sticky":false,"template":"","format":"standard","meta":{"footnotes":""},"categories":[1],"tags":[],"class_list":["post-3292","post","type-post","status-publish","format-standard","has-post-thumbnail","hentry","category-1"],"_links":{"self":[{"href":"https:\/\/pressmedias.ma\/index.php?rest_route=\/wp\/v2\/posts\/3292","targetHints":{"allow":["GET"]}}],"collection":[{"href":"https:\/\/pressmedias.ma\/index.php?rest_route=\/wp\/v2\/posts"}],"about":[{"href":"https:\/\/pressmedias.ma\/index.php?rest_route=\/wp\/v2\/types\/post"}],"author":[{"embeddable":true,"href":"https:\/\/pressmedias.ma\/index.php?rest_route=\/wp\/v2\/users\/4"}],"replies":[{"embeddable":true,"href":"https:\/\/pressmedias.ma\/index.php?rest_route=%2Fwp%2Fv2%2Fcomments&post=3292"}],"version-history":[{"count":2,"href":"https:\/\/pressmedias.ma\/index.php?rest_route=\/wp\/v2\/posts\/3292\/revisions"}],"predecessor-version":[{"id":3343,"href":"https:\/\/pressmedias.ma\/index.php?rest_route=\/wp\/v2\/posts\/3292\/revisions\/3343"}],"wp:featuredmedia":[{"embeddable":true,"href":"https:\/\/pressmedias.ma\/index.php?rest_route=\/wp\/v2\/media\/2723"}],"wp:attachment":[{"href":"https:\/\/pressmedias.ma\/index.php?rest_route=%2Fwp%2Fv2%2Fmedia&parent=3292"}],"wp:term":[{"taxonomy":"category","embeddable":true,"href":"https:\/\/pressmedias.ma\/index.php?rest_route=%2Fwp%2Fv2%2Fcategories&post=3292"},{"taxonomy":"post_tag","embeddable":true,"href":"https:\/\/pressmedias.ma\/index.php?rest_route=%2Fwp%2Fv2%2Ftags&post=3292"}],"curies":[{"name":"wp","href":"https:\/\/api.w.org\/{rel}","templated":true}]}}