{"id":3315,"date":"2025-11-21T11:25:14","date_gmt":"2025-11-21T10:25:14","guid":{"rendered":"https:\/\/pressmedias.ma\/?p=3315"},"modified":"2025-11-21T11:25:14","modified_gmt":"2025-11-21T10:25:14","slug":"fquih-ben-salah-engage-la-reflexion-autour-dun-modele-de-developpement-territorial-integre-et-participatif","status":"publish","type":"post","link":"https:\/\/pressmedias.ma\/?p=3315","title":{"rendered":"Fquih Ben Salah engage la r\u00e9flexion autour d\u2019un mod\u00e8le de d\u00e9veloppement  territorial int\u00e9gr\u00e9 et participatif"},"content":{"rendered":"<p>En pr\u00e9sence du gouverneur de la province de Fquih Ben Salah , Mohamed Karnachi , d\u2019un grand nombre d\u2019\u00e9lus\u00a0 , d\u2019acteurs de la soci\u00e9t\u00e9 civile , de jeunes et de personnalit\u00e9s civiles et militaires\u2026, la ville de Fquih Ben Salah\u00a0 a abrit\u00e9\u00a0 le lancement\u00a0\u00a0 des rencontres de concertation\u00a0 pour le nouveau mod\u00e8le de d\u00e9veloppement\u00a0 territorial int\u00e9gr\u00e9, Lundi 10 novembre 2025. Cette nouvelle approche qui sera le fruit de moult rencontres de\u00a0 concertation entre toutes les parties prenantes au niveau provincial,\u00a0 s\u2019assigne pour objectif de r\u00e9aliser le nouveau programme de d\u00e9veloppement territorial int\u00e9gr\u00e9 qui sera \u00e0 la hauteur des attentes de tous les citoyens.<\/p>\n<p>Dans son allocution , M le gouverneur a d\u2019abord mis l\u2019accent sur les potentialit\u00e9s socio\u00e9conomiques , humaines et naturelles dont regorge la province de Fquih Ben Salah et la\u00a0 n\u00e9cessit\u00e9 de la valorisation rationnelle\u00a0 de toutes ces richesses afin qu\u2019elles soient la pierre angulaire d\u2019un d\u00e9veloppement durable et int\u00e9gr\u00e9 en harmonie avec les grandes orientations nationales et les Hautes instructions Royales\u00a0\u00ab\u00a0\u00a0Gr\u00e2ce \u00e0 ses atouts \u00e9conomiques, humains et naturels, la province de Fquih Ben Salah dispose de perspectives prometteuses qui la placent au c\u0153ur de la dynamique de d\u00e9veloppement r\u00e9gionale et nationale. Cependant, ces ressources n\u00e9cessitent une valorisation rationnelle afin de devenir de v\u00e9ritables leviers pour un d\u00e9veloppement durable, g\u00e9n\u00e9rateur de valeur ajout\u00e9e, d\u2019emplois et d\u2019un cadre de vie digne, fond\u00e9 sur un diagnostic territorial participatif. Dans cette optique, les probl\u00e9matiques de l\u2019eau et de l\u2019emploi demeurent au premier plan des priorit\u00e9s, car elles repr\u00e9sentent des d\u00e9fis strat\u00e9giques tant pour la r\u00e9gion que pour le Maroc dans son ensemble, en raison de leur impact direct sur la vie \u00e9conomique et sociale des citoyens\u00a0\u00bb.a soulign\u00e9 M Karnachi.<\/p>\n<p>Concernant l\u2019\u00e9laboration du nouveau\u00a0 programme \u00a0de d\u00e9veloppement int\u00e9gr\u00e9, selon l\u2019intervention du gouverneur , elle reposera sur un grand nombre\u00a0 d\u2019axes strat\u00e9giques qui en feront l\u2019ossature et les piliers d\u2019un d\u00e9veloppement int\u00e9gr\u00e9 , durable et salvateur malgr\u00e9\u00a0 un grand nombre de d\u00e9fis \u00e0 relever. Ainsi, le responsable a mis en exergue une longue suite de fondements socio\u00e9conomiques portant sur la gouvernance , les investissements , l\u2019agriculture, l\u2019eau, la sant\u00e9 , l\u2019enseignement , les ressources naturelles\u2026\u00a0\u00ab\u00a0 Ce plan vise \u00e0 \u00e9laborer une vision \u00e0 court, moyen et long terme, en harmonie avec les grandes orientations nationales, en s\u2019appuyant sur des axes strat\u00e9giques essentiels tels que le renforcement de la gouvernance territoriale par le biais du dialogue, de la participation et du suivi, l\u2019adoption d\u2019une approche ax\u00e9e sur les r\u00e9sultats et les indicateurs, le renforcement de la coordination entre les acteurs locaux et les institutions, ainsi que le recours au num\u00e9rique et \u00e0 la transparence dans la gestion locale, \u00a0cr\u00e9ation d\u2019emplois gr\u00e2ce \u00e0 la promotion de l\u2019investissement r\u00e9gional et local, soutien aux porteurs de projets et aux petites et moyennes entreprises, valorisation des produits agricoles et encouragement des initiatives et de l\u2019esprit d\u2019entreprise chez les jeunes et les femmes, am\u00e9lioration des services sociaux par le renforcement de l\u2019offre de soins de sant\u00e9 et l\u2019\u00e9l\u00e9vation de la qualit\u00e9 du syst\u00e8me \u00e9ducatif et de la formation professionnelle..\u00a0\u00bb.<\/p>\n<p>Et d\u2019ajouter pour ce qui est des infrastructures , de l\u2019am\u00e9nagement territorial et des zones montagneuses\u2026 \u00ab\u00a0En plus du soutien aux populations vuln\u00e9rables et extension de la protection sociale, l\u2019am\u00e9nagement des zones montagneuses, rurales et oasis, int\u00e9gration du monde rural dans la dynamique \u00e9conomique, am\u00e9lioration de l\u2019acc\u00e8s aux services de base, la pr\u00e9servation des ressources naturelles par une gestion rationnelle des ressources en eau, protection de l\u2019environnement et de la nature, promotion des \u00e9nergies renouvelables et des pratiques \u00e9cologiques, renforcement des infrastructures et de l\u2019am\u00e9nagement territorial par le d\u00e9veloppement des r\u00e9seaux routiers et des voies rurales, am\u00e9lioration de la connectivit\u00e9 routi\u00e8re et ferroviaire avec les grands p\u00f4les \u00e9conomiques, g\u00e9n\u00e9ralisation des r\u00e9seaux d\u2019eau potable, d\u2019assainissement et d\u2019\u00e9lectricit\u00e9, adoption d\u2019une approche urbaine \u00e9quilibr\u00e9e entre les zones urbaines et rurales.\u00a0\u00bb<\/p>\n<p>Le succ\u00e8s de cet ambitieux atelier de d\u00e9veloppement, a conclu M le gouverneur , requiert une mobilisation compl\u00e8te et une implication collective de tous les acteurs, dans un esprit de coh\u00e9rence, de compl\u00e9mentarit\u00e9 et de coop\u00e9ration fructueuse. Ce succ\u00e8s repose sur une responsabilit\u00e9 partag\u00e9e, un engagement r\u00e9el, un travail institutionnel coordonn\u00e9 et la mise en place d\u2019outils de suivi et d\u2019\u00e9valuation de la mise en \u0153uvre des projets. Ainsi, afin de mettre en \u0153uvre de mani\u00e8re optimale le programme de d\u00e9veloppement territorial int\u00e9gr\u00e9 au niveau de la province de Fquih Ben Salah, nous appelons tous \u00e0 travailler de fa\u00e7on participative et dans un esprit d\u2019\u00e9quipe unifi\u00e9e, afin d\u2019atteindre les grands enjeux de ce programme de d\u00e9veloppement int\u00e9gr\u00e9, \u00a0qui sera certes au niveau des attentes de l\u2019int\u00e9r\u00eat g\u00e9n\u00e9ral et en r\u00e9ponse aux aspirations des populations locales en vue d\u2019un d\u00e9veloppement global, int\u00e9gr\u00e9 et durable.<\/p>\n<p><strong>SAID FRIX alm<\/strong><\/p>\n","protected":false},"excerpt":{"rendered":"<p>En pr\u00e9sence du gouverneur de la province de Fquih Ben Salah , Mohamed Karnachi , d\u2019un grand nombre d\u2019\u00e9lus\u00a0 , d\u2019acteurs de la soci\u00e9t\u00e9 civile , de jeunes et de personnalit\u00e9s civiles et militaires\u2026, la ville de Fquih Ben Salah\u00a0 a abrit\u00e9\u00a0 le lancement\u00a0\u00a0 des rencontres de concertation\u00a0 pour le nouveau mod\u00e8le de d\u00e9veloppement\u00a0 territorial [&hellip;]<\/p>\n","protected":false},"author":4,"featured_media":3316,"comment_status":"open","ping_status":"open","sticky":false,"template":"","format":"standard","meta":{"footnotes":""},"categories":[1],"tags":[],"class_list":["post-3315","post","type-post","status-publish","format-standard","has-post-thumbnail","hentry","category-1"],"_links":{"self":[{"href":"https:\/\/pressmedias.ma\/index.php?rest_route=\/wp\/v2\/posts\/3315","targetHints":{"allow":["GET"]}}],"collection":[{"href":"https:\/\/pressmedias.ma\/index.php?rest_route=\/wp\/v2\/posts"}],"about":[{"href":"https:\/\/pressmedias.ma\/index.php?rest_route=\/wp\/v2\/types\/post"}],"author":[{"embeddable":true,"href":"https:\/\/pressmedias.ma\/index.php?rest_route=\/wp\/v2\/users\/4"}],"replies":[{"embeddable":true,"href":"https:\/\/pressmedias.ma\/index.php?rest_route=%2Fwp%2Fv2%2Fcomments&post=3315"}],"version-history":[{"count":1,"href":"https:\/\/pressmedias.ma\/index.php?rest_route=\/wp\/v2\/posts\/3315\/revisions"}],"predecessor-version":[{"id":3317,"href":"https:\/\/pressmedias.ma\/index.php?rest_route=\/wp\/v2\/posts\/3315\/revisions\/3317"}],"wp:featuredmedia":[{"embeddable":true,"href":"https:\/\/pressmedias.ma\/index.php?rest_route=\/wp\/v2\/media\/3316"}],"wp:attachment":[{"href":"https:\/\/pressmedias.ma\/index.php?rest_route=%2Fwp%2Fv2%2Fmedia&parent=3315"}],"wp:term":[{"taxonomy":"category","embeddable":true,"href":"https:\/\/pressmedias.ma\/index.php?rest_route=%2Fwp%2Fv2%2Fcategories&post=3315"},{"taxonomy":"post_tag","embeddable":true,"href":"https:\/\/pressmedias.ma\/index.php?rest_route=%2Fwp%2Fv2%2Ftags&post=3315"}],"curies":[{"name":"wp","href":"https:\/\/api.w.org\/{rel}","templated":true}]}}