{"id":3327,"date":"2025-11-21T11:21:52","date_gmt":"2025-11-21T10:21:52","guid":{"rendered":"https:\/\/pressmedias.ma\/?p=3327"},"modified":"2025-11-21T11:21:52","modified_gmt":"2025-11-21T10:21:52","slug":"dialogues-de-la-jeunesse-le-rni-reunit-les-jeunes-de-khouribga-autour-des-politiques-gouvernementales","status":"publish","type":"post","link":"https:\/\/pressmedias.ma\/?p=3327","title":{"rendered":"\u00ab Dialogues de la jeunesse \u00bb : le RNI r\u00e9unit les jeunes de Khouribga autour des politiques gouvernementales"},"content":{"rendered":"<p><strong>La jeunesse du Rassemblement national des ind\u00e9pendants (RNI) a organis\u00e9, Dimanche 16 Novembre 2025,\u00e0 Khouribga, une rencontre de communication consacr\u00e9e aux politiques et programmes gouvernementaux destin\u00e9s aux jeunes<\/strong><strong>, <\/strong>dans le cadre d\u2019une s\u00e9rie de r\u00e9unions tenues par l\u2019organisation jeunesse dans la r\u00e9gion B\u00e9ni Mellal\u2013Kh\u00e9nifra, sous le th\u00e8me : <em>\u00ab Dialogues de la jeunesse dans la marche du Maroc \u00e9mergent \u00bb<\/em><em>.<\/em><\/p>\n<p>Dans son intervention, <strong>Mounir El Amni,<\/strong> pr\u00e9sident de l\u2019organisation de la jeunesse du RNI dans la r\u00e9gion B\u00e9ni Mellal\u2013Kh\u00e9nifra a soulign\u00e9 que la dynamique communicationnelle initi\u00e9e par la jeunesse du RNI t\u00e9moigne de son engagement, aux c\u00f4t\u00e9s du parti, \u00e0 assumer pleinement ses r\u00f4les constitutionnels en mati\u00e8re d\u2019encadrement. Il a affirm\u00e9 la poursuite de la mobilisation et de la pr\u00e9sence de terrain quelles que soient les circonstances, malgr\u00e9 les conditions climatiques actuelles, loin de toute logique li\u00e9e aux \u00e9ch\u00e9ances \u00e9lectorales.<\/p>\n<p>Le m\u00eame intervenant a critiqu\u00e9 ce qu\u2019il a qualifi\u00e9 de <em>\u00ab <\/em><em>cascades m\u00e9diatiques<\/em> \u00bb li\u00e9es au dossier des march\u00e9s publics, estimant que ceux qui les alimentent sont d\u00e9pourvus d\u2019un v\u00e9ritable projet politique et recourent \u00e0 \u00ab <em>l\u2019\u00e9pouvantail du conflit d\u2019int\u00e9r\u00eats<\/em> \u00bb, visant \u00e0 criminaliser l\u2019engagement politique des entrepreneurs. Il a qualifi\u00e9 cela de <em>\u00ab <\/em><em>fatwa d\u2019inspiration fr\u00e9riste qui n\u2019existe dans aucun pays au monde<\/em><em> \u00bb<\/em>, s\u2019\u00e9tonnant que les m\u00eames acteurs, qui ont g\u00e9r\u00e9 les affaires gouvernementales pendant dix ans, n\u2019aient jamais pr\u00e9sent\u00e9 un projet de loi r\u00e9glementant cette question.<\/p>\n<p>Pour sa part, <strong>Youssef Oukessou<\/strong>, membre de la jeunesse du parti et chercheur en sciences politiques, a indiqu\u00e9 que la r\u00e9ussite du bilan gouvernemental repose sur deux facteurs fondamentaux , \u00e0 savoir , la capacit\u00e9 \u00e0 hi\u00e9rarchiser les priorit\u00e9s citoyennes \u00e0 travers un programme gouvernemental clair, orient\u00e9 vers l\u2019avenir du pays et la mise en place d\u2019une nouvelle m\u00e9thodologie organisationnelle du travail gouvernemental, fond\u00e9e sur la bonne gouvernance et la convergence des politiques publiques.<\/p>\n<p>Il a ajout\u00e9 que les r\u00e9alisations accomplies au cours des quatre derni\u00e8res ann\u00e9es constituent un terrain favorable pour un v\u00e9ritable empowerment des jeunes et des femmes, ouvrant des perspectives prometteuses pour une ascension sociale durable.<\/p>\n<p>Le chercheur n\u2019a pas manqu\u00e9 de critiquer certaines composantes de l\u2019opposition, les accusant d\u2019entraver le fonctionnement institutionnel et de contribuer \u00e0 cr\u00e9er un climat communicationnel malsain, pr\u00e9judiciable au processus r\u00e9formateur. Il a affirm\u00e9 que les taux de croissance et les niveaux d\u2019investissement atteints suffisent \u00e0 eux seuls \u00e0 d\u00e9mentir les \u00ab <em>man\u0153uvres de perturbation<\/em> \u00bb, car il s\u2019agit de r\u00e9sultats tangibles dont les citoyens ressentent les effets.<\/p>\n<p>De son c\u00f4t\u00e9, le journaliste <strong>Redouane Mabchour<\/strong> a pr\u00e9sent\u00e9 les principales r\u00e9alisations du gouvernement durant ces derni\u00e8res ann\u00e9es, qu\u2019il s\u2019agisse du renforcement des fondements de l\u2019\u00c9tat social, du soutien \u00e0 la relance \u00e9conomique ou de l\u2019attention port\u00e9e aux questions de la jeunesse. Il a rappel\u00e9 que le gouvernement actuel figure parmi ceux qui accordent le plus d\u2019importance \u00e0 cette cat\u00e9gorie, comme en t\u00e9moignent plusieurs mesures, notamment l\u2019appui \u00e0 l\u2019acquisition d\u2019un logement, le programme \u00ab <em>Jawaz Chabab<\/em> \u00bb, ainsi que diverses initiatives d\u2019autonomisation \u00e9conomique, politique, sociale et sportive.<\/p>\n<p>Il a conclu son intervention en soulignant l\u2019importance des profondes transformations que conna\u00eet le Maroc sous l\u2019actuel mandat gouvernemental conduit par <strong>Aziz Akhannouch<\/strong><strong>,<\/strong> des transformations jug\u00e9es sans pr\u00e9c\u00e9dent, comme l\u2019attestent plusieurs indicateurs : la hausse du taux de croissance, l\u2019augmentation du PIB, la progression des ventes de ciment, ainsi que le rel\u00e8vement des budgets allou\u00e9s aux secteurs sociaux, notamment la sant\u00e9 et l\u2019\u00e9ducation, sans oublier une enveloppe d\u2019investissement public qualifi\u00e9e d\u2019historique.<\/p>\n<p>Dans son intervention, <strong>Dalal Menni<\/strong>, secr\u00e9taire g\u00e9n\u00e9rale de l\u2019Organisation des ing\u00e9nieurs du RNI, a insist\u00e9 sur l\u2019importance strat\u00e9gique du d\u00e9veloppement de l\u2019investissement productif, consid\u00e9r\u00e9 comme un levier essentiel de valorisation des potentialit\u00e9s territoriales du Royaume. Elle a mis en avant le succ\u00e8s du gouvernement dans la mise en place d\u2019un nouveau Pacte de l\u2019investissement, incitatif et orient\u00e9 vers les secteurs porteurs dans l\u2019ensemble des r\u00e9gions. Elle a ajout\u00e9 que le dispositif de soutien d\u00e9di\u00e9 aux tr\u00e8s petites, petites et moyennes entreprises, lanc\u00e9 la semaine derni\u00e8re par le chef du gouvernement depuis Errachidia, contribuera \u00e0 renforcer la dynamique actuelle en mati\u00e8re d\u2019investissement et d\u2019emploi, sachant qu\u2019il cible 90 % du tissu entrepreneurial national.<\/p>\n<p>Pour sa part<strong>, <\/strong><strong>Mohamed Essaghi<\/strong><strong>,<\/strong> membre de la F\u00e9d\u00e9ration nationale de la jeunesse du RNI, a renouvel\u00e9 ses f\u00e9licitations \u00e0 Sa Majest\u00e9 le Roi Mohammed VI, \u00e0 l\u2019occasion de l\u2019adoption de la r\u00e9solution onusienne historique 2797, reconnaissant l\u2019initiative marocaine d\u2019autonomie comme unique solution au diff\u00e9rend artificiel autour du Sahara marocain. Il a affirm\u00e9 que cette r\u00e9solution constitue le couronnement naturel des efforts royaux d\u00e9ploy\u00e9s depuis 26 ans dans les domaines \u00e9conomique, social et politique, dont ont b\u00e9n\u00e9fici\u00e9 en priorit\u00e9 les provinces du Sud \u00e0 travers une nouvelle g\u00e9n\u00e9ration d\u2019infrastructures et de services essentiels.<\/p>\n<p>S\u2019exprimant sur le programme \u00ab <em>Dialogues de la jeunesse<\/em> \u00bb, Essaghi a soulign\u00e9 le r\u00f4le national croissant de la F\u00e9d\u00e9ration dans l\u2019enrichissement du d\u00e9bat public autour des questions touchant au quotidien des citoyens, en particulier les jeunes. Il a salu\u00e9 la grande fiert\u00e9 exprim\u00e9e par la jeunesse du RNI \u00e0 l\u2019\u00e9gard de l\u2019action gouvernementale men\u00e9e par Aziz Akhannouch, estimant que l\u2019histoire finira par reconna\u00eetre la port\u00e9e de cette action, dont les r\u00e9sultats commencent \u00e0 \u00eatre ressentis concr\u00e8tement dans diff\u00e9rentes cat\u00e9gories de la soci\u00e9t\u00e9.<\/p>\n<p>En conclusion, <strong>Abdessamad Baddaz<\/strong>, pr\u00e9sident de la jeunesse du RNI dans la province de Khouribga, a salu\u00e9 la dynamique ascendante port\u00e9e par la jeunesse du parti aux niveaux r\u00e9gional et provincial, soulignant que les jeunes du RNI d\u00e9montrent aujourd\u2019hui une pr\u00e9sence active et un sens \u00e9lev\u00e9 de l\u2019initiative, t\u00e9moignant de leur volont\u00e9 ferme de s\u2019impliquer dans le processus de r\u00e9forme et de d\u00e9veloppement. Il a affirm\u00e9 que la force d\u2019encadrement assur\u00e9e par l\u2019organisation de \u00a0la jeunesse constitue d\u00e9sormais un pilier essentiel de la r\u00e9ussite de ses initiatives, lui permettant d\u2019ouvrir des espaces de d\u00e9bat responsable et de renforcer l\u2019implication des jeunes dans la vie publique.<\/p>\n<p>Cette rencontre s\u2019inscrit dans la dynamique communicationnelle adopt\u00e9e par la F\u00e9d\u00e9ration nationale de la jeunesse du RNI, en application des Hautes Orientations de Sa Majest\u00e9 le Roi Mohammed VI, que Dieu L\u2019assiste, appelant \u00e0 renforcer l\u2019encadrement et \u00e0 rapprocher les initiatives publiques des citoyens. Une dynamique qui vise \u00e0 asseoir la pr\u00e9sence de la jeunesse du parti en tant que force de proposition active, contribuant avec s\u00e9rieux et responsabilit\u00e9 au soutien du processus de r\u00e9forme et au renforcement de la participation des jeunes au d\u00e9bat public, en phase avec les aspirations de la nouvelle g\u00e9n\u00e9ration et au service d\u2019un Maroc en pleine ascension.<\/p>\n<p>Ont pris part \u00e0 l\u2019animation de cette rencontre : <strong>Dalal Menni<\/strong>, du bureau national des ing\u00e9nieurs du RNI, <strong>Mounir El Amni<\/strong>, pr\u00e9sident de l\u2019organisation de la jeunesse du RNI dans la r\u00e9gion B\u00e9ni Mellal\u2013Kh\u00e9nifra, <strong>Youssef Oukessou<\/strong><strong>,<\/strong> membre de la jeunesse du parti et chercheur en sciences politiques, <strong>Mohamed Essaghi<\/strong>, pr\u00e9sident de l\u2019organisation r\u00e9gionale de la jeunesse RNI<\/p>\n<p>\u00e0 F\u00e8s-Mekn\u00e8s, ainsi que le journaliste <strong>Redouane Mabchour<\/strong><strong>,<\/strong> et <strong>Abdessamad Baddaz<\/strong>, pr\u00e9sident de la jeunesse du RNI dans la province de Khouribga. L\u2019animation du d\u00e9bat a \u00e9t\u00e9 assur\u00e9e par <strong>Asmaa Mertah<\/strong>, pr\u00e9sidente de la repr\u00e9sentation locale de la jeunesse.<\/p>\n<p><strong>SAID FRIX ALM<\/strong><\/p>\n","protected":false},"excerpt":{"rendered":"<p>La jeunesse du Rassemblement national des ind\u00e9pendants (RNI) a organis\u00e9, Dimanche 16 Novembre 2025,\u00e0 Khouribga, une rencontre de communication consacr\u00e9e aux politiques et programmes gouvernementaux destin\u00e9s aux jeunes, dans le cadre d\u2019une s\u00e9rie de r\u00e9unions tenues par l\u2019organisation jeunesse dans la r\u00e9gion B\u00e9ni Mellal\u2013Kh\u00e9nifra, sous le th\u00e8me : \u00ab Dialogues de la jeunesse dans la [&hellip;]<\/p>\n","protected":false},"author":4,"featured_media":3328,"comment_status":"open","ping_status":"open","sticky":false,"template":"","format":"standard","meta":{"footnotes":""},"categories":[1],"tags":[],"class_list":["post-3327","post","type-post","status-publish","format-standard","has-post-thumbnail","hentry","category-1"],"_links":{"self":[{"href":"https:\/\/pressmedias.ma\/index.php?rest_route=\/wp\/v2\/posts\/3327","targetHints":{"allow":["GET"]}}],"collection":[{"href":"https:\/\/pressmedias.ma\/index.php?rest_route=\/wp\/v2\/posts"}],"about":[{"href":"https:\/\/pressmedias.ma\/index.php?rest_route=\/wp\/v2\/types\/post"}],"author":[{"embeddable":true,"href":"https:\/\/pressmedias.ma\/index.php?rest_route=\/wp\/v2\/users\/4"}],"replies":[{"embeddable":true,"href":"https:\/\/pressmedias.ma\/index.php?rest_route=%2Fwp%2Fv2%2Fcomments&post=3327"}],"version-history":[{"count":1,"href":"https:\/\/pressmedias.ma\/index.php?rest_route=\/wp\/v2\/posts\/3327\/revisions"}],"predecessor-version":[{"id":3329,"href":"https:\/\/pressmedias.ma\/index.php?rest_route=\/wp\/v2\/posts\/3327\/revisions\/3329"}],"wp:featuredmedia":[{"embeddable":true,"href":"https:\/\/pressmedias.ma\/index.php?rest_route=\/wp\/v2\/media\/3328"}],"wp:attachment":[{"href":"https:\/\/pressmedias.ma\/index.php?rest_route=%2Fwp%2Fv2%2Fmedia&parent=3327"}],"wp:term":[{"taxonomy":"category","embeddable":true,"href":"https:\/\/pressmedias.ma\/index.php?rest_route=%2Fwp%2Fv2%2Fcategories&post=3327"},{"taxonomy":"post_tag","embeddable":true,"href":"https:\/\/pressmedias.ma\/index.php?rest_route=%2Fwp%2Fv2%2Ftags&post=3327"}],"curies":[{"name":"wp","href":"https:\/\/api.w.org\/{rel}","templated":true}]}}