{"id":3335,"date":"2025-11-21T11:21:12","date_gmt":"2025-11-21T10:21:12","guid":{"rendered":"https:\/\/pressmedias.ma\/?p=3335"},"modified":"2025-11-21T11:21:12","modified_gmt":"2025-11-21T10:21:12","slug":"le-conseil-communal-dait-tagla-a-tenu-une-session-extraordinaire-consacree-aux-affaires-locales","status":"publish","type":"post","link":"https:\/\/pressmedias.ma\/?p=3335","title":{"rendered":"Le Conseil communal  d\u2019Ait Tagla  a tenu une session extraordinaire consacr\u00e9e aux affaires locales"},"content":{"rendered":"<p>Le Conseil de la commune d\u2019A\u00eft Tagla relevant de la province d\u2019Azilal, a tenu, , vendredi 14 novembre 2025, sa session extraordinaire dans la salle de r\u00e9union du si\u00e8ge communal, sous la pr\u00e9sidence de M. Khalid Ejlaydy, pr\u00e9sident du Conseil et en pr\u00e9sence du ca\u00efd de la commune d\u2019A\u00eft Tagla, des membres du Conseil, des cadres et employ\u00e9s de la commune ainsi que des acteurs du d\u00e9veloppement local.<\/p>\n<p>La session a \u00e9t\u00e9 ouverte par un mot de bienvenue du pr\u00e9sident qui, au nom de l\u2019ensemble des membres du Conseil et de la population de la commune, a exprim\u00e9 ses f\u00e9licitations les plus sinc\u00e8res \u00e0 Sa Majest\u00e9 le Roi Mohammed VI, \u00e0 l\u2019occasion de la d\u00e9cision historique et d\u00e9cisive du Conseil de s\u00e9curit\u00e9 confirmant le soutien de la communaut\u00e9 internationale \u00e0 la marocanit\u00e9 du Sahara et consacrant la justice de la cause nationale ainsi que l\u2019unit\u00e9 territoriale, mettant fin \u00e0 ce conflit artificiel dans le cadre d\u2019un droit consensuel bas\u00e9 sur l\u2019initiative d\u2019autonomie. \u00ab Le Maroc restera dans son Sahara et le Sahara dans son Maroc jusqu\u2019\u00e0 ce que Dieu h\u00e9rite de la Terre et de ce qu\u2019elle contient \u00bb, a-t-il ajout\u00e9.<\/p>\n<p>L\u2019ordre du jour de cette session \u00a0a port\u00e9 sur trois points principaux : l\u2019\u00e9tude et l\u2019approbation de la modification de la d\u00e9cision fiscale, l\u2019\u00e9tude et l\u2019approbation de l\u2019avenant n\u00b001 \u00e0 l\u2019accord de partenariat avec l\u2019Association Ihsalen pour le transport scolaire, ainsi que l\u2019\u00e9tude et l\u2019approbation de l\u2019avenant n\u00b001 \u00e0 l\u2019accord de partenariat avec l\u2019Association des parents d\u2019\u00e9l\u00e8ves du Coll\u00e8ge Tagla.<\/p>\n<p>Selon Khalid Ejlaydy, cette session vise \u00e0 approuver plusieurs projets d\u2019accords et programmes de d\u00e9veloppement \u00e0 caract\u00e8re socio-\u00e9conomique, destin\u00e9s \u00e0 am\u00e9liorer les conditions de vie de la population et \u00e0 renforcer l\u2019attractivit\u00e9 du territoire communal. \u00ab La commune d\u2019A\u00eft Tagla qui \u00a0continue de progresser avec d\u00e9termination poursuit ainsi son travail selon une approche participative centr\u00e9e sur le citoyen, visant un d\u00e9veloppement \u00e9conomique et social \u00e9quilibr\u00e9, r\u00e9pondant aux attentes des habitants et contribuant \u00e0 renforcer le r\u00f4le et la position de la commune.\u00a0\u00bb s\u2019est-il f\u00e9licit\u00e9<\/p>\n<p>En conclusion, le pr\u00e9sident a remerci\u00e9 le gouverneur de la province d\u2019Azilal, le pr\u00e9sident du Conseil de la r\u00e9gion de B\u00e9ni Mellal-Kh\u00e9nifra, le pr\u00e9sident du Conseil provincial d\u2019Azilal, le pr\u00e9sident du groupement des communes et le ca\u00efd d\u2019A\u00eft Tagla pour leur soutien continu dans le renforcement des infrastructures et l\u2019am\u00e9lioration du niveau de vie des populations locales.<\/p>\n<p>Notons que le conseil de la commune d\u2019A\u00eft Tagla a approuv\u00e9 un accord de partenariat relatif \u00e0 un projet de gestion de bus scolaires visant \u00e0 renforcer le parcours \u00e9ducatif et \u00e0 dynamiser le secteur de l\u2019\u00e9ducation. \u00ab Nous aspirons \u00e0 r\u00e9aliser un d\u00e9veloppement \u00e9quilibr\u00e9, r\u00e9pondant aux attentes de la population et contribuant activement au secteur de l\u2019\u00e9ducation \u00bb a-t-il conclu.<\/p>\n<p><strong>SAID FRIX alm<\/strong><\/p>\n","protected":false},"excerpt":{"rendered":"<p>Le Conseil de la commune d\u2019A\u00eft Tagla relevant de la province d\u2019Azilal, a tenu, , vendredi 14 novembre 2025, sa session extraordinaire dans la salle de r\u00e9union du si\u00e8ge communal, sous la pr\u00e9sidence de M. Khalid Ejlaydy, pr\u00e9sident du Conseil et en pr\u00e9sence du ca\u00efd de la commune d\u2019A\u00eft Tagla, des membres du Conseil, des [&hellip;]<\/p>\n","protected":false},"author":4,"featured_media":3336,"comment_status":"open","ping_status":"open","sticky":false,"template":"","format":"standard","meta":{"footnotes":""},"categories":[1],"tags":[],"class_list":["post-3335","post","type-post","status-publish","format-standard","has-post-thumbnail","hentry","category-1"],"_links":{"self":[{"href":"https:\/\/pressmedias.ma\/index.php?rest_route=\/wp\/v2\/posts\/3335","targetHints":{"allow":["GET"]}}],"collection":[{"href":"https:\/\/pressmedias.ma\/index.php?rest_route=\/wp\/v2\/posts"}],"about":[{"href":"https:\/\/pressmedias.ma\/index.php?rest_route=\/wp\/v2\/types\/post"}],"author":[{"embeddable":true,"href":"https:\/\/pressmedias.ma\/index.php?rest_route=\/wp\/v2\/users\/4"}],"replies":[{"embeddable":true,"href":"https:\/\/pressmedias.ma\/index.php?rest_route=%2Fwp%2Fv2%2Fcomments&post=3335"}],"version-history":[{"count":1,"href":"https:\/\/pressmedias.ma\/index.php?rest_route=\/wp\/v2\/posts\/3335\/revisions"}],"predecessor-version":[{"id":3337,"href":"https:\/\/pressmedias.ma\/index.php?rest_route=\/wp\/v2\/posts\/3335\/revisions\/3337"}],"wp:featuredmedia":[{"embeddable":true,"href":"https:\/\/pressmedias.ma\/index.php?rest_route=\/wp\/v2\/media\/3336"}],"wp:attachment":[{"href":"https:\/\/pressmedias.ma\/index.php?rest_route=%2Fwp%2Fv2%2Fmedia&parent=3335"}],"wp:term":[{"taxonomy":"category","embeddable":true,"href":"https:\/\/pressmedias.ma\/index.php?rest_route=%2Fwp%2Fv2%2Fcategories&post=3335"},{"taxonomy":"post_tag","embeddable":true,"href":"https:\/\/pressmedias.ma\/index.php?rest_route=%2Fwp%2Fv2%2Ftags&post=3335"}],"curies":[{"name":"wp","href":"https:\/\/api.w.org\/{rel}","templated":true}]}}