{"id":3339,"date":"2025-11-21T11:20:57","date_gmt":"2025-11-21T10:20:57","guid":{"rendered":"https:\/\/pressmedias.ma\/?p=3339"},"modified":"2025-11-21T11:20:57","modified_gmt":"2025-11-21T10:20:57","slug":"lancement-de-la-caravane-regionale-de-presentation-du-systeme-de-soutien-dedie-aux-tpme-region-beni-mellal-khenifra","status":"publish","type":"post","link":"https:\/\/pressmedias.ma\/?p=3339","title":{"rendered":"Lancement de la caravane r\u00e9gionale de pr\u00e9sentation du syst\u00e8me de soutien d\u00e9di\u00e9 aux TPME ,  r\u00e9gion B\u00e9ni Mellal  Kh\u00e9nifra"},"content":{"rendered":"<p>Sous le th\u00e8me <em><strong>\u00ab Soutenir l\u2019entreprise, au c\u0153ur de la dynamique nationale d\u2019investissement \u00bb<\/strong><\/em>, le Centre R\u00e9gional d\u2019Investissement de B\u00e9ni Mellal\u00a0 Kh\u00e9nifra a organis\u00e9, jeudi 13 novembre 2025, une journ\u00e9e r\u00e9gionale pr\u00e9sid\u00e9e par le Wali de la r\u00e9gion et gouverneur de la province de B\u00e9ni Mellal. Cette rencontre s\u2019inscrit dans le cadre de la mise en \u0153uvre des Hautes Orientations Royales visant \u00e0 faire de l\u2019investissement productif un levier central de relance \u00e9conomique et de promotion de l\u2019\u00e9quit\u00e9 territoriale, en application des dispositions du nouveau Pacte national pour l\u2019investissement.<\/p>\n<p>La caravane r\u00e9gionale prolonge la dynamique initi\u00e9e lors de la rencontre nationale organis\u00e9e par le minist\u00e8re de l\u2019Investissement, de la Convergence et de l\u2019\u00c9valuation des politiques publiques, le 11 novembre 2025 \u00e0 Errachidia. Cette rencontre, pr\u00e9sid\u00e9e par le Chef du Gouvernement en pr\u00e9sence de plusieurs membres du gouvernement, a \u00e9t\u00e9 consacr\u00e9e au lancement du syst\u00e8me de soutien d\u00e9di\u00e9 aux tr\u00e8s petites, petites et moyennes entreprises.<\/p>\n<p>Ce dispositif est d\u00e9ploy\u00e9 dans un contexte national qui consacre le r\u00f4le strat\u00e9gique des TPME, consid\u00e9r\u00e9es comme un pilier fondamental du tissu \u00e9conomique et un moteur essentiel de cr\u00e9ation d\u2019emplois et de dynamisation des \u00e9conomies locales. Il traduit la volont\u00e9 de l\u2019\u00c9tat de renforcer l\u2019entreprise \u00e0 travers des incitations directes et des m\u00e9canismes d\u2019accompagnement capables de produire un impact concret et de valoriser les potentialit\u00e9s offertes par les territoires.<\/p>\n<p>Dans son allocution d\u2019ouverture, le Wali de la r\u00e9gion a insist\u00e9 sur l\u2019importance de ce syst\u00e8me, qui vient appuyer la mise en \u0153uvre effective du nouveau Pacte national pour l\u2019investissement voulu par Sa Majest\u00e9 le Roi Mohammed VI, que Dieu L\u2019assiste. Il a appel\u00e9 l\u2019ensemble des acteurs \u00e0 adh\u00e9rer \u00e0 la Vision Royale, qui fait de l\u2019investissement productif un pilier d\u2019un nouveau mod\u00e8le de croissance, de la r\u00e9gion un espace d\u2019innovation et de cr\u00e9ation de valeur, et de la petite entreprise un moteur essentiel de d\u00e9veloppement.<\/p>\n<p>&nbsp;<\/p>\n<p>&nbsp;<\/p>\n<p>Le pr\u00e9sident du Conseil r\u00e9gional de B\u00e9ni Mellal \u2013 Kh\u00e9nifra a soulign\u00e9 l\u2019importance que le Conseil accorde \u00e0 cette cat\u00e9gorie d\u2019entreprises, \u00e0 travers plusieurs programmes et fonds de soutien destin\u00e9s \u00e0 encourager l\u2019initiative entrepreneuriale et \u00e0 stimuler l\u2019investissement dans l\u2019ensemble des provinces de la r\u00e9gion, en compl\u00e9mentarit\u00e9 avec les incitations pr\u00e9vues par le Pacte national pour l\u2019investissement.<\/p>\n<p>Le directeur g\u00e9n\u00e9ral du Centre R\u00e9gional d\u2019Investissement, Adil Azmi a pr\u00e9sent\u00e9 de mani\u00e8re d\u00e9taill\u00e9e les m\u00e9canismes de soutien introduits par le nouveau Pacte pour l\u2019investissement, ainsi que les conditions et modalit\u00e9s d\u2019acc\u00e8s au syst\u00e8me de soutien d\u00e9di\u00e9 aux TPME. Il a rappel\u00e9 que ce dispositif offre trois types de primes \u00e0 l\u2019investissement : une prime li\u00e9e \u00e0 la cr\u00e9ation d\u2019emplois stables, une prime territoriale visant \u00e0 renforcer l\u2019attractivit\u00e9 des territoires, et une prime d\u00e9di\u00e9e aux activit\u00e9s prioritaires afin d\u2019orienter les investissements vers les secteurs strat\u00e9giques et les m\u00e9tiers d\u2019avenir. Le montant global du soutien peut atteindre jusqu\u2019\u00e0 30 % de l\u2019investissement \u00e9ligible, avec possibilit\u00e9 de cumul avec les incitations mises en place par les r\u00e9gions.<\/p>\n<p>En conclusion, le directeur g\u00e9n\u00e9ral du CRI a pr\u00e9sent\u00e9 le programme de la caravane, qui parcourra les cinq provinces de la r\u00e9gion \u00a0pendant les mois de novembre et d\u00e9cembre 2025. Cette tourn\u00e9e vise \u00e0 pr\u00e9senter le dispositif, accompagner les investisseurs et les assister dans la constitution et le d\u00e9p\u00f4t de leurs dossiers afin de b\u00e9n\u00e9ficier des diff\u00e9rentes formes de soutien propos\u00e9es.<\/p>\n<p><strong>SAID FRIX alm<\/strong><\/p>\n","protected":false},"excerpt":{"rendered":"<p>Sous le th\u00e8me \u00ab Soutenir l\u2019entreprise, au c\u0153ur de la dynamique nationale d\u2019investissement \u00bb, le Centre R\u00e9gional d\u2019Investissement de B\u00e9ni Mellal\u00a0 Kh\u00e9nifra a organis\u00e9, jeudi 13 novembre 2025, une journ\u00e9e r\u00e9gionale pr\u00e9sid\u00e9e par le Wali de la r\u00e9gion et gouverneur de la province de B\u00e9ni Mellal. Cette rencontre s\u2019inscrit dans le cadre de la mise [&hellip;]<\/p>\n","protected":false},"author":4,"featured_media":1841,"comment_status":"open","ping_status":"open","sticky":false,"template":"","format":"standard","meta":{"footnotes":""},"categories":[1],"tags":[],"class_list":["post-3339","post","type-post","status-publish","format-standard","has-post-thumbnail","hentry","category-1"],"_links":{"self":[{"href":"https:\/\/pressmedias.ma\/index.php?rest_route=\/wp\/v2\/posts\/3339","targetHints":{"allow":["GET"]}}],"collection":[{"href":"https:\/\/pressmedias.ma\/index.php?rest_route=\/wp\/v2\/posts"}],"about":[{"href":"https:\/\/pressmedias.ma\/index.php?rest_route=\/wp\/v2\/types\/post"}],"author":[{"embeddable":true,"href":"https:\/\/pressmedias.ma\/index.php?rest_route=\/wp\/v2\/users\/4"}],"replies":[{"embeddable":true,"href":"https:\/\/pressmedias.ma\/index.php?rest_route=%2Fwp%2Fv2%2Fcomments&post=3339"}],"version-history":[{"count":1,"href":"https:\/\/pressmedias.ma\/index.php?rest_route=\/wp\/v2\/posts\/3339\/revisions"}],"predecessor-version":[{"id":3340,"href":"https:\/\/pressmedias.ma\/index.php?rest_route=\/wp\/v2\/posts\/3339\/revisions\/3340"}],"wp:featuredmedia":[{"embeddable":true,"href":"https:\/\/pressmedias.ma\/index.php?rest_route=\/wp\/v2\/media\/1841"}],"wp:attachment":[{"href":"https:\/\/pressmedias.ma\/index.php?rest_route=%2Fwp%2Fv2%2Fmedia&parent=3339"}],"wp:term":[{"taxonomy":"category","embeddable":true,"href":"https:\/\/pressmedias.ma\/index.php?rest_route=%2Fwp%2Fv2%2Fcategories&post=3339"},{"taxonomy":"post_tag","embeddable":true,"href":"https:\/\/pressmedias.ma\/index.php?rest_route=%2Fwp%2Fv2%2Ftags&post=3339"}],"curies":[{"name":"wp","href":"https:\/\/api.w.org\/{rel}","templated":true}]}}