{"id":3386,"date":"2025-12-02T17:59:00","date_gmt":"2025-12-02T16:59:00","guid":{"rendered":"https:\/\/pressmedias.ma\/?p=3386"},"modified":"2025-12-02T17:59:00","modified_gmt":"2025-12-02T16:59:00","slug":"cloture-du-projet-amssawass-renforcement-du-leadership-feminin-et-la-lutte-contre-les-violences-faites-aux-femmes","status":"publish","type":"post","link":"https:\/\/pressmedias.ma\/?p=3386","title":{"rendered":"Cl\u00f4ture du projet \u201cAmssawass\u201d : renforcement du leadership f\u00e9minin et la lutte contre les violences faites aux femmes"},"content":{"rendered":"<p><strong>La ville de Beni Mellal a abrit\u00e9, jeudi 27 novembre 2025, la rencontre de cl\u00f4ture du projet \u00ab Amssawass \u00bb, organis\u00e9e sous le th\u00e8me : <\/strong><em><strong>\u00ab Renforcer les voix et les capacit\u00e9s des \u00e9lues pour acc\u00e9l\u00e9rer le d\u00e9veloppement territorial inclusif et mettre fin aux violences \u00e0 l\u2019\u00e9gard des femmes \u00bb<\/strong><\/em><strong>. Cet \u00e9v\u00e9nement vient couronner plusieurs mois de travail, de formation et d\u2019accompagnement au profit des \u00e9lues et des instances territoriales, dans le cadre du programme \u00ab Ajyal \u00c9galit\u00e9 \u00bb, financ\u00e9 par l\u2019Agence fran\u00e7aise de d\u00e9veloppement (AFD) et l\u2019Ambassade de France au Maroc, et mis en \u0153uvre par Expertise France en partenariat avec l\u2019Association Al Intilaka pour le d\u00e9veloppement, l\u2019environnement et la culture.<\/strong><\/p>\n<p>Dans une d\u00e9claration , la pr\u00e9sidente de AIDECA , Chaima Salami a not\u00e9 que \u00ab\u00a0Notre strat\u00e9gie de travail s\u2019inscrit pleinement dans le cadre du projet \u00ab Amssaouass \u00bb, en coh\u00e9rence avec notre plan strat\u00e9gique global et nos perspectives futures , qui visent \u00e0 d\u00e9passer les difficult\u00e9s entravant l\u2019autonomisation des femmes dans la r\u00e9gion, \u00e0 travers des interventions innovantes, cibl\u00e9es et strat\u00e9giques. En collaboration avec nos partenaires concern\u00e9s, nous \u0153uvrons \u00e0 trouver des solutions concr\u00e8tes \u00e0 ces d\u00e9fis, afin de contribuer \u00e0 la r\u00e9alisation de notre vision : \u00ab des communaut\u00e9s prosp\u00e8res, inclusives, o\u00f9 chaque individu jouit de mani\u00e8re \u00e9quitable de ses opportunit\u00e9s et de ses droits \u00bb.<\/p>\n<p>Et d\u2019ajouter\u00a0 que \u00ab\u00a0Ce projet ambitionne d\u2019autonomiser les femmes \u00e9lues occupant des postes de vice-pr\u00e9sidentes, de pr\u00e9sidentes ou de vice-pr\u00e9sidentes de commissions dans 20 communes relevant de la r\u00e9gion de B\u00e9ni Mellal-Kh\u00e9nifra. Il a \u00e9galement pour objectif d\u2019accompagner environ 40 femmes anim\u00e9es d\u2019ambition et d\u2019engagement, mais qui ont besoin de soutien, de renforcement de leurs comp\u00e9tences, d\u2019\u00e9largissement de leurs r\u00e9seaux, de d\u00e9passement des obstacles et de valorisation de leurs potentialit\u00e9s, afin de leur permettre d\u2019acc\u00e9der \u00e0 des responsabilit\u00e9s de leadership.\u00a0\u00bb<\/p>\n<p>La tenue de cette rencontre intervient dans un contexte national marqu\u00e9 par une dynamique r\u00e9formatrice majeure en mati\u00e8re de consolidation de l\u2019\u00e9galit\u00e9 entre les sexes. Au cours des deux derni\u00e8res d\u00e9cennies, le Maroc a connu d\u2019importantes avanc\u00e9es, allant de la ratification des conventions internationales \u00e0 la r\u00e9forme du Code de la famille, en passant par la constitutionnalisation du principe de parit\u00e9, le lancement du Plan gouvernemental pour l\u2019\u00e9galit\u00e9, et l\u2019adoption de la loi 103-13 relative \u00e0 la lutte contre les violences faites aux femmes. Les lois organiques des collectivit\u00e9s territoriales ont \u00e9galement renforc\u00e9 l\u2019int\u00e9gration de l\u2019approche genre dans la planification et la programmation, alors m\u00eame que le Royaume se pr\u00e9pare \u00e0 revoir son syst\u00e8me \u00e9lectoral avant les \u00e9ch\u00e9ances de 2026, afin d\u2019augmenter la repr\u00e9sentativit\u00e9 des femmes.<\/p>\n<p>En d\u00e9pit de ces avanc\u00e9es l\u00e9gislatives et institutionnelles, la r\u00e9gion de Beni Mellal\u2013Kh\u00e9nifra continue de faire face \u00e0 plusieurs d\u00e9fis structurels, notamment la faible pr\u00e9sence des femmes dans les postes d\u00e9cisionnels territoriaux, ainsi que les limites auxquelles se heurtent les instances consultatives en raison de ressources insuffisantes et de m\u00e9canismes de suivi fragiles. Les donn\u00e9es r\u00e9gionales montrent que la repr\u00e9sentativit\u00e9 f\u00e9minine demeure en de\u00e7\u00e0 de la moyenne nationale, ce qui rend n\u00e9cessaires des interventions cibl\u00e9es pour renforcer les capacit\u00e9s des \u00e9lu(e)s et promouvoir la justice spatiale.<\/p>\n<p>Dans ce cadre, le projet \u00ab Amssawass \u00bb a travaill\u00e9 au renforcement des comp\u00e9tences et du leadership des \u00e9lues au sein des collectivit\u00e9s territoriales, \u00e0 travers une s\u00e9rie de formations et d\u2019ateliers portant sur le d\u00e9veloppement inclusif, la planification territoriale, le plaidoyer et le dialogue entre acteurs institutionnels et civils. Le projet a ainsi constitu\u00e9 un espace d\u2019apprentissage, d\u2019\u00e9change d\u2019exp\u00e9riences et un levier pour promouvoir la participation citoyenne et l\u2019\u00e9galit\u00e9 dans la gestion des affaires publiques.<\/p>\n<p>La rencontre de cl\u00f4ture a permis de pr\u00e9senter les principaux r\u00e9sultats du projet, ses r\u00e9alisations, ainsi que les histoires de r\u00e9ussite des \u00e9lues ayant d\u00e9velopp\u00e9 des initiatives territoriales innovantes durant la p\u00e9riode d\u2019accompagnement. Elle a \u00e9galement offert un cadre de d\u00e9bat r\u00e9gional autour des d\u00e9fis persistants entravant l\u2019\u00e9galit\u00e9 entre les sexes, notamment en mati\u00e8re de violences bas\u00e9es sur le genre, d\u2019acc\u00e8s aux services essentiels et \u00e0 l\u2019emploi local, en plus de la n\u00e9cessit\u00e9 d\u2019instaurer une culture de l\u2019\u00e9galit\u00e9 au sein des institutions territoriales.<\/p>\n<p>Cet \u00e9v\u00e9nement s\u2019est tenu en parall\u00e8le avec la campagne internationale \u00ab 16 jours d\u2019activisme contre les violences faites aux femmes \u00bb, organis\u00e9e chaque ann\u00e9e du 25 novembre au 10 d\u00e9cembre, ce qui lui conf\u00e8re une dimension internationale renfor\u00e7ant les efforts de sensibilisation et de mobilisation contre toutes les formes de violence, y compris la violence num\u00e9rique, l\u2019un des d\u00e9fis majeurs de 2025.<\/p>\n<p>Le projet \u00ab Amssawass \u00bb s\u2019inscrit dans le cadre du programme \u00ab Ajyal \u00c9galit\u00e9 \u00bb, qui vise \u00e0 promouvoir une culture de l\u2019\u00e9galit\u00e9 entre les sexes au Maroc, en Tunisie, en Alg\u00e9rie et en Libye, \u00e0 travers le soutien aux initiatives nationales et locales. Ce projet r\u00e9gional met l\u2019accent sur le renforcement des capacit\u00e9s des \u00e9lues, le d\u00e9veloppement de leurs comp\u00e9tences en leadership, et l\u2019appui \u00e0 une gouvernance territoriale inclusive, tout en assurant un accompagnement technique et en encourageant le dialogue entre les diff\u00e9rents acteurs.<\/p>\n<p>La rencontre s\u2019est cl\u00f4tur\u00e9e par l\u2019annonce d\u2019un ensemble de recommandations op\u00e9rationnelles destin\u00e9es \u00e0 la nouvelle g\u00e9n\u00e9ration de programmes territoriaux, afin de les rendre davantage sensibles au genre et pleinement align\u00e9s sur les principes de l\u2019\u00e9galit\u00e9 \u00e0 toutes les \u00e9tapes de conception, de mise en \u0153uvre et d\u2019\u00e9valuation. Cette dynamique constitue une nouvelle \u00e9tape sur la voie du renforcement du d\u00e9veloppement territorial de la r\u00e9gion Beni Mellal\u2013Kh\u00e9nifra et de la consolidation de la participation effective des femmes, en tant que levier essentiel de justice spatiale et de d\u00e9veloppement inclusif.<\/p>\n<p>Ont pris part \u00e0 cette rencontre des repr\u00e9sentants et repr\u00e9sentantes des collectivit\u00e9s territoriales de la r\u00e9gion Beni Mellal\u2013Kh\u00e9nifra, des membres des instances de l\u2019\u00e9galit\u00e9 et de l\u2019\u00e9galit\u00e9 des chances, des chercheurs universitaires, des \u00e9tudiants en master Migration et d\u00e9veloppement territorial, des acteurs des m\u00e9dias, ainsi que les partenaires du projet issus de l\u2019AFD et du programme Ajyal \u00a0\u00c9galit\u00e9.<\/p>\n<p><strong>SAID FRIX ALM<\/strong><\/p>\n","protected":false},"excerpt":{"rendered":"<p>La ville de Beni Mellal a abrit\u00e9, jeudi 27 novembre 2025, la rencontre de cl\u00f4ture du projet \u00ab Amssawass \u00bb, organis\u00e9e sous le th\u00e8me : \u00ab Renforcer les voix et les capacit\u00e9s des \u00e9lues pour acc\u00e9l\u00e9rer le d\u00e9veloppement territorial inclusif et mettre fin aux violences \u00e0 l\u2019\u00e9gard des femmes \u00bb. Cet \u00e9v\u00e9nement vient couronner plusieurs [&hellip;]<\/p>\n","protected":false},"author":4,"featured_media":3387,"comment_status":"open","ping_status":"open","sticky":false,"template":"","format":"standard","meta":{"footnotes":""},"categories":[1],"tags":[],"class_list":["post-3386","post","type-post","status-publish","format-standard","has-post-thumbnail","hentry","category-1"],"_links":{"self":[{"href":"https:\/\/pressmedias.ma\/index.php?rest_route=\/wp\/v2\/posts\/3386","targetHints":{"allow":["GET"]}}],"collection":[{"href":"https:\/\/pressmedias.ma\/index.php?rest_route=\/wp\/v2\/posts"}],"about":[{"href":"https:\/\/pressmedias.ma\/index.php?rest_route=\/wp\/v2\/types\/post"}],"author":[{"embeddable":true,"href":"https:\/\/pressmedias.ma\/index.php?rest_route=\/wp\/v2\/users\/4"}],"replies":[{"embeddable":true,"href":"https:\/\/pressmedias.ma\/index.php?rest_route=%2Fwp%2Fv2%2Fcomments&post=3386"}],"version-history":[{"count":1,"href":"https:\/\/pressmedias.ma\/index.php?rest_route=\/wp\/v2\/posts\/3386\/revisions"}],"predecessor-version":[{"id":3388,"href":"https:\/\/pressmedias.ma\/index.php?rest_route=\/wp\/v2\/posts\/3386\/revisions\/3388"}],"wp:featuredmedia":[{"embeddable":true,"href":"https:\/\/pressmedias.ma\/index.php?rest_route=\/wp\/v2\/media\/3387"}],"wp:attachment":[{"href":"https:\/\/pressmedias.ma\/index.php?rest_route=%2Fwp%2Fv2%2Fmedia&parent=3386"}],"wp:term":[{"taxonomy":"category","embeddable":true,"href":"https:\/\/pressmedias.ma\/index.php?rest_route=%2Fwp%2Fv2%2Fcategories&post=3386"},{"taxonomy":"post_tag","embeddable":true,"href":"https:\/\/pressmedias.ma\/index.php?rest_route=%2Fwp%2Fv2%2Ftags&post=3386"}],"curies":[{"name":"wp","href":"https:\/\/api.w.org\/{rel}","templated":true}]}}