{"id":3390,"date":"2025-12-02T17:58:42","date_gmt":"2025-12-02T16:58:42","guid":{"rendered":"https:\/\/pressmedias.ma\/?p=3390"},"modified":"2025-12-02T17:58:42","modified_gmt":"2025-12-02T16:58:42","slug":"lancement-de-la-premiere-edition-des-journees-culturelles-sociales-et-sportives-a-fquih-ben-salah","status":"publish","type":"post","link":"https:\/\/pressmedias.ma\/?p=3390","title":{"rendered":"Lancement de  la premi\u00e8re \u00e9dition des Journ\u00e9es culturelles, sociales et sportives \u00e0 Fquih Ben Salah"},"content":{"rendered":"<p>\u00c0 l\u2019occasion du cinquanti\u00e8me anniversaire de la Glorieuse Marche Verte et de la F\u00eate de l\u2019Ind\u00e9pendance, et sous le th\u00e8me \u00ab L\u2019esprit de la ville\u2026 l\u2019\u00e9nergie de la jeunesse et de la cr\u00e9ativit\u00e9 \u00bb, la ville de Fquih Ben Salah a lanc\u00e9, jeudi 13 novembre 2025, au complexe culturel, la premi\u00e8re \u00e9dition de ses Journ\u00e9es culturelles, sociales et sportives. L\u2019\u00e9v\u00e9nement est organis\u00e9 par le Conseil communal en partenariat avec l\u2019Association Oum Er-Rabii pour le d\u00e9veloppement int\u00e9gr\u00e9, en pr\u00e9sence d\u2019une d\u00e9l\u00e9gation officielle conduite par le gouverneur de la province, M. Mohamed Karnachi, et compos\u00e9e d\u2019\u00e9lus, d\u2019autorit\u00e9s locales, d\u2019acteurs de la soci\u00e9t\u00e9 civile ainsi que de nombreux artistes et cr\u00e9ateurs.<\/p>\n<p>La c\u00e9r\u00e9monie d\u2019ouverture, empreinte d\u2019une ambiance festive et patriotique, a \u00e9t\u00e9 marqu\u00e9e par l\u2019inauguration d\u2019une exposition d\u2019objets, de photographies et de documents retra\u00e7ant l\u2019histoire de la ville et du Royaume, r\u00e9alis\u00e9e par l\u2019acteur associatif Mohamed Sellak. Une autre exposition d\u00e9di\u00e9e aux artistes peintres locaux a \u00e9galement \u00e9t\u00e9 pr\u00e9sent\u00e9e, mettant en avant des \u0153uvres inspir\u00e9es de la m\u00e9moire collective et de l\u2019esprit de la Marche Verte. La soir\u00e9e s\u2019est distingu\u00e9e par la pr\u00e9sentation d\u2019une grande fresque nationale interpr\u00e9t\u00e9e par l\u2019Instance nationale des cr\u00e9ateurs marocains, avec la participation de jeunes artistes qui ont revisit\u00e9 des moments marquants de l\u2019histoire du pays.<\/p>\n<p>Le temps fort de la soir\u00e9e a \u00e9t\u00e9 la projection en avant-premi\u00e8re du long-m\u00e9trage \u00ab Histoire de fid\u00e9lit\u00e9 : \u00e0 la patrie des fronti\u00e8res\u2026 \u00e0 la patience des limites \u00bb, r\u00e9alis\u00e9 par Abdelali Tahiri, en pr\u00e9sence de l\u2019acteur principal Mohamed Zahra ainsi que de plusieurs personnalit\u00e9s culturelles. Ce film constitue un t\u00e9moignage artistique puissant sur la souffrance des Marocains s\u00e9questr\u00e9s dans les camps de Tindouf, m\u00ealant intensit\u00e9 dramatique, message national et dimension humaine, ce qui a suscit\u00e9 une forte r\u00e9action du public.<\/p>\n<p>Les activit\u00e9s se poursuivront durant les jours suivants, m\u00ealant d\u00e9bat, culture, cr\u00e9ativit\u00e9 et sport. Du 13 au 18 novembre 2025, le complexe culturel accueillera des conf\u00e9rences scientifiques et des ateliers portant sur le d\u00e9veloppement local, les alternatives agricoles, l\u2019intelligence artificielle et les techniques des m\u00e9dias num\u00e9riques.<\/p>\n<p>Des repr\u00e9sentations artistiques et th\u00e9\u00e2trales seront \u00e9galement propos\u00e9es par des troupes locales reconnues au niveau national, en plus de projections documentaires valorisant le talent des jeunes. Par ailleurs, des espaces d\u00e9di\u00e9s aux enfants et des ateliers de formation portant sur la digitalisation et la cr\u00e9ation de contenus seront mis en place. Un tournoi de football des quartiers, lanc\u00e9 deux semaines auparavant, r\u00e9unissant vingt \u00e9quipes, se d\u00e9roulera dans la salle couverte.<\/p>\n<p>Ces journ\u00e9es ne se limitent pas \u00e0 l\u2019aspect festif : elles int\u00e8grent \u00e9galement des rencontres de concertation entre associations, jeunes cadres et experts pour \u00e9changer autour de projets et propositions susceptibles de contribuer au d\u00e9veloppement de la ville dans une dynamique participative.<\/p>\n<p>Dans une d\u00e9claration \u00e0 cette occasion, M. Rahal El Mekkaoui, pr\u00e9sident du Conseil communal de Fquih Ben Salah, a soulign\u00e9 que l\u2019organisation de ces journ\u00e9es intervient \u00ab \u00e0 un moment national fort, incarnant l\u2019attachement profond \u00e0 la Nation et la fiert\u00e9 envers les acquis r\u00e9alis\u00e9s sous la conduite \u00e9clair\u00e9e de Sa Majest\u00e9 le Roi Mohammed VI, que Dieu L\u2019assiste \u00bb. Il a affirm\u00e9 que le Conseil communal \u00ab s\u2019engage pleinement dans l\u2019accompagnement du d\u00e9veloppement local et dans la promotion de la bonne gouvernance, \u00e0 travers des programmes renfor\u00e7ant la participation citoyenne et stimulant la cr\u00e9ativit\u00e9 \u00bb.<\/p>\n<ol>\n<li>El Mekkaoui a \u00e9galement pr\u00e9cis\u00e9 que cette premi\u00e8re \u00e9dition repr\u00e9sente \u00ab une \u00e9tape fondatrice ouvrant la voie \u00e0 une nouvelle phase de coop\u00e9ration entre institutions et acteurs locaux \u00bb, ajoutant que \u00ab l\u2019ensemble du programme a \u00e9t\u00e9 \u00e9labor\u00e9 enti\u00e8rement par des comp\u00e9tences locales, illustrant le potentiel des jeunes de la ville \u00bb. Il a enfin indiqu\u00e9 que les prochaines \u00e9ditions viseront \u00e0 \u00e9largir la participation et \u00e0 inclure de nouveaux profils pour b\u00e2tir une sc\u00e8ne culturelle et sportive r\u00e9pondant aux aspirations de la population.<\/li>\n<\/ol>\n<p>Le pr\u00e9sident du Conseil communal a conclu en exprimant sa gratitude \u00e0 l\u2019ensemble des partenaires, en particulier au gouverneur de la province, M. Mohamed Karnachi, pour son soutien constant, esp\u00e9rant que ces journ\u00e9es contribueront \u00e0 faire de Fquih Ben Salah une nouvelle destination attractive pour les investissements et un p\u00f4le dynamique au niveau local et national.<\/p>\n<p>Notons que Cette initiative vise \u00e0 mettre en lumi\u00e8re les comp\u00e9tences locales, en particulier celles des jeunes, et \u00e0 renforcer leur participation \u00e0 la vie culturelle, sociale et sportive de la ville. Elle s\u2019inscrit \u00e9galement dans une d\u00e9marche valorisant l\u2019appartenance nationale et les principes de citoyennet\u00e9 active.<\/p>\n<p>&nbsp;<\/p>\n<p><strong>SAID FRIX ALM<\/strong><\/p>\n","protected":false},"excerpt":{"rendered":"<p>\u00c0 l\u2019occasion du cinquanti\u00e8me anniversaire de la Glorieuse Marche Verte et de la F\u00eate de l\u2019Ind\u00e9pendance, et sous le th\u00e8me \u00ab L\u2019esprit de la ville\u2026 l\u2019\u00e9nergie de la jeunesse et de la cr\u00e9ativit\u00e9 \u00bb, la ville de Fquih Ben Salah a lanc\u00e9, jeudi 13 novembre 2025, au complexe culturel, la premi\u00e8re \u00e9dition de ses Journ\u00e9es [&hellip;]<\/p>\n","protected":false},"author":4,"featured_media":3316,"comment_status":"open","ping_status":"open","sticky":false,"template":"","format":"standard","meta":{"footnotes":""},"categories":[1],"tags":[],"class_list":["post-3390","post","type-post","status-publish","format-standard","has-post-thumbnail","hentry","category-1"],"_links":{"self":[{"href":"https:\/\/pressmedias.ma\/index.php?rest_route=\/wp\/v2\/posts\/3390","targetHints":{"allow":["GET"]}}],"collection":[{"href":"https:\/\/pressmedias.ma\/index.php?rest_route=\/wp\/v2\/posts"}],"about":[{"href":"https:\/\/pressmedias.ma\/index.php?rest_route=\/wp\/v2\/types\/post"}],"author":[{"embeddable":true,"href":"https:\/\/pressmedias.ma\/index.php?rest_route=\/wp\/v2\/users\/4"}],"replies":[{"embeddable":true,"href":"https:\/\/pressmedias.ma\/index.php?rest_route=%2Fwp%2Fv2%2Fcomments&post=3390"}],"version-history":[{"count":1,"href":"https:\/\/pressmedias.ma\/index.php?rest_route=\/wp\/v2\/posts\/3390\/revisions"}],"predecessor-version":[{"id":3391,"href":"https:\/\/pressmedias.ma\/index.php?rest_route=\/wp\/v2\/posts\/3390\/revisions\/3391"}],"wp:featuredmedia":[{"embeddable":true,"href":"https:\/\/pressmedias.ma\/index.php?rest_route=\/wp\/v2\/media\/3316"}],"wp:attachment":[{"href":"https:\/\/pressmedias.ma\/index.php?rest_route=%2Fwp%2Fv2%2Fmedia&parent=3390"}],"wp:term":[{"taxonomy":"category","embeddable":true,"href":"https:\/\/pressmedias.ma\/index.php?rest_route=%2Fwp%2Fv2%2Fcategories&post=3390"},{"taxonomy":"post_tag","embeddable":true,"href":"https:\/\/pressmedias.ma\/index.php?rest_route=%2Fwp%2Fv2%2Ftags&post=3390"}],"curies":[{"name":"wp","href":"https:\/\/api.w.org\/{rel}","templated":true}]}}