{"id":3393,"date":"2025-12-02T17:58:25","date_gmt":"2025-12-02T16:58:25","guid":{"rendered":"https:\/\/pressmedias.ma\/?p=3393"},"modified":"2025-12-02T17:58:25","modified_gmt":"2025-12-02T16:58:25","slug":"qrib-lik-un-forum-dedie-a-lemploi-des-jeunes-pour-sa-3%e1%b5%89-edition-a-beni-mellal","status":"publish","type":"post","link":"https:\/\/pressmedias.ma\/?p=3393","title":{"rendered":"\u00ab QRIB LIK \u00bb : un forum d\u00e9di\u00e9 \u00e0 l\u2019emploi des jeunes pour sa 3\u1d49 \u00e9dition \u00e0 B\u00e9ni Mellal"},"content":{"rendered":"<p><strong>\u00a0<\/strong><\/p>\n<p><strong>Dans le cadre de la mise en \u0153uvre du projet DAPP (Programme de Partenariat Danois-Arabe),<\/strong> <em>\u00a0et en pr\u00e9sence\u00a0 de M. Hicham Sabiry, secr\u00e9taire d&rsquo;Etat aupr\u00e8s du ministre de l&rsquo;Inclusion \u00e9conomique, de la Petite entreprise, de l&rsquo;Emploi et des Comp\u00e9tences, charg\u00e9 de l&rsquo;Emploi<\/em><strong> ,l\u2019Association de Qualification des Jeunes de B\u00e9ni Mellal-Kh\u00e9nifra et ses partenaires ont organis\u00e9 la troisi\u00e8me \u00e9dition du Forum \u00ab QRIB LIK \u00bb, mercredi 12 novembre 2025, \u00e0 la salle couverte de la ville de B\u00e9ni Mellal.<\/strong><\/p>\n<p>Dans une d\u00e9claration \u00e0 ALM\u00a0, Rachid El Habib ,directeur ex\u00e9cutif de l\u2019association pr\u00e9cit\u00e9e a soulign\u00e9 que cet \u00e9v\u00e8nement\u00a0 a r\u00e9uni les jeunes porteurs d\u2019id\u00e9es et de projets ainsi que les institutions publiques et priv\u00e9es, et a propos\u00e9 des programmes de soutien ouvrant de nouvelles perspectives\u00a0 \u00e0 la\u00a0 jeune g\u00e9n\u00e9ration d\u2019entrepreneurs et\u00a0 de porteurs de projets. Cette \u00e9dition\u00a0 s\u2019assigne pour objectif\u00a0 d\u2019insuffler\u00a0 un nouvel \u00e9lan aux jeunes, afin \u00a0qu\u2019ils explorent les opportunit\u00e9s de soutien disponibles dans la r\u00e9gion et d\u2019\u00e9changer des id\u00e9es autour de projets innovants et r\u00e9ussis. La rencontre a \u00e9galement comport\u00e9 des ateliers interactifs et des espaces mettant en valeur des produits locaux et innovants\u2026A cette occasion , je rends un vibrant hommage \u00e0 M Hicham Sabiry , Secr\u00e9taire\u00a0 <em>d&rsquo;Etat aupr\u00e8s du ministre de l&rsquo;Inclusion \u00e9conomique, de la Petite entreprise, de l&rsquo;Emploi et des Comp\u00e9tences, charg\u00e9 de l&rsquo;Emploi, \u00e0 M le Wali de la r\u00e9gion Beni Mellal kh\u00e9nifra , aux autorit\u00e9s locales , et tous nos partenaires qui ont particip\u00e9 \u00e0 la r\u00e9ussite de cet \u00e9v\u00e8nement unique en son genre qui a ouvert de nouveaux horizons aux jeunes de Beni Mellal kh\u00e9nifra<\/em><\/p>\n<p>Ce forum vise \u00e0 permettre aux jeunes d\u2019identifier les opportunit\u00e9s disponibles dans les domaines de l\u2019entrepreneuriat et de l\u2019auto-emploi, ainsi qu\u2019\u00e0 renforcer les \u00e9changes entre les acteurs \u00e9conomiques, les institutions publiques et priv\u00e9es, et les programmes de soutien aux initiatives port\u00e9es par les jeunes. Il ambitionne \u00e9galement de mettre en lumi\u00e8re des parcours de r\u00e9ussite et d\u2019accompagner les projets \u00e9mergents au niveau de la r\u00e9gion B\u00e9ni Mellal-Kh\u00e9nifra.<\/p>\n<p>L\u2019\u00e9v\u00e9nement \u00a0a connu la participation \u00e9largie de l\u2019ensemble des partenaires institutionnels et \u00e9conomiques, ainsi que la pr\u00e9sence de nombreux jeunes entrepreneurs b\u00e9n\u00e9ficiaires du projet DAPP. Il \u00a0a \u00e9t\u00e9 \u00e9galement ponctu\u00e9 d\u2019ateliers interactifs et d\u2019espaces d\u2019exposition d\u00e9di\u00e9s \u00e0 la pr\u00e9sentation de projets et de produits locaux innovants.<\/p>\n<p>Le forum \u00a0s\u2019est caract\u00e9ris\u00e9, cette ann\u00e9e, par la participation officielle du Secr\u00e9taire d\u2019\u00c9tat aupr\u00e8s du ministre de l\u2019Inclusion \u00e9conomique, de la Petite Entreprise, de l\u2019Emploi et des Comp\u00e9tences, charg\u00e9 de l\u2019emploi, qui \u00a0a pr\u00e9sid\u00e9 la s\u00e9ance d\u2019ouverture aux c\u00f4t\u00e9s de plusieurs personnalit\u00e9s r\u00e9gionales et nationales de premier plan.<\/p>\n<p>L\u2019organisation du Forum \u00ab QRIB LIK \u00bb s\u2019inscrit dans le cadre des efforts d\u00e9ploy\u00e9s par l\u2019Association de Qualification des Jeunes de B\u00e9ni Mellal-Kh\u00e9nifra et ses partenaires en vue de promouvoir l\u2019esprit d\u2019initiative et d\u2019innovation chez les jeunes, et d\u2019encourager les \u00e9conomies verte et num\u00e9rique, contribuant ainsi \u00e0 la cr\u00e9ation d\u2019opportunit\u00e9s d\u2019emploi durables et au d\u00e9veloppement \u00e9conomique inclusif au niveau local.<\/p>\n<p><strong>Said frix <\/strong><\/p>\n","protected":false},"excerpt":{"rendered":"<p>\u00a0 Dans le cadre de la mise en \u0153uvre du projet DAPP (Programme de Partenariat Danois-Arabe), \u00a0et en pr\u00e9sence\u00a0 de M. Hicham Sabiry, secr\u00e9taire d&rsquo;Etat aupr\u00e8s du ministre de l&rsquo;Inclusion \u00e9conomique, de la Petite entreprise, de l&rsquo;Emploi et des Comp\u00e9tences, charg\u00e9 de l&rsquo;Emploi ,l\u2019Association de Qualification des Jeunes de B\u00e9ni Mellal-Kh\u00e9nifra et ses partenaires ont [&hellip;]<\/p>\n","protected":false},"author":4,"featured_media":3394,"comment_status":"open","ping_status":"open","sticky":false,"template":"","format":"standard","meta":{"footnotes":""},"categories":[1],"tags":[],"class_list":["post-3393","post","type-post","status-publish","format-standard","has-post-thumbnail","hentry","category-1"],"_links":{"self":[{"href":"https:\/\/pressmedias.ma\/index.php?rest_route=\/wp\/v2\/posts\/3393","targetHints":{"allow":["GET"]}}],"collection":[{"href":"https:\/\/pressmedias.ma\/index.php?rest_route=\/wp\/v2\/posts"}],"about":[{"href":"https:\/\/pressmedias.ma\/index.php?rest_route=\/wp\/v2\/types\/post"}],"author":[{"embeddable":true,"href":"https:\/\/pressmedias.ma\/index.php?rest_route=\/wp\/v2\/users\/4"}],"replies":[{"embeddable":true,"href":"https:\/\/pressmedias.ma\/index.php?rest_route=%2Fwp%2Fv2%2Fcomments&post=3393"}],"version-history":[{"count":1,"href":"https:\/\/pressmedias.ma\/index.php?rest_route=\/wp\/v2\/posts\/3393\/revisions"}],"predecessor-version":[{"id":3395,"href":"https:\/\/pressmedias.ma\/index.php?rest_route=\/wp\/v2\/posts\/3393\/revisions\/3395"}],"wp:featuredmedia":[{"embeddable":true,"href":"https:\/\/pressmedias.ma\/index.php?rest_route=\/wp\/v2\/media\/3394"}],"wp:attachment":[{"href":"https:\/\/pressmedias.ma\/index.php?rest_route=%2Fwp%2Fv2%2Fmedia&parent=3393"}],"wp:term":[{"taxonomy":"category","embeddable":true,"href":"https:\/\/pressmedias.ma\/index.php?rest_route=%2Fwp%2Fv2%2Fcategories&post=3393"},{"taxonomy":"post_tag","embeddable":true,"href":"https:\/\/pressmedias.ma\/index.php?rest_route=%2Fwp%2Fv2%2Ftags&post=3393"}],"curies":[{"name":"wp","href":"https:\/\/api.w.org\/{rel}","templated":true}]}}