{"id":3397,"date":"2025-12-02T17:58:12","date_gmt":"2025-12-02T16:58:12","guid":{"rendered":"https:\/\/pressmedias.ma\/?p=3397"},"modified":"2025-12-02T17:58:12","modified_gmt":"2025-12-02T16:58:12","slug":"inauguration-et-lancement-de-projets-de-developpement-et-installation-des-caids-daghbala-et-tizi-nisli","status":"publish","type":"post","link":"https:\/\/pressmedias.ma\/?p=3397","title":{"rendered":"Inauguration et lancement de projets de d\u00e9veloppement  et installation des caids d\u2019Aghbala et Tizi Nisli"},"content":{"rendered":"<p><strong>\u00c0 l\u2019occasion de la comm\u00e9moration du 70\u1d49 anniversaire de la glorieuse F\u00eate de l\u2019Ind\u00e9pendance, le wali de la r\u00e9gion B\u00e9ni Mellal\u2013Kh\u00e9nifra, M. Mohamed Benribag, accompagn\u00e9 du pr\u00e9sident du Conseil r\u00e9gional, du pr\u00e9sident du Conseil provincial de B\u00e9ni Mellal, ainsi que de plusieurs \u00e9lus et responsables des services d\u00e9concentr\u00e9s et de la s\u00e9curit\u00e9, a proc\u00e9d\u00e9, lundi 17 novembre 2025, \u00e0 la visite, au lancement et \u00e0 l\u2019inauguration d\u2019un ensemble de projets de d\u00e9veloppement au niveau des communes territoriales de Boutferda et Aghbala.<\/strong><\/p>\n<p>Dans le cadre des efforts d\u00e9ploy\u00e9s pour promouvoir le d\u00e9veloppement local et am\u00e9liorer le cadre de vie des habitants dans les diff\u00e9rentes zones de la province, le wali et la d\u00e9l\u00e9gation l&rsquo;accompagnant ont donn\u00e9 le coup d\u2019envoi des travaux de pavage et de b\u00e9tonnage de la route principale menant au douar Tingarf. Ce projet, d\u2019un co\u00fbt de <strong>2 millions de dirhams<\/strong>, est financ\u00e9 par le Conseil r\u00e9gional. L\u2019inauguration de l\u2019\u00e9clairage public sur une longueur de <strong>1,8 km<\/strong>, r\u00e9alis\u00e9 par le Conseil provincial de B\u00e9ni Mellal, a \u00e9galement \u00e9t\u00e9 effectu\u00e9e.<\/p>\n<p>Dans le m\u00eame douar, a \u00e9t\u00e9 pr\u00e9sent\u00e9 le projet de d\u00e9veloppement et d\u2019animation sportive au profit des \u00e9l\u00e8ves de 18 \u00e9coles primaires de la province de B\u00e9ni Mellal, pour un co\u00fbt <strong>d\u2019un million de dirhams<\/strong>, financ\u00e9 par l\u2019Initiative nationale pour le d\u00e9veloppement humain (INDH). Ce programme vise l\u2019organisation d\u2019activit\u00e9s vari\u00e9es au sein des \u00e9tablissements concern\u00e9s, la cr\u00e9ation et la gestion de comp\u00e9titions sportives, le d\u00e9veloppement de programmes sportifs, ainsi que la formation et l\u2019encadrement des \u00e9l\u00e8ves en tant que futurs champions.<\/p>\n<p>Et afin de d\u00e9senclaver les zones rurales, de lutter contre l\u2019abandon scolaire, de r\u00e9duire les disparit\u00e9s sociales et de dynamiser le d\u00e9veloppement \u00e9conomique en milieu montagneux, le wali a donn\u00e9, au niveau de la commune de Boutferda, le coup d\u2019envoi des travaux de renforcement de la route reliant le douar Tasent \u00e0 Oued Tizgat en direction de Tingarf, sur 11 km, pour un co\u00fbt d\u2019environ <strong>14,2 millions de dirhams<\/strong> financ\u00e9 par le budget r\u00e9gional. \u00c0 Aghbala, il a \u00e9galement proc\u00e9d\u00e9 au lancement des travaux de construction de deux ouvrages d\u2019art sur Oued Ougdo et Oued Sidi Omar, pour un co\u00fbt d\u00e9passant <strong>14 millions de dirhams<\/strong>, financ\u00e9 par le Conseil r\u00e9gional.<\/p>\n<p>Cette visite a permis au wali d\u2019examiner de pr\u00e8s l\u2019\u00e9tat d\u2019avancement de plusieurs projets de d\u00e9veloppement \u00e0 Boutferda, d\u2019\u00e9changer avec les diff\u00e9rentes cat\u00e9gories de la population locale dans ces zones montagneuses, et d\u2019\u00e9couter leurs pr\u00e9occupations. L\u2019interaction directe et positive avec les questions soulev\u00e9es a \u00e9t\u00e9 salu\u00e9e par les habitants, qui ont exprim\u00e9 leur satisfaction quant aux initiatives entreprises.<\/p>\n<p>Dans le cadre de l\u2019attention continue port\u00e9e aux zones montagneuses de la province de B\u00e9ni Mellal, le wali de la r\u00e9gion B\u00e9ni Mellal\u2013Kh\u00e9nifra, M. Mohamed Benribag, a pr\u00e9sid\u00e9, au centre polyvalent d\u2019Aghbala, lundi 17 novembre 2025, la c\u00e9r\u00e9monie d\u2019installation des ca\u00efds d\u2019Aghbala et de Tizi Nisli, en pr\u00e9sence des \u00e9lus, des responsables des services ext\u00e9rieurs et s\u00e9curitaires, des repr\u00e9sentants de la soci\u00e9t\u00e9 civile et des m\u00e9dias.<\/p>\n<p>Dans son allocution, le wali a soulign\u00e9 que la nomination des nouveaux responsables territoriaux intervient dans une conjoncture particuli\u00e8re marqu\u00e9e par le lancement de nouveaux programmes de d\u00e9veloppement destin\u00e9s \u00e0 soutenir les cat\u00e9gories sociales les plus vuln\u00e9rables, en vue de garantir l\u2019\u00e9quit\u00e9 territoriale et le d\u00e9veloppement int\u00e9gr\u00e9 de toutes les zones. Il a pr\u00e9cis\u00e9 que cette mobilit\u00e9 a \u00e9t\u00e9 op\u00e9r\u00e9e afin de permettre \u00e0 l\u2019administration territoriale d\u2019accompagner ces programmes avec une nouvelle dynamique et une efficacit\u00e9 accrue. Les nouveaux ca\u00efds install\u00e9s sont Aymane El Haydouri nomm\u00e9 caid de la circonscription d\u2019Aghbala et Mohamed Hadi , nomm\u00e9 caid de la circonscription de Tizi Nisli<\/p>\n<p>Le wali a rappel\u00e9 le concept nouveau de l\u2019autorit\u00e9, bas\u00e9 sur la protection des int\u00e9r\u00eats des citoyens, la communication directe et permanente avec eux, ainsi que l\u2019\u00e9coute de leurs besoins et le traitement de leurs dol\u00e9ances sur le terrain, tout en les associant \u00e0 la prise de d\u00e9cision concernant la gestion de leur vie quotidienne. Il a appel\u00e9 les nouveaux responsables \u00e0 \u0153uvrer pour la moralisation de la vie publique, l\u2019am\u00e9lioration des services administratifs, et \u00e0 faire de l\u2019administration territoriale un levier essentiel du d\u00e9veloppement socio-\u00e9conomique, notamment \u00e0 travers l\u2019ouverture de canaux de communication avec toutes les composantes de la soci\u00e9t\u00e9, une gestion rigoureuse des affaires locales, et une collaboration \u00e9troite avec les conseils \u00e9lus, les services ext\u00e9rieurs et la soci\u00e9t\u00e9 civile afin de garantir les conditions de s\u00e9curit\u00e9, de d\u00e9veloppement int\u00e9gr\u00e9 et durable dans leurs secteurs d\u2019intervention.<\/p>\n<p>Le wali a \u00e9galement appel\u00e9 l\u2019ensemble des acteurs\u00a0 autorit\u00e9s, \u00e9lus, soci\u00e9t\u00e9 civile, notables, jeunes, femmes et hommes \u00e0 une mobilisation g\u00e9n\u00e9rale et \u00e0 un engagement responsable pour la mise en \u0153uvre des Hautes Orientations Royales en mati\u00e8re d\u2019\u00e9quit\u00e9 territoriale, en particulier dans les zones montagneuses, afin de leur assurer les m\u00eames opportunit\u00e9s de d\u00e9veloppement int\u00e9gr\u00e9. Il a insist\u00e9 sur l\u2019importance de participer \u00e0 l\u2019\u00e9laboration des programmes des plans de d\u00e9veloppement territorial int\u00e9gr\u00e9 et, par la suite, d\u2019assurer le suivi et la concr\u00e9tisation des projets sur le terrain.<\/p>\n<p>Il a par ailleurs soulign\u00e9 la n\u00e9cessit\u00e9 d\u2019acc\u00e9l\u00e9rer la pr\u00e9paration de programmes capables de r\u00e9pondre de mani\u00e8re urgente aux besoins de la population, en s\u2019appuyant sur quatre axes prioritaires d\u00e9j\u00e0 pris en charge par les commissions d\u00e9di\u00e9es au niveau de la province de B\u00e9ni Mellal : la promotion de l\u2019emploi, le renforcement des services sociaux de base, la gestion durable et anticipative des ressources en eau, ainsi que la mise \u00e0 niveau territoriale int\u00e9gr\u00e9e.<\/p>\n<p><strong>SAID FRIX ALM<\/strong><\/p>\n","protected":false},"excerpt":{"rendered":"<p>\u00c0 l\u2019occasion de la comm\u00e9moration du 70\u1d49 anniversaire de la glorieuse F\u00eate de l\u2019Ind\u00e9pendance, le wali de la r\u00e9gion B\u00e9ni Mellal\u2013Kh\u00e9nifra, M. Mohamed Benribag, accompagn\u00e9 du pr\u00e9sident du Conseil r\u00e9gional, du pr\u00e9sident du Conseil provincial de B\u00e9ni Mellal, ainsi que de plusieurs \u00e9lus et responsables des services d\u00e9concentr\u00e9s et de la s\u00e9curit\u00e9, a proc\u00e9d\u00e9, lundi [&hellip;]<\/p>\n","protected":false},"author":4,"featured_media":3398,"comment_status":"open","ping_status":"open","sticky":false,"template":"","format":"standard","meta":{"footnotes":""},"categories":[1],"tags":[],"class_list":["post-3397","post","type-post","status-publish","format-standard","has-post-thumbnail","hentry","category-1"],"_links":{"self":[{"href":"https:\/\/pressmedias.ma\/index.php?rest_route=\/wp\/v2\/posts\/3397","targetHints":{"allow":["GET"]}}],"collection":[{"href":"https:\/\/pressmedias.ma\/index.php?rest_route=\/wp\/v2\/posts"}],"about":[{"href":"https:\/\/pressmedias.ma\/index.php?rest_route=\/wp\/v2\/types\/post"}],"author":[{"embeddable":true,"href":"https:\/\/pressmedias.ma\/index.php?rest_route=\/wp\/v2\/users\/4"}],"replies":[{"embeddable":true,"href":"https:\/\/pressmedias.ma\/index.php?rest_route=%2Fwp%2Fv2%2Fcomments&post=3397"}],"version-history":[{"count":1,"href":"https:\/\/pressmedias.ma\/index.php?rest_route=\/wp\/v2\/posts\/3397\/revisions"}],"predecessor-version":[{"id":3399,"href":"https:\/\/pressmedias.ma\/index.php?rest_route=\/wp\/v2\/posts\/3397\/revisions\/3399"}],"wp:featuredmedia":[{"embeddable":true,"href":"https:\/\/pressmedias.ma\/index.php?rest_route=\/wp\/v2\/media\/3398"}],"wp:attachment":[{"href":"https:\/\/pressmedias.ma\/index.php?rest_route=%2Fwp%2Fv2%2Fmedia&parent=3397"}],"wp:term":[{"taxonomy":"category","embeddable":true,"href":"https:\/\/pressmedias.ma\/index.php?rest_route=%2Fwp%2Fv2%2Fcategories&post=3397"},{"taxonomy":"post_tag","embeddable":true,"href":"https:\/\/pressmedias.ma\/index.php?rest_route=%2Fwp%2Fv2%2Ftags&post=3397"}],"curies":[{"name":"wp","href":"https:\/\/api.w.org\/{rel}","templated":true}]}}