{"id":3432,"date":"2025-12-10T11:28:26","date_gmt":"2025-12-10T10:28:26","guid":{"rendered":"https:\/\/pressmedias.ma\/?p=3432"},"modified":"2025-12-10T11:28:26","modified_gmt":"2025-12-10T10:28:26","slug":"lancement-de-la-caravane-regionale-de-lurbanisme-et-de-lhabitat-a-beni-mellal-khenifra","status":"publish","type":"post","link":"https:\/\/pressmedias.ma\/?p=3432","title":{"rendered":"Lancement de la Caravane r\u00e9gionale de l\u2019urbanisme et de l\u2019habitat \u00e0 B\u00e9ni Mellal\u2013Kh\u00e9nifra"},"content":{"rendered":"<p>En application des Hautes Orientations Royales visant \u00e0 r\u00e9duire les disparit\u00e9s territoriales, \u00e0 promouvoir l\u2019\u00e9quit\u00e9 spatiale et \u00e0 renforcer l\u2019attention port\u00e9e aux zones rurales, et dans le cadre de la deuxi\u00e8me \u00e9dition de la <em>Caravane de proximit\u00e9 de l\u2019urbanisme et de l\u2019habitat au service du monde rural<\/em>, lanc\u00e9e par Madame la Ministre de l\u2019Am\u00e9nagement du Territoire National, de l\u2019Urbanisme, de l\u2019Habitat et de la Politique de la Ville depuis la province de Taroudant le 2 d\u00e9cembre 2025, il a \u00e9t\u00e9 proc\u00e9d\u00e9, ce vendredi 5 d\u00e9cembre 2025, au lancement officiel de la caravane r\u00e9gionale de la r\u00e9gion B\u00e9ni Mellal\u2013Kh\u00e9nifra, depuis le si\u00e8ge de la wilaya, sous la supervision\u00a0 du Wali de la r\u00e9gion, et en pr\u00e9sence de la vice-pr\u00e9sidente du Conseil r\u00e9gional, du pr\u00e9sident du Conseil provincial de B\u00e9ni Mellal, des services de s\u00e9curit\u00e9 ainsi que des repr\u00e9sentants r\u00e9gionaux du minist\u00e8re.<\/p>\n<p>Cette caravane r\u00e9gionale, qui traduit l\u2019op\u00e9rationnalisation des Hautes Directives Royales, sillonnera 19 communes rurales r\u00e9parties sur les cinq provinces de la r\u00e9gion B\u00e9ni Mellal-Kh\u00e9nifra (B\u00e9ni Mellal, Azilal, Fquih Ben Salah, Khouribga et Kh\u00e9nifra). Elle se d\u00e9roulera sur une p\u00e9riode de sept jours, du 5 au 11 d\u00e9cembre 2025.<\/p>\n<p>L\u2019objectif de cette initiative est de rapprocher les services de l\u2019urbanisme et de l\u2019habitat des populations rurales, de renforcer le ciblage du monde rural par des m\u00e9canismes modernes de proximit\u00e9, de soutenir les processus de construction, d\u2019acc\u00e9l\u00e9rer la d\u00e9livrance des autorisations de b\u00e2tir en milieu rural et de promouvoir une \u00e9quit\u00e9 territoriale pla\u00e7ant l\u2019humain et son cadre de vie au c\u0153ur des priorit\u00e9s.<\/p>\n<p>Par ailleurs, les objectifs op\u00e9rationnels de la caravane consistent \u00e0 fournir l\u2019information ad\u00e9quate, orienter les citoyens, pr\u00e9senter les interventions et missions des services r\u00e9gionaux du minist\u00e8re, exposer les programmes d\u2019assistance li\u00e9s \u00e0 la construction et \u00e0 l\u2019urbanisme en milieu rural, ainsi que le programme d\u2019aide directe au logement et les offres du Groupe Al Omrane.<\/p>\n<p>\u00c0 noter que la deuxi\u00e8me \u00e9dition de la Caravane de proximit\u00e9 au profit du monde rural couvrira les douze r\u00e9gions du Royaume, ciblant 118 communes rurales, soit plus de 1 532 680 habitants, avec la visite de 180 douars et 37 souks ruraux. Elle vise \u00e9galement \u00e0 rapprocher les services juridiques, techniques, fonciers et architecturaux, \u00e0 traiter les dossiers, \u00e0 pr\u00e9senter les offres de logement du Groupe Al Omrane et du programme d\u2019aide directe au logement, et \u00e0 accompagner l\u2019investissement en milieu rural.<\/p>\n<p><strong>SAID FRIX ALM<\/strong><\/p>\n","protected":false},"excerpt":{"rendered":"<p>En application des Hautes Orientations Royales visant \u00e0 r\u00e9duire les disparit\u00e9s territoriales, \u00e0 promouvoir l\u2019\u00e9quit\u00e9 spatiale et \u00e0 renforcer l\u2019attention port\u00e9e aux zones rurales, et dans le cadre de la deuxi\u00e8me \u00e9dition de la Caravane de proximit\u00e9 de l\u2019urbanisme et de l\u2019habitat au service du monde rural, lanc\u00e9e par Madame la Ministre de l\u2019Am\u00e9nagement du [&hellip;]<\/p>\n","protected":false},"author":4,"featured_media":3433,"comment_status":"open","ping_status":"open","sticky":false,"template":"","format":"standard","meta":{"footnotes":""},"categories":[1],"tags":[],"class_list":["post-3432","post","type-post","status-publish","format-standard","has-post-thumbnail","hentry","category-1"],"_links":{"self":[{"href":"https:\/\/pressmedias.ma\/index.php?rest_route=\/wp\/v2\/posts\/3432","targetHints":{"allow":["GET"]}}],"collection":[{"href":"https:\/\/pressmedias.ma\/index.php?rest_route=\/wp\/v2\/posts"}],"about":[{"href":"https:\/\/pressmedias.ma\/index.php?rest_route=\/wp\/v2\/types\/post"}],"author":[{"embeddable":true,"href":"https:\/\/pressmedias.ma\/index.php?rest_route=\/wp\/v2\/users\/4"}],"replies":[{"embeddable":true,"href":"https:\/\/pressmedias.ma\/index.php?rest_route=%2Fwp%2Fv2%2Fcomments&post=3432"}],"version-history":[{"count":1,"href":"https:\/\/pressmedias.ma\/index.php?rest_route=\/wp\/v2\/posts\/3432\/revisions"}],"predecessor-version":[{"id":3434,"href":"https:\/\/pressmedias.ma\/index.php?rest_route=\/wp\/v2\/posts\/3432\/revisions\/3434"}],"wp:featuredmedia":[{"embeddable":true,"href":"https:\/\/pressmedias.ma\/index.php?rest_route=\/wp\/v2\/media\/3433"}],"wp:attachment":[{"href":"https:\/\/pressmedias.ma\/index.php?rest_route=%2Fwp%2Fv2%2Fmedia&parent=3432"}],"wp:term":[{"taxonomy":"category","embeddable":true,"href":"https:\/\/pressmedias.ma\/index.php?rest_route=%2Fwp%2Fv2%2Fcategories&post=3432"},{"taxonomy":"post_tag","embeddable":true,"href":"https:\/\/pressmedias.ma\/index.php?rest_route=%2Fwp%2Fv2%2Ftags&post=3432"}],"curies":[{"name":"wp","href":"https:\/\/api.w.org\/{rel}","templated":true}]}}