{"id":3575,"date":"2026-03-05T01:49:26","date_gmt":"2026-03-05T00:49:26","guid":{"rendered":"https:\/\/pressmedias.ma\/?p=3575"},"modified":"2026-03-05T01:49:26","modified_gmt":"2026-03-05T00:49:26","slug":"repression-et-prevention-le-duo-gagnant-contre-linsecurite-routiere","status":"publish","type":"post","link":"https:\/\/pressmedias.ma\/?p=3575","title":{"rendered":"R\u00e9pression et pr\u00e9vention : le duo gagnant contre l\u2019ins\u00e9curit\u00e9 routi\u00e8re"},"content":{"rendered":"<p>Le Procureur du Roi pr\u00e8s le tribunal de premi\u00e8re instance de B\u00e9ni Mellal, M. Mustapha Hibi, a pr\u00e9sid\u00e9, mardi \u00a017 f\u00e9vrier 2026 ,une rencontre de communication organis\u00e9e \u00e0 l\u2019occasion de la Journ\u00e9e nationale de la s\u00e9curit\u00e9 routi\u00e8re, sous le th\u00e8me \u00ab La s\u00e9curit\u00e9 routi\u00e8re entre approche r\u00e9pressive et conscience soci\u00e9tale \u00bb. Cette rencontre a \u00e9t\u00e9 consacr\u00e9e \u00e0 l\u2019examen approfondi de la probl\u00e9matique des accidents de la circulation, consid\u00e9r\u00e9s comme un fl\u00e9au mondial qui continue de \u00a0d\u00e9cimer de nombreuses vies humaines et d\u2019occasionner d\u2019importantes pertes sociales et \u00e9conomiques.<\/p>\n<p>Dans son intervention, le Procureur du Roi a soulign\u00e9 que les accidents de la route ne sauraient \u00eatre r\u00e9duits \u00e0 de simples chiffres, les qualifiant de v\u00e9ritable \u00ab guerre \u00bb qui fait chaque ann\u00e9e des morts, des bless\u00e9s et provoque de profondes trag\u00e9dies humaines, tout en infligeant des pertes consid\u00e9rables \u00e0 l\u2019\u00e9conomie nationale. Il a estim\u00e9 que la lutte contre ce ph\u00e9nom\u00e8ne exige une approche globale reposant sur trois piliers essentiels, \u00e0 savoir la route, le v\u00e9hicule et le facteur humain, tout en combinant des mesures acad\u00e9miques, \u00e9ducatives, pr\u00e9ventives et r\u00e9pressives, et en veillant \u00e0 l\u2019application stricte des dispositions juridiques en vigueur.<\/p>\n<p>Il a \u00e9galement indiqu\u00e9 que le minist\u00e8re public a contribu\u00e9 \u00e0 l\u2019\u00e9laboration du plan national de s\u00e9curit\u00e9 routi\u00e8re, notamment en ce qui concerne les comportements dangereux des usagers. Toutefois, malgr\u00e9 les efforts engag\u00e9s et les programmes de sensibilisation mis en \u0153uvre, les statistiques de l\u2019ann\u00e9e 2025, particuli\u00e8rement en milieu urbain, demeurent pr\u00e9occupantes et r\u00e9v\u00e8lent une hausse notable du nombre d\u2019accidents et de d\u00e9c\u00e8s.<\/p>\n<p>Le Procureur du Roi a attribu\u00e9 cette recrudescence \u00e0 plusieurs facteurs structurels et humains, dont le non-respect du Code de la route, l\u2019inattention au volant, l\u2019usage du t\u00e9l\u00e9phone portable pendant la conduite, la consommation de substances alt\u00e9rant la concentration, la prolif\u00e9ration des motocyclettes sans port du casque, la diffusion croissante des trottinettes \u00e9lectriques, l\u2019insuffisance ou l\u2019absence de signalisation sur certains axes, le non-respect des passages pi\u00e9tons ainsi que les comportements de conduite dangereux et exhibitionnistes. Il a affirm\u00e9 que le minist\u00e8re public poursuivra une approche r\u00e9pressive \u00e0 l\u2019\u00e9gard des comportements \u00e0 risque tout en restant ouvert aux initiatives \u00e9ducatives et de sensibilisation, notamment aupr\u00e8s des \u00e9l\u00e8ves, en coordination avec l\u2019ensemble des partenaires.<\/p>\n<p>Pour sa part, le pr\u00e9sident du tribunal de premi\u00e8re instance de B\u00e9ni Mellal\u00a0 \u00a0Abdelhamid El Bahloul a soulign\u00e9 que l\u2019organisation de cette rencontre traduit une prise de conscience institutionnelle de la gravit\u00e9 du ph\u00e9nom\u00e8ne. Il a rappel\u00e9 que la s\u00e9curit\u00e9 routi\u00e8re constitue une responsabilit\u00e9 collective impliquant les autorit\u00e9s, les usagers de la route, la soci\u00e9t\u00e9 civile et les \u00e9tablissements d\u2019enseignement. Il a insist\u00e9 sur la n\u00e9cessit\u00e9 d\u2019ancrer l\u2019\u00e9ducation routi\u00e8re au sein des familles, de la renforcer dans les programmes scolaires, de multiplier les campagnes de sensibilisation, d\u2019am\u00e9liorer les infrastructures et la signalisation, et d\u2019assurer l\u2019application rigoureuse des lois relatives aux accidents de la circulation.<\/p>\n<p>Les \u00e9changes qui ont suivi ont permis d\u2019identifier plusieurs pistes d\u2019action, parmi lesquelles la mobilisation coordonn\u00e9e de l\u2019ensemble des acteurs institutionnels, \u00e9ducatifs, associatifs et m\u00e9diatiques, le renforcement des campagnes de sensibilisation pour influencer positivement les comportements des usagers, l\u2019int\u00e9gration des outils d\u2019intelligence artificielle pour am\u00e9liorer la pr\u00e9vention et le suivi, l\u2019intensification des actions de proximit\u00e9 dans les \u00e9coles et les quartiers, la consolidation du r\u00f4le de la soci\u00e9t\u00e9 civile dans la promotion du respect de la loi, l\u2019am\u00e9lioration continue de la signalisation et de l\u2019entretien des infrastructures routi\u00e8res, le contr\u00f4le accru des motos et des trottinettes \u00e9lectriques ainsi que l\u2019application stricte des sanctions \u00e0 l\u2019encontre des contrevenants, notamment pour le non-port du casque et le non-respect des passages pi\u00e9tons.<\/p>\n<p>Au terme de cette rencontre, les participants ont conclu que la r\u00e9duction des accidents de la route ne pourra \u00eatre obtenue sans un v\u00e9ritable changement des comportements et sans l\u2019instauration d\u2019une culture routi\u00e8re fond\u00e9e sur le respect, la discipline et la responsabilit\u00e9 collective, parall\u00e8lement \u00e0 la poursuite des r\u00e9formes structurelles et l\u00e9gislatives. Plusieurs responsables judiciaires et institutionnels ont pris part \u00e0 cette initiative, notamment le pr\u00e9sident du tribunal de premi\u00e8re instance, les substituts du Procureur du Roi, des magistrats, les responsables du greffe et du secr\u00e9tariat du parquet, un repr\u00e9sentant du barreau, le directeur de l\u2019Acad\u00e9mie r\u00e9gionale, des repr\u00e9sentants du conseil communal et de la wilaya, ainsi que des repr\u00e9sentants de la S\u00fbret\u00e9 nationale, de la Gendarmerie royale, de la Protection civile, de l\u2019agence nationale de la s\u00e9curit\u00e9 routi\u00e8re, de l\u2019h\u00f4pital r\u00e9gional de B\u00e9ni Mellal et d\u2019associations de la soci\u00e9t\u00e9 civile.<\/p>\n<p><strong>SAID FRIX ALM<\/strong><\/p>\n","protected":false},"excerpt":{"rendered":"<p>Le Procureur du Roi pr\u00e8s le tribunal de premi\u00e8re instance de B\u00e9ni Mellal, M. Mustapha Hibi, a pr\u00e9sid\u00e9, mardi \u00a017 f\u00e9vrier 2026 ,une rencontre de communication organis\u00e9e \u00e0 l\u2019occasion de la Journ\u00e9e nationale de la s\u00e9curit\u00e9 routi\u00e8re, sous le th\u00e8me \u00ab La s\u00e9curit\u00e9 routi\u00e8re entre approche r\u00e9pressive et conscience soci\u00e9tale \u00bb. Cette rencontre a \u00e9t\u00e9 [&hellip;]<\/p>\n","protected":false},"author":4,"featured_media":3576,"comment_status":"open","ping_status":"open","sticky":false,"template":"","format":"standard","meta":{"footnotes":""},"categories":[1],"tags":[],"class_list":["post-3575","post","type-post","status-publish","format-standard","has-post-thumbnail","hentry","category-1"],"_links":{"self":[{"href":"https:\/\/pressmedias.ma\/index.php?rest_route=\/wp\/v2\/posts\/3575","targetHints":{"allow":["GET"]}}],"collection":[{"href":"https:\/\/pressmedias.ma\/index.php?rest_route=\/wp\/v2\/posts"}],"about":[{"href":"https:\/\/pressmedias.ma\/index.php?rest_route=\/wp\/v2\/types\/post"}],"author":[{"embeddable":true,"href":"https:\/\/pressmedias.ma\/index.php?rest_route=\/wp\/v2\/users\/4"}],"replies":[{"embeddable":true,"href":"https:\/\/pressmedias.ma\/index.php?rest_route=%2Fwp%2Fv2%2Fcomments&post=3575"}],"version-history":[{"count":1,"href":"https:\/\/pressmedias.ma\/index.php?rest_route=\/wp\/v2\/posts\/3575\/revisions"}],"predecessor-version":[{"id":3577,"href":"https:\/\/pressmedias.ma\/index.php?rest_route=\/wp\/v2\/posts\/3575\/revisions\/3577"}],"wp:featuredmedia":[{"embeddable":true,"href":"https:\/\/pressmedias.ma\/index.php?rest_route=\/wp\/v2\/media\/3576"}],"wp:attachment":[{"href":"https:\/\/pressmedias.ma\/index.php?rest_route=%2Fwp%2Fv2%2Fmedia&parent=3575"}],"wp:term":[{"taxonomy":"category","embeddable":true,"href":"https:\/\/pressmedias.ma\/index.php?rest_route=%2Fwp%2Fv2%2Fcategories&post=3575"},{"taxonomy":"post_tag","embeddable":true,"href":"https:\/\/pressmedias.ma\/index.php?rest_route=%2Fwp%2Fv2%2Ftags&post=3575"}],"curies":[{"name":"wp","href":"https:\/\/api.w.org\/{rel}","templated":true}]}}