{"id":3579,"date":"2026-03-05T01:45:23","date_gmt":"2026-03-05T00:45:23","guid":{"rendered":"https:\/\/pressmedias.ma\/?p=3579"},"modified":"2026-03-05T01:45:23","modified_gmt":"2026-03-05T00:45:23","slug":"beni-mellal-khenifra-decrypte-la-structure-de-son-pib-pour-mieux-orienter-son-developpement","status":"publish","type":"post","link":"https:\/\/pressmedias.ma\/?p=3579","title":{"rendered":"B\u00e9ni Mellal\u2013Kh\u00e9nifra d\u00e9crypte la structure de son PIB pour mieux orienter son d\u00e9veloppement"},"content":{"rendered":"<p>Sous le th\u00e8me \u00ab\u00a0Le PIB r\u00e9gional , Beni Mellal Kh\u00e9nifra\u00a0:comprendre sa structure pour activer ses leviers\u00a0\u00bb et dans le cadre du renforcement des fondements de l\u2019intelligence \u00e9conomique territoriale et du soutien au d\u00e9bat public relatif aux m\u00e9canismes d\u2019analyse strat\u00e9gique de l\u2019\u00e9conomie r\u00e9gionale, le Centre R\u00e9gional d\u2019Investissement B\u00e9ni Mellal\u2013Kh\u00e9nifra, en partenariat avec la Direction r\u00e9gionale du Haut\u2011Commissariat au Plan et l\u2019\u00c9cole Nationale de Commerce et de Gestion de B\u00e9ni Mellal, \u00a0a organis\u00e9 , jeudi 12 F\u00e9vrier 2026 , \u00e0 l\u2019ENCG , \u00e0 Beni Mellal , une journ\u00e9e d\u2019\u00e9tude s\u2019inscrivant dans le cadre de la s\u00e9rie de rencontres intitul\u00e9e \u00ab Les Matinales de l\u2019intelligence \u00e9conomique \u00bb.<\/p>\n<p>Cette rencontre \u00a0a \u00e9t\u00e9 consacr\u00e9e \u00e0 la pr\u00e9sentation d\u2019une lecture analytique des indicateurs du produit int\u00e9rieur brut r\u00e9gional, \u00e0 la compr\u00e9hension de sa structure, ainsi qu\u2019\u00e0 la mise en lumi\u00e8re des cha\u00eenes de valeur territoriales et des potentialit\u00e9s de croissance et de comp\u00e9titivit\u00e9 \u00e0 l\u2019\u00e9chelle de la r\u00e9gion, \u00e0 travers des interventions d\u2019experts, de repr\u00e9sentants d\u2019institutions publiques et d\u2019acteurs \u00e9conomiques. Dans une d\u00e9claration \u00e0 ALM , Adil Azmi , Directeur g\u00e9n\u00e9ral du CRI , Beni Mellal kh\u00e9nifra a soulign\u00e9 qu\u2019avec la collaboration de la direction r\u00e9gionale du HCP et de l&rsquo;INCG de Beni Mellal, le CRI de Beni Mellal-Kh\u00e9nifra a organis\u00e9 la premi\u00e8re \u00e9dition des Matinales de l&rsquo;Intelligence \u00c9conomique. C&rsquo;est une s\u00e9rie d&rsquo;\u00e9v\u00e9nements qui a pour objectif de renforcer notre compr\u00e9hension du territoire r\u00e9gional, en partageant, analysant et discutant, et surtout en valorisant le capital informationnel dont disposent les diff\u00e9rentes institutions au niveau de la r\u00e9gion, afin d&rsquo;en faire un v\u00e9ritable outil d&rsquo;aide \u00e0 la prise de d\u00e9cision. Concernant la th\u00e9matique de cette premi\u00e8re \u00e9dition , M le Directeur a not\u00e9 que la premi\u00e8re \u00e9dition de cette s\u00e9rie a \u00e9t\u00e9 organis\u00e9e autour du PIB r\u00e9gional. Le PIB, c&rsquo;est l&rsquo;indication principale qui permet de mesurer la cr\u00e9ation de richesses dans un pays ou dans un territoire, et de calculer la dynamique et la croissance \u00e9conomique de ce territoire. C&rsquo;est une journ\u00e9e qui a r\u00e9uni un grand nombre d&rsquo;acteurs r\u00e9gionaux, des \u00e9tablissements publics, des professionnels, des chercheurs, des acad\u00e9miques, afin de d\u00e9battre de la structure du PIB dans notre r\u00e9gion. M Azmi a enfin ajout\u00e9 qu\u2019. Il y aura d&rsquo;autres \u00e9v\u00e9nements qui seront organis\u00e9s dans le cadre des Matinales de l&rsquo;Intelligence \u00c9conomique, afin de prospecter d&rsquo;autres th\u00e9matiques et d&rsquo;approfondir le d\u00e9bat et la r\u00e9flexion sur les diff\u00e9rentes th\u00e9matiques concernant le territoire r\u00e9gional.<\/p>\n<p>Pour sa part, le directeur r\u00e9gional du HCP , Beni Mellal kh\u00e9nifra , Rachid Toursi a d\u00e9clar\u00e9 qu\u2019il est particuli\u00e8rement pertinent que cette premi\u00e8re rencontre soit consacr\u00e9e au produit int\u00e9rieur brut r\u00e9gional. Cet indicateur rev\u00eat, depuis toujours, une importance capitale et demeure largement mobilis\u00e9 par les intellectuels, les d\u00e9cideurs publics, les acteurs \u00e9conomiques ainsi que par les \u00e9tudiantes et \u00e9tudiants des grandes \u00e9coles de commerce et d\u2019\u00e9conomie. Cela souligne clairement la n\u00e9cessit\u00e9 d\u2019en d\u00e9battre collectivement. Il appara\u00eet ainsi judicieux et n\u00e9cessaire d\u2019organiser une rencontre r\u00e9unissant l\u2019ensemble des utilisateurs du PIB avec l\u2019organisme charg\u00e9 de produire cet indicateur strat\u00e9gique, \u00e0 savoir le Haut-Commissariat au Plan. Et d\u2019explique que \u00ab\u00a0Le produit int\u00e9rieur brut constitue l\u2019agr\u00e9gat statistique de r\u00e9f\u00e9rence pour mesurer la richesse d\u2019une nation ou d\u2019une population donn\u00e9e. Il sert \u00e0 plusieurs finalit\u00e9s, notamment l\u2019\u00e9valuation de l\u2019utilisation des ressources naturelles et humaines, ainsi qu\u2019au classement et \u00e0 la comparaison des pays et des r\u00e9gions en mati\u00e8re de cr\u00e9ation de richesse.<\/p>\n<p>Malgr\u00e9 son importance, cet indicateur fait l\u2019objet de certaines critiques de la part des \u00e9conomistes qui cherchent \u00e0 appr\u00e9hender la prosp\u00e9rit\u00e9 r\u00e9elle des populations. En effet, le PIB ne refl\u00e8te pas le niveau de bien-\u00eatre et conserve un caract\u00e8re essentiellement quantitatif. Toutefois, en d\u00e9pit de ces limites, il demeure un outil incontournable pour l\u2019analyse \u00e9conomique et la prise de d\u00e9cision.\u00a0\u00bb. Concernant l\u2019un des objectifs essentiels de cette premi\u00e8re \u00e9dition, et la contribution du HCP pour surmonter ces obstacles , M Toursi a fait savoir que le calcul de cet indicateur se heurte \u00e0 d\u2019importantes difficult\u00e9s au Maroc, et la compr\u00e9hension de ces contraintes constitue pr\u00e9cis\u00e9ment l\u2019un des objectifs de cette rencontre. Le principal d\u00e9fi r\u00e9side dans la collecte des donn\u00e9es et des informations n\u00e9cessaires \u00e0 l\u2019estimation de la valeur du PIB. Pour surmonter ces obstacles, le Haut-Commissariat au Plan mobilise diverses sources d\u2019information, notamment des enqu\u00eates statistiques d\u2019envergure men\u00e9es par ses d\u00e9partements, telles que les enqu\u00eates sur les structures \u00e9conomiques, le secteur informel ou encore la consommation et les d\u00e9penses des m\u00e9nages, ainsi que des donn\u00e9es administratives provenant d\u2019autres administrations publiques et plusieurs indices statistiques relatifs aux prix, \u00e0 la production et \u00e0 d\u2019autres variables \u00e9conomiques. Et de conclure \u00ab\u00a0Si l\u2019\u00e9laboration du PIB national pr\u00e9sente d\u00e9j\u00e0 des contraintes m\u00e9thodologiques et op\u00e9rationnelles, le calcul du PIB r\u00e9gional s\u2019av\u00e8re encore plus complexe, notamment en raison de la non-disponibilit\u00e9 ou de l\u2019insuffisance des donn\u00e9es \u00e0 l\u2019\u00e9chelle territoriale. Ainsi, la d\u00e9termination de cet indicateur strat\u00e9gique exige une coop\u00e9ration \u00e9troite entre l\u2019ensemble des acteurs publics et priv\u00e9s. Une telle collaboration est essentielle pour garantir la fourniture d\u2019informations fiables et compl\u00e8tes, condition indispensable \u00e0 l\u2019\u00e9laboration d\u2019un produit int\u00e9rieur brut r\u00e9gional cr\u00e9dible et pertinent au service du d\u00e9veloppement territorial.\u00a0\u00bb.<\/p>\n<p>Notons que les interventions des diff\u00e9rents partenaires,\u00a0 du Directeur de l\u2019ENCG , du vice-pr\u00e9sident du conseil r\u00e9gional de Beni Mellal kh\u00e9nifra, du directeur r\u00e9gional du commerce et de l\u2019industrie\u2026ont port\u00e9 , entre autres , sur diff\u00e9rentes lectures strat\u00e9giques du PIB au niveau r\u00e9gional , les mesures \u00e0 prendre pour maximiser la cr\u00e9ation des valeurs ajout\u00e9es au niveau r\u00e9gional, le d\u00e9veloppement du capital humain , plier de la croissance durable\u2026<\/p>\n<p><strong>SAID FRIX ALM<\/strong><\/p>\n","protected":false},"excerpt":{"rendered":"<p>Sous le th\u00e8me \u00ab\u00a0Le PIB r\u00e9gional , Beni Mellal Kh\u00e9nifra\u00a0:comprendre sa structure pour activer ses leviers\u00a0\u00bb et dans le cadre du renforcement des fondements de l\u2019intelligence \u00e9conomique territoriale et du soutien au d\u00e9bat public relatif aux m\u00e9canismes d\u2019analyse strat\u00e9gique de l\u2019\u00e9conomie r\u00e9gionale, le Centre R\u00e9gional d\u2019Investissement B\u00e9ni Mellal\u2013Kh\u00e9nifra, en partenariat avec la Direction r\u00e9gionale du [&hellip;]<\/p>\n","protected":false},"author":4,"featured_media":3580,"comment_status":"open","ping_status":"open","sticky":false,"template":"","format":"standard","meta":{"footnotes":""},"categories":[1],"tags":[],"class_list":["post-3579","post","type-post","status-publish","format-standard","has-post-thumbnail","hentry","category-1"],"_links":{"self":[{"href":"https:\/\/pressmedias.ma\/index.php?rest_route=\/wp\/v2\/posts\/3579","targetHints":{"allow":["GET"]}}],"collection":[{"href":"https:\/\/pressmedias.ma\/index.php?rest_route=\/wp\/v2\/posts"}],"about":[{"href":"https:\/\/pressmedias.ma\/index.php?rest_route=\/wp\/v2\/types\/post"}],"author":[{"embeddable":true,"href":"https:\/\/pressmedias.ma\/index.php?rest_route=\/wp\/v2\/users\/4"}],"replies":[{"embeddable":true,"href":"https:\/\/pressmedias.ma\/index.php?rest_route=%2Fwp%2Fv2%2Fcomments&post=3579"}],"version-history":[{"count":1,"href":"https:\/\/pressmedias.ma\/index.php?rest_route=\/wp\/v2\/posts\/3579\/revisions"}],"predecessor-version":[{"id":3581,"href":"https:\/\/pressmedias.ma\/index.php?rest_route=\/wp\/v2\/posts\/3579\/revisions\/3581"}],"wp:featuredmedia":[{"embeddable":true,"href":"https:\/\/pressmedias.ma\/index.php?rest_route=\/wp\/v2\/media\/3580"}],"wp:attachment":[{"href":"https:\/\/pressmedias.ma\/index.php?rest_route=%2Fwp%2Fv2%2Fmedia&parent=3579"}],"wp:term":[{"taxonomy":"category","embeddable":true,"href":"https:\/\/pressmedias.ma\/index.php?rest_route=%2Fwp%2Fv2%2Fcategories&post=3579"},{"taxonomy":"post_tag","embeddable":true,"href":"https:\/\/pressmedias.ma\/index.php?rest_route=%2Fwp%2Fv2%2Ftags&post=3579"}],"curies":[{"name":"wp","href":"https:\/\/api.w.org\/{rel}","templated":true}]}}