{"id":3582,"date":"2026-03-05T01:48:55","date_gmt":"2026-03-05T00:48:55","guid":{"rendered":"https:\/\/pressmedias.ma\/?p=3582"},"modified":"2026-03-05T01:48:55","modified_gmt":"2026-03-05T00:48:55","slug":"quand-linformation-devient-un-levier-decisif-pour-le-choix-des-carrieres","status":"publish","type":"post","link":"https:\/\/pressmedias.ma\/?p=3582","title":{"rendered":"Quand l\u2019information devient un levier d\u00e9cisif pour le choix des carri\u00e8res"},"content":{"rendered":"<p>La ville de Beni Mellal\u00a0 a abrit\u00e9, les 13 et 14 f\u00e9vrier 2026, la 21\u1d49 \u00e9dition du Forum de l\u2019Information et de l\u2019Orientation, qui\u00a0 s\u2019est tenu \u00e0 la salle couverte des sports, sous le th\u00e8me : \u00ab Orientation intelligente pour le Maroc de demain \u00bb. Cette initiative s\u2019inscrit dans une dynamique r\u00e9gionale visant \u00e0 accompagner les \u00e9l\u00e8ves dans la construction de leurs projets scolaires et professionnels, tout en renfor\u00e7ant la culture de l\u2019orientation pr\u00e9coce et du choix r\u00e9fl\u00e9chi.<\/p>\n<p>Ce forum \u00e9ducatif, organis\u00e9 par l\u2019Acad\u00e9mie r\u00e9gionale de l\u2019\u00e9ducation et de la formation, l\u2019Association marocaine des cadres de l\u2019orientation et de la planification \u00e9ducative , section de \u00a0Beni Mellal\u2013Azilal\u2013Fquih Ben Salah et l\u2019institution Orienta Plus, constitue un rendez-vous annuel majeur dans la r\u00e9gion de Beni Mellal-Kh\u00e9nifra. Il offre un espace ouvert au dialogue et \u00e0 l\u2019\u00e9change entre les \u00e9l\u00e8ves et leurs parents d\u2019une part, et les repr\u00e9sentants des \u00e9tablissements universitaires, instituts de formation et \u00e9coles sup\u00e9rieures publiques et priv\u00e9es d\u2019autre part, afin de fournir aux visiteurs des informations pr\u00e9cises et actualis\u00e9es sur les diff\u00e9rents parcours \u00e9ducatifs et leurs d\u00e9bouch\u00e9s professionnels.<\/p>\n<p>\u00c0 cette occasion, Hicham Chafai, directeur de l\u2019institution Orienta Plus et natif de la r\u00e9gion de Beni Mellal-Kh\u00e9nifra, pr\u00e9cis\u00e9ment de Fquih Ben Salah, fort de plus de 30 ans d\u2019exp\u00e9rience dans l\u2019organisation d\u2019\u00e9v\u00e9nements \u00e9ducatifs, a soulign\u00e9 que cette manifestation \u00ab vise \u00e0 offrir \u00e0 l\u2019\u00e9l\u00e8ve une vision claire et compl\u00e8te de son parcours scolaire, en rapprochant l\u2019information des b\u00e9n\u00e9ficiaires et en les mettant en contact direct avec les diff\u00e9rentes \u00e9coles, instituts et universit\u00e9s \u00bb.<\/p>\n<p>Il a ajout\u00e9 que \u00ab l\u2019importance de ce forum r\u00e9side dans le fait qu\u2019il constitue une plateforme r\u00e9gionale d\u2019orientation dans le cadre de la r\u00e9gionalisation \u00e9largie, en proposant une offre \u00e9ducative diversifi\u00e9e qui refl\u00e8te les sp\u00e9cificit\u00e9s et les besoins de d\u00e9veloppement de la r\u00e9gion, tout en accompagnant les transformations du march\u00e9 du travail, permettant ainsi aux \u00e9l\u00e8ves et \u00e9tudiants de prendre des d\u00e9cisions bas\u00e9es sur des donn\u00e9es pr\u00e9cises et r\u00e9alistes \u00bb.<\/p>\n<p>Hicham Chafai a \u00e9galement pr\u00e9cis\u00e9 que l\u2019enjeu principal consiste \u00e0 \u00ab renforcer la culture de l\u2019orientation proactive et \u00e0 consacrer le principe d\u2019\u00e9galit\u00e9 des chances dans l\u2019acc\u00e8s \u00e0 l\u2019information, notamment pour les \u00e9l\u00e8ves issus des zones rurales et semi-urbaines \u00bb.<\/p>\n<p>Le forum \u00a0a connu une forte affluence d\u2019\u00e9l\u00e8ves et de leurs familles, en raison de la richesse du programme de cette \u00e9dition et de la diversit\u00e9 des \u00e9tablissements participants, renfor\u00e7ant ainsi sa place comme l\u2019un des rendez-vous \u00e9ducatifs majeurs de la r\u00e9gion de Beni Mellal-Kh\u00e9nifra.<\/p>\n<p><strong>Par ailleurs, cette \u00e9dition \u00a0a mis un accent particulier sur les m\u00e9tiers \u00e9mergents et les comp\u00e9tences de demain\u00a0 ce qui a permis aux \u00e9l\u00e8ves d\u2019appr\u00e9hender les transformations du march\u00e9 de l\u2019emploi et d\u2019identifier les opportunit\u00e9s professionnelles correspondant \u00e0 leurs aspirations et \u00e0 leurs talents. Enfin, le forum \u00a0a encourag\u00e9 \u00a0la participation active des \u00e9tablissements scolaires de la r\u00e9gion, en int\u00e9grant des projets et expos\u00e9s pr\u00e9par\u00e9s par les \u00e9l\u00e8ves eux-m\u00eames. Cette approche interactive vise \u00e0 stimuler la cr\u00e9ativit\u00e9 et l\u2019esprit d\u2019initiative, tout en favorisant une meilleure compr\u00e9hension des parcours acad\u00e9miques et professionnels possibles dans un environnement collaboratif et dynamique.<\/strong><\/p>\n<p><strong>SAID FRIX ALM<\/strong><\/p>\n","protected":false},"excerpt":{"rendered":"<p>La ville de Beni Mellal\u00a0 a abrit\u00e9, les 13 et 14 f\u00e9vrier 2026, la 21\u1d49 \u00e9dition du Forum de l\u2019Information et de l\u2019Orientation, qui\u00a0 s\u2019est tenu \u00e0 la salle couverte des sports, sous le th\u00e8me : \u00ab Orientation intelligente pour le Maroc de demain \u00bb. Cette initiative s\u2019inscrit dans une dynamique r\u00e9gionale visant \u00e0 accompagner [&hellip;]<\/p>\n","protected":false},"author":4,"featured_media":3583,"comment_status":"open","ping_status":"open","sticky":false,"template":"","format":"standard","meta":{"footnotes":""},"categories":[1],"tags":[],"class_list":["post-3582","post","type-post","status-publish","format-standard","has-post-thumbnail","hentry","category-1"],"_links":{"self":[{"href":"https:\/\/pressmedias.ma\/index.php?rest_route=\/wp\/v2\/posts\/3582","targetHints":{"allow":["GET"]}}],"collection":[{"href":"https:\/\/pressmedias.ma\/index.php?rest_route=\/wp\/v2\/posts"}],"about":[{"href":"https:\/\/pressmedias.ma\/index.php?rest_route=\/wp\/v2\/types\/post"}],"author":[{"embeddable":true,"href":"https:\/\/pressmedias.ma\/index.php?rest_route=\/wp\/v2\/users\/4"}],"replies":[{"embeddable":true,"href":"https:\/\/pressmedias.ma\/index.php?rest_route=%2Fwp%2Fv2%2Fcomments&post=3582"}],"version-history":[{"count":1,"href":"https:\/\/pressmedias.ma\/index.php?rest_route=\/wp\/v2\/posts\/3582\/revisions"}],"predecessor-version":[{"id":3584,"href":"https:\/\/pressmedias.ma\/index.php?rest_route=\/wp\/v2\/posts\/3582\/revisions\/3584"}],"wp:featuredmedia":[{"embeddable":true,"href":"https:\/\/pressmedias.ma\/index.php?rest_route=\/wp\/v2\/media\/3583"}],"wp:attachment":[{"href":"https:\/\/pressmedias.ma\/index.php?rest_route=%2Fwp%2Fv2%2Fmedia&parent=3582"}],"wp:term":[{"taxonomy":"category","embeddable":true,"href":"https:\/\/pressmedias.ma\/index.php?rest_route=%2Fwp%2Fv2%2Fcategories&post=3582"},{"taxonomy":"post_tag","embeddable":true,"href":"https:\/\/pressmedias.ma\/index.php?rest_route=%2Fwp%2Fv2%2Ftags&post=3582"}],"curies":[{"name":"wp","href":"https:\/\/api.w.org\/{rel}","templated":true}]}}