{"id":3585,"date":"2026-03-05T01:48:16","date_gmt":"2026-03-05T00:48:16","guid":{"rendered":"https:\/\/pressmedias.ma\/?p=3585"},"modified":"2026-03-05T01:48:16","modified_gmt":"2026-03-05T00:48:16","slug":"lancement-du-projet-damelioration-de-la-sante-et-de-la-nutrition-des-meres-et-des-enfants-dans-les-zones-rurales-les-plus-vulnerables-de-la-region-beni-mellal-khenifra","status":"publish","type":"post","link":"https:\/\/pressmedias.ma\/?p=3585","title":{"rendered":"Lancement du projet d\u2019am\u00e9lioration de la sant\u00e9 et de la nutrition des m\u00e8res et des enfants dans les zones rurales les plus vuln\u00e9rables de la r\u00e9gion B\u00e9ni Mellal-Kh\u00e9nifra"},"content":{"rendered":"<p>Le wali de la r\u00e9gion B\u00e9ni Mellal-Kh\u00e9nifra, M. Mohamed Benribag, a pr\u00e9sid\u00e9, mercredi 21 janvier 2026 au si\u00e8ge de la wilaya, la c\u00e9r\u00e9monie de lancement du projet d\u2019am\u00e9lioration de la sant\u00e9 et de la nutrition des m\u00e8res et des enfants dans les zones rurales les plus vuln\u00e9rables de la r\u00e9gion. Cet \u00e9v\u00e9nement s\u2019est d\u00e9roul\u00e9 en pr\u00e9sence de la vice-pr\u00e9sidente du Conseil r\u00e9gional, du pr\u00e9sident du Conseil provincial de B\u00e9ni Mellal, des repr\u00e9sentants de l\u2019UNICEF au Maroc, de l\u2019Agence cor\u00e9enne de coop\u00e9ration internationale (KOICA), du minist\u00e8re de la Sant\u00e9 et de la Protection sociale, ainsi que des chefs des services d\u00e9concentr\u00e9s concern\u00e9s.<\/p>\n<p>Ce projet, inscrit dans le cadre d\u2019un partenariat entre le minist\u00e8re de la Sant\u00e9 et de la Protection sociale, l\u2019Initiative nationale pour le d\u00e9veloppement humain (INDH), l\u2019UNICEF et l\u2019Agence cor\u00e9enne de coop\u00e9ration internationale (KOICA), vise \u00e0 mettre en place un mod\u00e8le d\u2019intervention r\u00e9gional permettant de r\u00e9duire les taux de mortalit\u00e9 et de morbidit\u00e9 \u00e9vitables chez les m\u00e8res, les nouveau-n\u00e9s et les enfants dans les zones vuln\u00e9rables de la r\u00e9gion B\u00e9ni Mellal-Kh\u00e9nifra. Une attention particuli\u00e8re sera accord\u00e9e aux mille premiers jours de la vie de l\u2019enfant, p\u00e9riode d\u00e9terminante pour sa croissance et son d\u00e9veloppement.<\/p>\n<p>Dans son allocution, le wali de la r\u00e9gion a salu\u00e9 cette initiative, qui vient renforcer les efforts d\u00e9ploy\u00e9s par l\u2019ensemble des intervenants au niveau r\u00e9gional, notamment l\u2019INDH, les collectivit\u00e9s territoriales et les services d\u00e9concentr\u00e9s, afin de rapprocher les services de sant\u00e9 de qualit\u00e9 des populations du monde rural et d\u2019encourager les bonnes pratiques en mati\u00e8re de suivi de la grossesse, d\u2019allaitement et de prise en charge des femmes enceintes et des nourrissons.<\/p>\n<p>Il a \u00e9galement soulign\u00e9 que cette initiative s\u2019inscrit en droite ligne avec les Hautes Orientations de Sa Majest\u00e9 le Roi Mohammed VI, que Dieu L\u2019assiste, visant l\u2019\u00e9laboration et la mise en \u0153uvre de programmes de d\u00e9veloppement territorial int\u00e9gr\u00e9, dans lesquels les secteurs de la sant\u00e9 et de l\u2019\u00e9ducation constituent des priorit\u00e9s majeures. Il a, en outre, affirm\u00e9 la mobilisation des autorit\u00e9s et de l\u2019ensemble des acteurs concern\u00e9s dans la r\u00e9gion pour assurer la r\u00e9ussite de ce projet et atteindre les objectifs escompt\u00e9s.<\/p>\n<p>Dot\u00e9 d\u2019un budget de 11 millions de dollars am\u00e9ricains, ce projet sera mis en \u0153uvre autour de trois axes principaux : l\u2019am\u00e9lioration de la qualit\u00e9 des services de soins maternels et n\u00e9onatals au sein des \u00e9tablissements de soins de sant\u00e9 primaires, le renforcement de la nutrition des m\u00e8res et des enfants \u00e0 travers la promotion de l\u2019allaitement maternel, la distribution de micronutriments et l\u2019adoption du concept des h\u00f4pitaux amis des b\u00e9b\u00e9s, ainsi que le renforcement de la demande communautaire en services de sant\u00e9 par des approches de changement social et comportemental et la mobilisation des organisations de la soci\u00e9t\u00e9 civile. S\u2019\u00e9talant sur une p\u00e9riode de cinq ans, ce projet b\u00e9n\u00e9ficiera directement, chaque ann\u00e9e, \u00e0 environ 15 500 femmes enceintes et allaitantes, ainsi qu\u2019\u00e0 125 000 enfants de moins de cinq ans.<\/p>\n<p><strong>SAID FRIX ALM<\/strong><\/p>\n","protected":false},"excerpt":{"rendered":"<p>Le wali de la r\u00e9gion B\u00e9ni Mellal-Kh\u00e9nifra, M. Mohamed Benribag, a pr\u00e9sid\u00e9, mercredi 21 janvier 2026 au si\u00e8ge de la wilaya, la c\u00e9r\u00e9monie de lancement du projet d\u2019am\u00e9lioration de la sant\u00e9 et de la nutrition des m\u00e8res et des enfants dans les zones rurales les plus vuln\u00e9rables de la r\u00e9gion. Cet \u00e9v\u00e9nement s\u2019est d\u00e9roul\u00e9 en [&hellip;]<\/p>\n","protected":false},"author":4,"featured_media":2665,"comment_status":"open","ping_status":"open","sticky":false,"template":"","format":"standard","meta":{"footnotes":""},"categories":[1],"tags":[],"class_list":["post-3585","post","type-post","status-publish","format-standard","has-post-thumbnail","hentry","category-1"],"_links":{"self":[{"href":"https:\/\/pressmedias.ma\/index.php?rest_route=\/wp\/v2\/posts\/3585","targetHints":{"allow":["GET"]}}],"collection":[{"href":"https:\/\/pressmedias.ma\/index.php?rest_route=\/wp\/v2\/posts"}],"about":[{"href":"https:\/\/pressmedias.ma\/index.php?rest_route=\/wp\/v2\/types\/post"}],"author":[{"embeddable":true,"href":"https:\/\/pressmedias.ma\/index.php?rest_route=\/wp\/v2\/users\/4"}],"replies":[{"embeddable":true,"href":"https:\/\/pressmedias.ma\/index.php?rest_route=%2Fwp%2Fv2%2Fcomments&post=3585"}],"version-history":[{"count":1,"href":"https:\/\/pressmedias.ma\/index.php?rest_route=\/wp\/v2\/posts\/3585\/revisions"}],"predecessor-version":[{"id":3586,"href":"https:\/\/pressmedias.ma\/index.php?rest_route=\/wp\/v2\/posts\/3585\/revisions\/3586"}],"wp:featuredmedia":[{"embeddable":true,"href":"https:\/\/pressmedias.ma\/index.php?rest_route=\/wp\/v2\/media\/2665"}],"wp:attachment":[{"href":"https:\/\/pressmedias.ma\/index.php?rest_route=%2Fwp%2Fv2%2Fmedia&parent=3585"}],"wp:term":[{"taxonomy":"category","embeddable":true,"href":"https:\/\/pressmedias.ma\/index.php?rest_route=%2Fwp%2Fv2%2Fcategories&post=3585"},{"taxonomy":"post_tag","embeddable":true,"href":"https:\/\/pressmedias.ma\/index.php?rest_route=%2Fwp%2Fv2%2Ftags&post=3585"}],"curies":[{"name":"wp","href":"https:\/\/api.w.org\/{rel}","templated":true}]}}