{"id":3590,"date":"2026-03-05T01:47:08","date_gmt":"2026-03-05T00:47:08","guid":{"rendered":"https:\/\/pressmedias.ma\/?p=3590"},"modified":"2026-03-05T01:47:08","modified_gmt":"2026-03-05T00:47:08","slug":"entretien-avec-nasr-eddine-el-houfi-artiste-age-de-20-ans-et-president-de-lassociation-actoria-pour-la-culture-et-le-developpement","status":"publish","type":"post","link":"https:\/\/pressmedias.ma\/?p=3590","title":{"rendered":"Entretien avec Nasr Eddine El Houfi, artiste \u00e2g\u00e9 de 20 ans et pr\u00e9sident de l\u2019Association Actoria pour la Culture et le D\u00e9veloppement"},"content":{"rendered":"<p><strong>\u00ab\u00a0Le cin\u00e9ma et l\u2019audiovisuel ont toujours \u00e9t\u00e9 pour moi un miroir cr\u00e9atif.\u00a0\u00bb<\/strong><\/p>\n<p><strong>\u00a0<\/strong><\/p>\n<p><strong>Le jeune artiste Nasr Eddine El Houfi qui s\u2019exprime \u00e0 travers le dessin , la peinture , le design 3D , le th\u00e9\u00e2tre et la sc\u00e9nographie nous fait part de sa passion qui lui a ouvert de nouveaux horizons artistiques. Nous l\u2019avons rencontr\u00e9 \u00e0 Beni Mellal ,samedi 7 f\u00e9vrier 2026 lors de la pr\u00e9sentation de la pi\u00e8ce de th\u00e9\u00e2tre \u00ab\u00a0Actrophobia\u00a0<\/strong><strong>\u00bb<\/strong><\/p>\n<p><strong>\u00a0<\/strong><\/p>\n<p><strong>Pourriez -vous d\u2019abord\u00a0 nous\u00a0 parler de\u00a0 votre parcours artistique ?<\/strong><br \/>\n<strong>Nasr Eddine El Houfi:<\/strong> je suis un artiste qui combine le dessin traditionnel et l\u2019art num\u00e9rique. J\u2019ai vingt ans, un baccalaur\u00e9at en arts appliqu\u00e9s et une licence en litt\u00e9rature anglaise, sp\u00e9cialit\u00e9 cin\u00e9ma. Je m\u2019exprime \u00e0 travers le dessin, la peinture, le design 3D, le th\u00e9\u00e2tre et la sc\u00e9nographie. Le cin\u00e9ma et l\u2019audiovisuel ont toujours \u00e9t\u00e9 pour moi un miroir cr\u00e9atif. Je me suis sp\u00e9cialis\u00e9 dans les effets visuels et l\u2019animation 3D, en r\u00e9alisant des films qui portent ma vision personnelle. Plus r\u00e9cemment, je me suis orient\u00e9 vers l\u2019\u00e9criture romanesque afin de m\u00ealer image et texte, couleurs et mots, pour cr\u00e9er un univers artistique coh\u00e9rent.<\/p>\n<p><strong>Quand et dans quel contexte l\u2019Association Actoria pour la Culture et le D\u00e9veloppement, dont vous \u00eates pr\u00e9sident , a-t-elle \u00e9t\u00e9 cr\u00e9\u00e9e ?<\/strong><\/p>\n<p>L\u2019association a \u00e9t\u00e9 fond\u00e9e le 5 juillet 2024. Il s\u2019agit d\u2019une organisation civile r\u00e9cente qui \u0153uvre pour la promotion de la culture, du d\u00e9veloppement et de l\u2019encadrement \u00e9ducatif au niveau local. Notre action est centralis\u00e9e, sans sections locales ni r\u00e9gionales. La gestion est assur\u00e9e par un bureau \u00e9lu pour deux ans, que je pr\u00e9side actuellement.<\/p>\n<p><strong>Quels sont les principaux domaines d\u2019intervention de l\u2019association ?<\/strong><\/p>\n<p>Nos activit\u00e9s s\u2019articulent autour de quatre axes majeurs. Nous accordons une grande importance \u00e0 l\u2019encadrement \u00e9ducatif afin d\u2019accompagner le parcours scolaire des jeunes. Nous organisons \u00e9galement des actions culturelles et artistiques dans divers domaines comme la musique, la po\u00e9sie, le th\u00e9\u00e2tre, le cin\u00e9ma et les arts plastiques. Par ailleurs, nous proposons des activit\u00e9s r\u00e9cr\u00e9atives et des programmes de d\u00e9veloppement des comp\u00e9tences pour renforcer la personnalit\u00e9 et les aptitudes des b\u00e9n\u00e9ficiaires.<\/p>\n<p><strong>Vous \u00a0avez pr\u00e9sent\u00e9 \u00a0la pi\u00e8ce \u00ab Actrophobia \u00bb au centre culturel \u00e0 BeniMellal. Pouvez-vous nous en parler ?<\/strong><br \/>\n\u00ab Actrophobia \u00bb est une pi\u00e8ce \u00e9crite et mise en sc\u00e8ne par Farah El Khaoui, avec une sc\u00e9nographie que j\u2019ai con\u00e7ue. Elle r\u00e9unit plusieurs com\u00e9diens : Zineb El Omrani, Farah El Khaoui, Iman Ben Ka\u00e2rir, Aya El Boustawi, Hamou Oukhloud et moi-m\u00eame. L\u2019\u0153uvre se d\u00e9roule dans un espace symbolique qui d\u00e9passe le simple d\u00e9cor pour devenir un univers int\u00e9rieur o\u00f9 se croisent peurs, r\u00eaves et souvenirs. Les personnages, bien que diff\u00e9rents, se posent tous la m\u00eame question : que signifie se tenir face \u00e0 la lumi\u00e8re, et que se passe-t-il lorsqu\u2019elle s\u2019\u00e9teint ? La pi\u00e8ce explore ainsi la tension entre le d\u00e9sir de para\u00eetre et la peur de se d\u00e9voiler.<\/p>\n<p>&nbsp;<\/p>\n<p><strong>\u00a0<\/strong><strong>Quels conseils pourriez-vous donner aux jeunes qui \u00a0voudraient \u00a0se lancer dans le domaine du \u00a0th\u00e9\u00e2tre ?<\/strong><br \/>\nJe leur conseille d\u2019exprimer leur cr\u00e9ativit\u00e9 avec spontan\u00e9it\u00e9. Ce que certains consid\u00e8rent comme anodin peut devenir un v\u00e9ritable acte artistique sur sc\u00e8ne. Il ne faut pas avoir peur d\u2019exp\u00e9rimenter des formes nouvelles ou non conventionnelles. Oser, c\u2019est souvent \u00eatre sur la bonne voie.<\/p>\n<p><strong>Vous travaillez \u00e9galement sur un film intitul\u00e9 \u00ab Afterlight \u00bb. De quoi s\u2019agit-il ?<\/strong><\/p>\n<p>\u00ab Afterlight \u00bb est un film de science-fiction post-apocalyptique. L\u2019histoire se d\u00e9roule dans un monde o\u00f9 ni les humains ni les machines ne sont r\u00e9ellement victorieux. Ce n\u2019est pas un r\u00e9cit de guerre, mais plut\u00f4t une r\u00e9flexion sur ce qui subsiste apr\u00e8s la destruction. Deux unit\u00e9s robotiques sont envoy\u00e9es en mission pour trouver une terre encore habitable, capable d\u2019offrir un nouveau d\u00e9part \u00e0 l\u2019humanit\u00e9. Leur voyage \u00e0 travers des territoires hostiles les confronte \u00e0 une nature violente et \u00e0 des machines incontr\u00f4lables. La mission r\u00e9ussit, mais \u00e0 un prix \u00e9lev\u00e9. Il s\u2019agit d\u2019une production ind\u00e9pendante marocaine. Le film m\u00eale science-fiction, drame et action. Il est multilingue : darija marocaine, arabe classique, anglais et cor\u00e9en. J\u2019en assure le concept original, le sc\u00e9nario, la r\u00e9alisation, le design, l\u2019animation ainsi que la musique originale.<\/p>\n<p><strong>Propos recueillis par SAID FRIX ALM<\/strong><\/p>\n","protected":false},"excerpt":{"rendered":"<p>\u00ab\u00a0Le cin\u00e9ma et l\u2019audiovisuel ont toujours \u00e9t\u00e9 pour moi un miroir cr\u00e9atif.\u00a0\u00bb \u00a0 Le jeune artiste Nasr Eddine El Houfi qui s\u2019exprime \u00e0 travers le dessin , la peinture , le design 3D , le th\u00e9\u00e2tre et la sc\u00e9nographie nous fait part de sa passion qui lui a ouvert de nouveaux horizons artistiques. Nous l\u2019avons [&hellip;]<\/p>\n","protected":false},"author":4,"featured_media":3591,"comment_status":"open","ping_status":"open","sticky":false,"template":"","format":"standard","meta":{"footnotes":""},"categories":[1],"tags":[],"class_list":["post-3590","post","type-post","status-publish","format-standard","has-post-thumbnail","hentry","category-1"],"_links":{"self":[{"href":"https:\/\/pressmedias.ma\/index.php?rest_route=\/wp\/v2\/posts\/3590","targetHints":{"allow":["GET"]}}],"collection":[{"href":"https:\/\/pressmedias.ma\/index.php?rest_route=\/wp\/v2\/posts"}],"about":[{"href":"https:\/\/pressmedias.ma\/index.php?rest_route=\/wp\/v2\/types\/post"}],"author":[{"embeddable":true,"href":"https:\/\/pressmedias.ma\/index.php?rest_route=\/wp\/v2\/users\/4"}],"replies":[{"embeddable":true,"href":"https:\/\/pressmedias.ma\/index.php?rest_route=%2Fwp%2Fv2%2Fcomments&post=3590"}],"version-history":[{"count":1,"href":"https:\/\/pressmedias.ma\/index.php?rest_route=\/wp\/v2\/posts\/3590\/revisions"}],"predecessor-version":[{"id":3592,"href":"https:\/\/pressmedias.ma\/index.php?rest_route=\/wp\/v2\/posts\/3590\/revisions\/3592"}],"wp:featuredmedia":[{"embeddable":true,"href":"https:\/\/pressmedias.ma\/index.php?rest_route=\/wp\/v2\/media\/3591"}],"wp:attachment":[{"href":"https:\/\/pressmedias.ma\/index.php?rest_route=%2Fwp%2Fv2%2Fmedia&parent=3590"}],"wp:term":[{"taxonomy":"category","embeddable":true,"href":"https:\/\/pressmedias.ma\/index.php?rest_route=%2Fwp%2Fv2%2Fcategories&post=3590"},{"taxonomy":"post_tag","embeddable":true,"href":"https:\/\/pressmedias.ma\/index.php?rest_route=%2Fwp%2Fv2%2Ftags&post=3590"}],"curies":[{"name":"wp","href":"https:\/\/api.w.org\/{rel}","templated":true}]}}