{"id":3597,"date":"2026-03-05T01:46:01","date_gmt":"2026-03-05T00:46:01","guid":{"rendered":"https:\/\/pressmedias.ma\/?p=3597"},"modified":"2026-03-05T01:46:01","modified_gmt":"2026-03-05T00:46:01","slug":"a-beni-mellal-experts-et-avocats-repensent-la-justice-des-enfants","status":"publish","type":"post","link":"https:\/\/pressmedias.ma\/?p=3597","title":{"rendered":"\u00c0 B\u00e9ni Mellal, experts et avocats repensent la justice des enfants"},"content":{"rendered":"<p><strong>Dans le cadre du programme national intitul\u00e9 \u00ab La justice des mineurs de point de vue de la d\u00e9fense \u00bb, une journ\u00e9e d\u2019\u00e9tude ainsi que des ateliers de travail sous le th\u00e8me : \u00ab Pour une nouvelle approche de la justice des enfants \u00bb\u00a0 ont \u00e9t\u00e9 organis\u00e9s, vendredi 13 f\u00e9vrier 2026, \u00e0 la salle de conf\u00e9rences relevant de la <\/strong><strong>Chambre r\u00e9gionale d\u2019agriculture de B\u00e9ni Mellal<\/strong><strong> par la <\/strong><strong>Fondation Mohammed VI pour la R\u00e9insertion des D\u00e9tenus et <\/strong><strong>l&rsquo;Ordre des avocats de Beni Mellal en <\/strong><strong>partenariat avec l\u2019<\/strong><strong>Union europ\u00e9enne<\/strong><strong> et l\u2019<\/strong><strong>UNICEF.<\/strong><\/p>\n<p>Dans son intervention, le b\u00e2tonnier de l&rsquo;Ordre des avocats de Beni Mellal, Abdenbi El Hamzaoui a \u00a0d\u00e9clar\u00e9 que la justice pour les enfants constitue un ensemble juridique et des droits visant \u00e0 prot\u00e9ger les enfants, qu&rsquo;ils soient victimes, t\u00e9moins ou d\u00e9linquants, en adoptant une approche qui prend en compte leurs int\u00e9r\u00eats ainsi que leur d\u00e9veloppement psychologique et physique. Ce dispositif repose toujours sur la protection, le respect de la dignit\u00e9 des enfants, et utilise des mesures pr\u00e9ventives plut\u00f4t que punitives, afin d&rsquo;assurer leur r\u00e9habilitation et leur r\u00e9int\u00e9gration dans la soci\u00e9t\u00e9. De point de vue de la d\u00e9fense, la justice des mineurs est un domaine sensible, visant \u00e0 prot\u00e9ger les droits de l\u2019enfant et \u00e0 garantir son int\u00e9r\u00eat sup\u00e9rieur. L\u2019Ordre des avocats joue un r\u00f4le essentiel dans la garantie d&rsquo;un jugement \u00e9quitable pour les mineurs\u2026Et de conclure \u00ab\u00a0 J&rsquo;esp\u00e8re que cette rencontre aujourd&rsquo;hui sera une occasion d&rsquo;\u00e9changer des id\u00e9es et des exp\u00e9riences, et de formuler des recommandations qui contribuent au renforcement de la justice des mineurs dans notre pays.<\/p>\n<p>Pour sa part, le coordinateur national de la Fondation Mohammed VI pour la R\u00e9insertion des d\u00e9tenus ,M Abdelouahed Jamali El Idrissi\u00a0\u00a0 a not\u00e9 qu\u2019avec \u00ab\u00a0 l&rsquo;existence de trait\u00e9s internationaux et de lois nationales visant \u00e0 prot\u00e9ger l&rsquo;enfant le droit de l&rsquo;enfant \u00e0 la vie, dans tous les domaines, est un devoir qui incombe aux adultes, impos\u00e9 par les lois une fois, et par le devoir moral. Reconna\u00eetre ces droits, les pr\u00e9server et les prot\u00e9ger est une vertu qui d\u00e9passe les textes juridiques et les proc\u00e9dures judiciaires. Consid\u00e9rer l&rsquo;enfant comme un probl\u00e8me, un obstacle, un d\u00e9faut ou une menace le rend incapable de surmonter tous les \u00e9carts. Ainsi, la\u00a0 protection des enfants n&rsquo;est pas l&rsquo;affaire unique de la justice, ni du contr\u00f4le judiciaire, ni de l&rsquo;enseignant, ni de l&rsquo;avocat, mais c&rsquo;est une affaire globale qui croise toutes les politiques et toutes les institutions, voire tous les composantes de la soci\u00e9t\u00e9\u2026.<\/p>\n<p>Les diff\u00e9rentes interventions , lors de cette journ\u00e9e ,ont port\u00e9 sur la justice pour les enfants, entre les instruments internationaux et la l\u00e9gislation nationale, le r\u00f4le de l&rsquo;avocat dans le parcours de la justice pour les enfants., le r\u00f4le de l&rsquo;avocat dans le renforcement des garanties des droits de la d\u00e9fense dans les affaires concernant les enfants et la libert\u00e9 garantie, entre la vision du l\u00e9gislateur et la r\u00e9alit\u00e9 pratique.<\/p>\n<p>Les objectifs \u00a0\u00a0des ateliers de formation \u00a0\u00a0qui \u00a0ont \u00e9t\u00e9 organis\u00e9s\u00a0 \u00e0 l\u2019intention des avocats stagiaires\u00a0 de l\u2019ordre de Beni Mellal visent \u00e0 renforcer les capacit\u00e9s des avocats stagiaires dans le domaine de la justice des mineurs, en d\u00e9veloppant leurs connaissances juridiques et pratiques, et en consolidant une approche juridique int\u00e9gr\u00e9e qui consacre la sp\u00e9cificit\u00e9 de l&rsquo;enfant en situation de contact avec la loi, tout en veillant au principe de l&rsquo;int\u00e9r\u00eat sup\u00e9rieur de l&rsquo;enfant au sein du syst\u00e8me de justice p\u00e9nale. Parmi les objectifs sp\u00e9cifiques de cette rencontre , l\u2019on distingue l&rsquo;appropriation du cadre juridique international et national encadrant la justice des mineurs, ainsi que la mise en lumi\u00e8re des r\u00f4les et responsabilit\u00e9s de tous les acteurs du domaine en plus du \u00a0renforcement des comp\u00e9tences et des exp\u00e9riences des participants, afin d&rsquo;instaurer un socle solide dans le domaine de la d\u00e9fense des enfants. Environ 200 participants, avocats stagiaires de l&rsquo;Ordre de Beni Mellal ont b\u00e9n\u00e9fici\u00e9 \u00a0de cet atelier dont les grands axes sont les suivants : le cadre juridique et institutionnel de la justice des mineurs, le r\u00f4le de l&rsquo;Ordre de la d\u00e9fense dans la protection des droits de l&rsquo;enfant, la pratique et les comp\u00e9tences dans les affaires de justice des mineurs et \u00a0vers une justice p\u00e9nale favorable aux enfants. Les r\u00e9sultats attendus \u00a0portent sur le renforcement du \u00a0niveau de connaissance juridique des avocats stagiaires sur les sp\u00e9cificit\u00e9s de la justice des mineurs ; l\u2019accroissement\u00a0 des \u00a0comp\u00e9tences professionnelles et scientifiques dans le domaine de la plaidoirie et de la d\u00e9fense des enfants en contact avec la loi ; \u00a0l\u2019harmonisation de \u00a0la compr\u00e9hension des r\u00f4les et responsabilit\u00e9s des acteurs du syst\u00e8me de justice des mineurs ; enfin, \u00a0la contribution \u00e0 l&rsquo;instauration d\u2019un noyau sp\u00e9cialis\u00e9 et professionnel dans la d\u00e9fense des enfants, en coh\u00e9rence et en compl\u00e9mentarit\u00e9 avec les diff\u00e9rents acteurs du syst\u00e8me de justice des mineurs.<\/p>\n<p>SAID FRIX ALM<\/p>\n","protected":false},"excerpt":{"rendered":"<p>Dans le cadre du programme national intitul\u00e9 \u00ab La justice des mineurs de point de vue de la d\u00e9fense \u00bb, une journ\u00e9e d\u2019\u00e9tude ainsi que des ateliers de travail sous le th\u00e8me : \u00ab Pour une nouvelle approche de la justice des enfants \u00bb\u00a0 ont \u00e9t\u00e9 organis\u00e9s, vendredi 13 f\u00e9vrier 2026, \u00e0 la salle de [&hellip;]<\/p>\n","protected":false},"author":4,"featured_media":3598,"comment_status":"open","ping_status":"open","sticky":false,"template":"","format":"standard","meta":{"footnotes":""},"categories":[1],"tags":[],"class_list":["post-3597","post","type-post","status-publish","format-standard","has-post-thumbnail","hentry","category-1"],"_links":{"self":[{"href":"https:\/\/pressmedias.ma\/index.php?rest_route=\/wp\/v2\/posts\/3597","targetHints":{"allow":["GET"]}}],"collection":[{"href":"https:\/\/pressmedias.ma\/index.php?rest_route=\/wp\/v2\/posts"}],"about":[{"href":"https:\/\/pressmedias.ma\/index.php?rest_route=\/wp\/v2\/types\/post"}],"author":[{"embeddable":true,"href":"https:\/\/pressmedias.ma\/index.php?rest_route=\/wp\/v2\/users\/4"}],"replies":[{"embeddable":true,"href":"https:\/\/pressmedias.ma\/index.php?rest_route=%2Fwp%2Fv2%2Fcomments&post=3597"}],"version-history":[{"count":1,"href":"https:\/\/pressmedias.ma\/index.php?rest_route=\/wp\/v2\/posts\/3597\/revisions"}],"predecessor-version":[{"id":3599,"href":"https:\/\/pressmedias.ma\/index.php?rest_route=\/wp\/v2\/posts\/3597\/revisions\/3599"}],"wp:featuredmedia":[{"embeddable":true,"href":"https:\/\/pressmedias.ma\/index.php?rest_route=\/wp\/v2\/media\/3598"}],"wp:attachment":[{"href":"https:\/\/pressmedias.ma\/index.php?rest_route=%2Fwp%2Fv2%2Fmedia&parent=3597"}],"wp:term":[{"taxonomy":"category","embeddable":true,"href":"https:\/\/pressmedias.ma\/index.php?rest_route=%2Fwp%2Fv2%2Fcategories&post=3597"},{"taxonomy":"post_tag","embeddable":true,"href":"https:\/\/pressmedias.ma\/index.php?rest_route=%2Fwp%2Fv2%2Ftags&post=3597"}],"curies":[{"name":"wp","href":"https:\/\/api.w.org\/{rel}","templated":true}]}}