{"id":3602,"date":"2026-03-05T01:45:41","date_gmt":"2026-03-05T00:45:41","guid":{"rendered":"https:\/\/pressmedias.ma\/?p=3602"},"modified":"2026-03-05T01:45:41","modified_gmt":"2026-03-05T00:45:41","slug":"benevoles-familles-et-bienfaiteurs-unis-autour-dune-meme-cause","status":"publish","type":"post","link":"https:\/\/pressmedias.ma\/?p=3602","title":{"rendered":"B\u00e9n\u00e9voles, familles et bienfaiteurs unis autour d\u2019une m\u00eame cause"},"content":{"rendered":"<p>\u00c0 l\u2019occasion du mois sacr\u00e9 de Ramadan, de nombreuses associations se mobilisent pour venir en aide aux plus d\u00e9munis en proposant des repas collectifs de rupture du je\u00fbne. \u00c0 Beni Mellal, cette solidarit\u00e9 prend tout son sens gr\u00e2ce \u00e0 l\u2019engagement d\u2019acteurs locaux, dont la jeune Association Manabia Beni Mellal-Kh\u00e9nifra. Plus de 200 repas sont distribu\u00e9s au moment du Ftour ( 130 sur place et 70 repas emport\u00e9s ).<\/p>\n<p>Malgr\u00e9 sa cr\u00e9ation r\u00e9cente , c\u2019\u00e9tait en 2025, l\u2019association Manabia ne m\u00e9nage aucun effort pour soutenir les personnes en situation de pr\u00e9carit\u00e9, les\u00a0 familles n\u00e9cessiteuses,\u00a0 les personnes \u00e2g\u00e9es, les veuves ainsi que des\u00a0 \u00e9tudiants qui sont\u00a0 dans l\u2019incapacit\u00e9 de cuisiner pendant leurs examens. Port\u00e9e par une \u00e9quipe de b\u00e9n\u00e9voles issus d\u2019horizons vari\u00e9s ,sport, culture, finance, m\u00e9dias \u2026l\u2019association s\u2019est dot\u00e9e d\u2019un programme structur\u00e9 lui permettant de multiplier les actions solidaires, aussi bien durant le Ramadan qu\u2019au-del\u00e0.\u00a0\u00ab\u00a0L\u2019objectif de notre association \u00a0est social et solidaire. Nous organisons une op\u00e9ration de rupture du je\u00fbne pendant le mois de Ramadan, chaque ann\u00e9e. L\u2019an dernier, en 2025, nous avons men\u00e9 une campagne de sensibilisation \u00e0 la s\u00e9curit\u00e9 routi\u00e8re et de don de sang. Cette ann\u00e9e, nous organiserons une campagne de sensibilisation au don de sang le 10 mars 2026, ainsi que l\u2019op\u00e9ration de rupture du je\u00fbne pendant le Ramadan\u00a0\u00bb. a soulign\u00e9 Mohamed Hamad , tr\u00e9sorier de l\u2019association. Et de poursuivre que c\u2019est \u00a0gr\u00e2ce \u00a0aux \u00a0financements des bienfaiteurs que notre association ach\u00e8te \u00a0les \u00a0repas \u00a0et tout ce qui est n\u00e9cessaire pour la rupture du je\u00fbne en faveur des familles n\u00e9cessiteuses , les personnes \u00e2g\u00e9es\u2026 \u00a0pendant \u00a0ce mois b\u00e9ni. Les Marocains sont g\u00e9n\u00e9reux et font du bien. En outre, je rends un vibrant hommage \u00e0 \u00a0tous les membres de \u00a0notre \u00a0association qui \u00a0se sont mobilis\u00e9s pour r\u00e9aliser les objectifs de l\u2019op\u00e9ration de rupture du je\u00fbne. C\u2019est une \u00e9quipe homog\u00e8ne qui se sacrifie pour pr\u00eater main forte aux personnes n\u00e9cessiteuses.\u00a0\u00bb. Et de conclure concernant le nombre des repas distribu\u00e9s chaque jour pendant la rupture du je\u00fbne ,\u00a0\u00ab\u00a0 Au d\u00e9but, le nombre de \u00a0repas \u00e9tait de 130, dont 40 \u00a0repas emport\u00e9s. Maintenant, le nombre \u00a0est de 200 ( 130 personnes \u00a0prennent le repas \u00a0sur place et 70 l\u2019emportent. Nous esp\u00e9rons maintenir le m\u00eame rythme, 200 personnes chaque jour, et augmenter le nombre , si Dieu le veut.\u00a0\u00bb\u00a0.<\/p>\n<p>\u00ab Depuis le d\u00e9but du Ramadan, nous recevons chaque soir un repas chaud pour le ftour. Tout est bien organis\u00e9 et cela nous soulage \u00e9norm\u00e9ment \u00bb, confie un homme \u00e2g\u00e9.<br \/>\nUne m\u00e8re de famille ajoute : \u00ab On me remet un panier que j\u2019emporte \u00e0 la maison pour mes enfants. Je ne peux pas les laisser seuls. Que Dieu r\u00e9compense tous ceux qui nous soutiennent. \u00bb<\/p>\n<p>Selon Hamad , l\u2019association Manabia ambitionne de signer des conventions de partenariat avec un grand nombre d\u2019op\u00e9rateurs socio\u00e9conomiques, d\u2019\u00e9lus \u2026pour aller de l\u2019avant et pr\u00eater main forte\u00a0 au plus grand nombre de personnes vivant dans la pr\u00e9carit\u00e9. En plus de\u00a0 la distribution des repas du ftour , Manabia organise un grand nombre d\u2019activit\u00e9s et de rencontre au profit des famille n\u00e9cessiteuses, des enfants\u00a0 abandonn\u00e9s de l\u2019Association Bahia , des campagnes de sensibilisation dans diff\u00e9rents domaines sportifs , culturels, sociaux\u2026<\/p>\n<p>Au fil des jours, cette dynamique solidaire a permis de cr\u00e9er un v\u00e9ritable \u00e9lan de g\u00e9n\u00e9rosit\u00e9 au sein de la communaut\u00e9 locale. Des b\u00e9n\u00e9voles, jeunes et moins jeunes, se relaient quotidiennement pour pr\u00e9parer les repas, assurer la distribution et accompagner les b\u00e9n\u00e9ficiaires dans une ambiance empreinte de respect et de dignit\u00e9. Plus qu\u2019une simple aide alimentaire, ces moments de partage deviennent des instants de r\u00e9confort humain, o\u00f9 chacun se sent \u00e9cout\u00e9 et consid\u00e9r\u00e9.<\/p>\n<p>Cette mobilisation collective contribue \u00e9galement \u00e0 renforcer les liens sociaux entre les habitants. En rassemblant citoyens, bienfaiteurs et acteurs associatifs autour d\u2019une m\u00eame cause, l\u2019initiative favorise l\u2019esprit d\u2019entraide et de responsabilit\u00e9 commune. Pour beaucoup, participer \u00e0 ces actions est une mani\u00e8re concr\u00e8te de redonner espoir aux familles fragilis\u00e9es et de cultiver les valeurs de solidarit\u00e9 qui caract\u00e9risent le mois de Ramadan.<\/p>\n<p>Forte de cette exp\u00e9rience, l\u2019association entend p\u00e9renniser ses actions tout au long de l\u2019ann\u00e9e, en d\u00e9veloppant de nouveaux projets sociaux et \u00e9ducatifs. L\u2019objectif est d\u2019inscrire cet engagement dans la dur\u00e9e afin d\u2019apporter un soutien continu aux personnes vuln\u00e9rables et de faire de la solidarit\u00e9 un v\u00e9ritable levier de d\u00e9veloppement local, au service de toute la population de Beni Mellal et de sa r\u00e9gion.<\/p>\n<p>SAID FRIX alm<\/p>\n","protected":false},"excerpt":{"rendered":"<p>\u00c0 l\u2019occasion du mois sacr\u00e9 de Ramadan, de nombreuses associations se mobilisent pour venir en aide aux plus d\u00e9munis en proposant des repas collectifs de rupture du je\u00fbne. \u00c0 Beni Mellal, cette solidarit\u00e9 prend tout son sens gr\u00e2ce \u00e0 l\u2019engagement d\u2019acteurs locaux, dont la jeune Association Manabia Beni Mellal-Kh\u00e9nifra. Plus de 200 repas sont distribu\u00e9s [&hellip;]<\/p>\n","protected":false},"author":4,"featured_media":1746,"comment_status":"open","ping_status":"open","sticky":false,"template":"","format":"standard","meta":{"footnotes":""},"categories":[1],"tags":[],"class_list":["post-3602","post","type-post","status-publish","format-standard","has-post-thumbnail","hentry","category-1"],"_links":{"self":[{"href":"https:\/\/pressmedias.ma\/index.php?rest_route=\/wp\/v2\/posts\/3602","targetHints":{"allow":["GET"]}}],"collection":[{"href":"https:\/\/pressmedias.ma\/index.php?rest_route=\/wp\/v2\/posts"}],"about":[{"href":"https:\/\/pressmedias.ma\/index.php?rest_route=\/wp\/v2\/types\/post"}],"author":[{"embeddable":true,"href":"https:\/\/pressmedias.ma\/index.php?rest_route=\/wp\/v2\/users\/4"}],"replies":[{"embeddable":true,"href":"https:\/\/pressmedias.ma\/index.php?rest_route=%2Fwp%2Fv2%2Fcomments&post=3602"}],"version-history":[{"count":1,"href":"https:\/\/pressmedias.ma\/index.php?rest_route=\/wp\/v2\/posts\/3602\/revisions"}],"predecessor-version":[{"id":3603,"href":"https:\/\/pressmedias.ma\/index.php?rest_route=\/wp\/v2\/posts\/3602\/revisions\/3603"}],"wp:featuredmedia":[{"embeddable":true,"href":"https:\/\/pressmedias.ma\/index.php?rest_route=\/wp\/v2\/media\/1746"}],"wp:attachment":[{"href":"https:\/\/pressmedias.ma\/index.php?rest_route=%2Fwp%2Fv2%2Fmedia&parent=3602"}],"wp:term":[{"taxonomy":"category","embeddable":true,"href":"https:\/\/pressmedias.ma\/index.php?rest_route=%2Fwp%2Fv2%2Fcategories&post=3602"},{"taxonomy":"post_tag","embeddable":true,"href":"https:\/\/pressmedias.ma\/index.php?rest_route=%2Fwp%2Fv2%2Ftags&post=3602"}],"curies":[{"name":"wp","href":"https:\/\/api.w.org\/{rel}","templated":true}]}}