{"id":3607,"date":"2026-03-05T01:44:46","date_gmt":"2026-03-05T00:44:46","guid":{"rendered":"https:\/\/pressmedias.ma\/?p=3607"},"modified":"2026-03-05T01:44:46","modified_gmt":"2026-03-05T00:44:46","slug":"solidarite-et-cohesion-sociale-au-coeur-de-loperation-ramadan","status":"publish","type":"post","link":"https:\/\/pressmedias.ma\/?p=3607","title":{"rendered":"Solidarit\u00e9 et coh\u00e9sion sociale au c\u0153ur de l\u2019op\u00e9ration Ramadan"},"content":{"rendered":"<p>Le gouverneur de la province, de Fquih Ben Salah, Mohamed Karnachi, a pr\u00e9sid\u00e9,\u00a0 lundi 23 f\u00e9vrier 2026, la c\u00e9r\u00e9monie officielle de lancement de l\u2019op\u00e9ration de distribution du panier Ramadan 1447 H, destin\u00e9e \u00e0 soutenir les familles en situation de pr\u00e9carit\u00e9 \u00e0 travers les diff\u00e9rentes communes de la province.8955 \u00a0m\u00e9nages \u00a0en ont b\u00e9n\u00e9fici\u00e9 au niveau provincial et 84048 \u00e0 l\u2019\u00e9chelle de la r\u00e9gion de Beni Mellal kh\u00e9nifra.<\/p>\n<p>Cette op\u00e9ration solidaire \u00a0a port\u00e9 sur un total de 8 955 \u00a0\u00a0b\u00e9n\u00e9ficiaires, dont 1 795 en milieu urbain et 7 160 en milieu rural, dans le cadre des efforts sociaux visant \u00e0 consolider les valeurs d\u2019entraide, de solidarit\u00e9 et de coh\u00e9sion durant le mois sacr\u00e9 de Ramadan.<\/p>\n<p><strong>En milieu urbain,<\/strong> \u00a0\u00e0 la province de Fquih Ben Salah ,l\u2019op\u00e9ration \u00a0a cibl\u00e9 599 \u00a0m\u00e9nages au Pachalik de Fquih Ben Salah, 598 familles au Pachalik de Souk Sebt et 598 familles au Pachalik d\u2019Ouled Ayad. <strong>En milieu rural<\/strong>, elle \u00a0a\u00a0 port\u00e9 sur \u00a0888 familles relevant du Ca\u00efdat de Beni Amir Est, 1 193 familles du Ca\u00efdat de Beni Oukil, 754 familles du Ca\u00efdat d\u2019El Bradia, 746 familles du Ca\u00efdat de Beni Amir Ouest, 585 familles du Ca\u00efdat d\u2019Ouled zmam, 608 familles du Ca\u00efdat de Sidi A\u00efssa, 636 familles du Ca\u00efdat de Beni Moussa, 596 familles du Ca\u00efdat de Dar Oulad Zidouh, 558 familles du Ca\u00efdat d\u2019Ouled Naceur et 596 familles du Ca\u00efdat de Had Boumoussa.<\/p>\n<p>Cette action s\u2019inscrit dans le cadre de l\u2019initiative nationale \u00ab Ramadan 1447 H \u00bb, dont le lancement a \u00e9t\u00e9 donn\u00e9 par Sa Majest\u00e9 le Roi Mohammed VI, accompagn\u00e9 de Son Altesse Royale le Prince H\u00e9ritier Moulay El Hassan, dans la ville de Sal\u00e9, initiative organis\u00e9e par la Fondation Mohammed V pour la Solidarit\u00e9 \u00e0 l\u2019occasion du mois b\u00e9ni de Ramadan.<\/p>\n<p>Rappelons qu\u2019au niveau de la province de Khouribga, cette op\u00e9ration a b\u00e9n\u00e9fici\u00e9 \u00e0 10548 familles, \u00e0 Kh\u00e9nifra le nombre des b\u00e9n\u00e9ficiaires est de 17700, \u00e0 Beni Mellal 16429 b\u00e9n\u00e9ficiaires\u00a0 , \u00e0 Azilal 30416. Notons \u00a0qu\u2019\u00e0 l\u2019\u00e9chelle nationale, cette op\u00e9ration solidaire profite \u00e0 environ 4 362 732 b\u00e9n\u00e9ficiaires dans le cadre de sa vingt-huiti\u00e8me \u00e9dition. Une enveloppe budg\u00e9taire avoisinant 305 millions de dirhams a \u00e9t\u00e9 mobilis\u00e9e pour assurer la distribution de 34 550 tonnes de denr\u00e9es alimentaires de base, comprenant notamment la farine, le lait, le riz, l\u2019huile, le sucre, les p\u00e2tes alimentaires, les lentilles, le th\u00e9 et le concentr\u00e9 de tomate.<\/p>\n<p>Cette initiative humanitaire traduit la Haute sollicitude royale constante envers les cat\u00e9gories sociales vuln\u00e9rables, rappelant que la mobilisation de l\u2019ensemble des services administratifs, des autorit\u00e9s locales et des acteurs associatifs demeure essentielle pour garantir la r\u00e9ussite de l\u2019op\u00e9ration et l\u2019acheminement de l\u2019aide dans les meilleures conditions de transparence et d\u2019efficacit\u00e9.<\/p>\n<p>Les op\u00e9rations de distribution se sont d\u00e9roul\u00e9es dans un climat d\u2019organisation et de coordination, gr\u00e2ce \u00e0 l\u2019implication des commissions locales charg\u00e9es de l\u2019identification des b\u00e9n\u00e9ficiaires et du suivi logistique, permettant d\u2019assurer une couverture \u00e9quitable des diff\u00e9rents territoires, notamment les zones rurales et enclav\u00e9es.<\/p>\n<p>Cette action \u00e0 forte dimension sociale illustre, une nouvelle fois, l\u2019engagement des pouvoirs publics en faveur de la justice sociale et du renforcement des m\u00e9canismes de protection des populations d\u00e9munies, contribuant ainsi \u00e0 consolider l\u2019esprit de solidarit\u00e9 qui caract\u00e9rise le mois de Ramadan et \u00e0 pr\u00e9server la dignit\u00e9 des familles b\u00e9n\u00e9ficiaires.<\/p>\n<p><strong>SAID FRIX alm<\/strong><\/p>\n","protected":false},"excerpt":{"rendered":"<p>Le gouverneur de la province, de Fquih Ben Salah, Mohamed Karnachi, a pr\u00e9sid\u00e9,\u00a0 lundi 23 f\u00e9vrier 2026, la c\u00e9r\u00e9monie officielle de lancement de l\u2019op\u00e9ration de distribution du panier Ramadan 1447 H, destin\u00e9e \u00e0 soutenir les familles en situation de pr\u00e9carit\u00e9 \u00e0 travers les diff\u00e9rentes communes de la province.8955 \u00a0m\u00e9nages \u00a0en ont b\u00e9n\u00e9fici\u00e9 au niveau provincial [&hellip;]<\/p>\n","protected":false},"author":4,"featured_media":3608,"comment_status":"open","ping_status":"open","sticky":false,"template":"","format":"standard","meta":{"footnotes":""},"categories":[1],"tags":[],"class_list":["post-3607","post","type-post","status-publish","format-standard","has-post-thumbnail","hentry","category-1"],"_links":{"self":[{"href":"https:\/\/pressmedias.ma\/index.php?rest_route=\/wp\/v2\/posts\/3607","targetHints":{"allow":["GET"]}}],"collection":[{"href":"https:\/\/pressmedias.ma\/index.php?rest_route=\/wp\/v2\/posts"}],"about":[{"href":"https:\/\/pressmedias.ma\/index.php?rest_route=\/wp\/v2\/types\/post"}],"author":[{"embeddable":true,"href":"https:\/\/pressmedias.ma\/index.php?rest_route=\/wp\/v2\/users\/4"}],"replies":[{"embeddable":true,"href":"https:\/\/pressmedias.ma\/index.php?rest_route=%2Fwp%2Fv2%2Fcomments&post=3607"}],"version-history":[{"count":1,"href":"https:\/\/pressmedias.ma\/index.php?rest_route=\/wp\/v2\/posts\/3607\/revisions"}],"predecessor-version":[{"id":3609,"href":"https:\/\/pressmedias.ma\/index.php?rest_route=\/wp\/v2\/posts\/3607\/revisions\/3609"}],"wp:featuredmedia":[{"embeddable":true,"href":"https:\/\/pressmedias.ma\/index.php?rest_route=\/wp\/v2\/media\/3608"}],"wp:attachment":[{"href":"https:\/\/pressmedias.ma\/index.php?rest_route=%2Fwp%2Fv2%2Fmedia&parent=3607"}],"wp:term":[{"taxonomy":"category","embeddable":true,"href":"https:\/\/pressmedias.ma\/index.php?rest_route=%2Fwp%2Fv2%2Fcategories&post=3607"},{"taxonomy":"post_tag","embeddable":true,"href":"https:\/\/pressmedias.ma\/index.php?rest_route=%2Fwp%2Fv2%2Ftags&post=3607"}],"curies":[{"name":"wp","href":"https:\/\/api.w.org\/{rel}","templated":true}]}}